{"id":173625,"date":"2023-11-10T10:49:00","date_gmt":"2023-11-10T09:49:00","guid":{"rendered":"https:\/\/kulturbloggen.com\/?p=173625"},"modified":"2023-11-12T14:52:17","modified_gmt":"2023-11-12T13:52:17","slug":"filmrecension-november-angar-oss-alla","status":"publish","type":"post","link":"https:\/\/kulturbloggen.com\/?p=173625","title":{"rendered":"Filmrecension: November &#8211; ang\u00e5r oss alla"},"content":{"rendered":"<p><img loading=\"lazy\" decoding=\"async\" class=\"aligncenter size-full wp-image-173628\" src=\"https:\/\/kulturbloggen.com\/wp-content\/uploads\/2023\/11\/unnamed-7.jpg\" alt=\"\" width=\"455\" height=\"650\" srcset=\"https:\/\/kulturbloggen.com\/wp-content\/uploads\/2023\/11\/unnamed-7.jpg 455w, https:\/\/kulturbloggen.com\/wp-content\/uploads\/2023\/11\/unnamed-7-210x300.jpg 210w\" sizes=\"auto, (max-width: 455px) 100vw, 455px\" \/><\/p>\n<p>November<br \/>\nBetyg 4<br \/>\nSvensk biopremi\u00e4r 10 november 2023<\/p>\n<p>En stark film som sticker ut i m\u00e4ngden. Jag tycker inte ordet &#8221;viktig&#8221; \u00e4r bra att anv\u00e4nda egentligen &#8211; kultur beh\u00f6ver inte vara viktig, men n\u00e4r det g\u00e4ller denna skildring av en jakt p\u00e5 terrorister s\u00e5 \u00e4r den b\u00e5de viktig och v\u00e4lgjord och mycket talande f\u00f6r vad som beh\u00f6ver tas upp just nu, i v\u00e5r tid.<\/p>\n<p>Filmen skildrar jakten p\u00e5 de terrorister i flera attacker i Paris s13 och 14 november 2015 d\u00f6dade minst 130 m\u00e4nniskor och skadade fler \u00e4n 350. IS, Islamiska Staten, tog p\u00e5 sig ansvaret f\u00f6r d\u00e5den. Filmen skildrar denna jakt p\u00e5 skyldiga terrorister som \u00e4r den st\u00f6ra terroristjakten i Frankrike hittills.<\/p>\n<p>Terrord\u00e5den i Paris i november 2015 var ett samordnat terrorattentat med skottlossningar och explosioner p\u00e5 sex platser i centrala Paris och i f\u00f6rorten Saint-Denis den 13 och 14 november 2015. 130 personer d\u00f6dades och \u00f6ver 350 skadades vid d\u00e5det. 89 av d\u00f6dsoffren och \u00f6ver 300 av de skadade befann sig i konsertlokalen Bataclan. Konsert l\u00e5ter skr\u00e4mmande bekant. Hamas grymma attack som startade krigstillst\u00e5ndet gentemot skedde ocks\u00e5 i samband med ett sammanhang d\u00e4r m\u00e4nniskor tr\u00e4ffas f\u00f6r att njuta av musik, vid en musikfestival.<\/p>\n<p>Filmen b\u00f6rjar med att vi f\u00e5r se hur larmtj\u00e4nsten blir \u00f6ver\u00f6st av samtal. Larm p\u00e5 larm ringer fr\u00e5n attacker spridda \u00f6ver staden. Jag minns nyheterna den dagen med rapporter om d\u00f6dsattacker mot m\u00e4nniskor vid en sportanl\u00e4ggning, kaf\u00e9er, restauranger och konsertlokalen Bataclan. Bomber och m\u00e4nniskor som sk\u00f6ts till d\u00f6ds. Den franska polisens antiterroristenheter g\u00e5r direkt upp i katastrofl\u00e4ge. Ganska snart f\u00e5r de tips om att fler terror-attacker \u00e4r planerade s\u00e5 det blir \u00e4n viktigare att f\u00e5 tag p\u00e5 de terrorister som ligger bakom allt och planerar allt. <\/p>\n<p>Vi f\u00e5r f\u00f6lja antiterrorist-enhetens kamp b\u00e5de f\u00f6r att f\u00f6rhindra fler d\u00e5d och f\u00f6r att f\u00e5 tag p\u00e5 de skyldiga. Terroristerna sprider falska uppgifter som g\u00f6r att antiterrorist-enheten tror att en av ledarna har d\u00f6dats. <\/p>\n<p>I ett pressmeddelande om filmen ber\u00e4ttas att av respekt f\u00f6r de d\u00f6da och efterlevande visas inte illg\u00e4rningarna. Det \u00e4r ett stort plus f\u00f6r filmen av andra sk\u00e4l ocks\u00e5. Vi beh\u00f6ver inte se alla hemskheter f\u00f6r att f\u00f6rst\u00e5 vad terrorism inneb\u00e4r. Det g\u00f6r att det blir \u00e4nnu mer fokus p\u00e5 sj\u00e4lva jakten p\u00e5 terroristerna.<\/p>\n<p>Filmen fokuserar p\u00e5 jakten och till skillnad fr\u00e5n m\u00e5nga Hollywood-produkter \u00e4r det mer gruppen som helhet \u00e4n de enskilda poliserna eller milit\u00e4rerna vi f\u00f6ljer \u00e4ven om vi f\u00e5r f\u00f6lja tv\u00e5-tre av dessa polism\u00e4n och poliskvinnor lite n\u00e4rmare. Men det handlar inte om dem som privatpersoner. V\u00e4ldigt lite av deras privatliv exponeras. Jag tycker det fungerar v\u00e4ldigt bra. Det g\u00f6r att filmen k\u00e4nns aktuell, trov\u00e4rdig och jag f\u00e5r en k\u00e4nsla av att vara med d\u00e4r, mitt i hetsen.<\/p>\n<p>Ett annat plus \u00e4r att filmen l\u00e5ter oss slippa komma alltf\u00f6r n\u00e4r terroristerna. Vi beh\u00f6ver inte veta vad som gjort dem s\u00e5 hatfyllda att de utan att blinka d\u00f6dar hundratals m\u00e4nniskor som de inte ens k\u00e4nner. F\u00f6r de finns m\u00e4nniskor som har sv\u00e5ra f\u00f6rh\u00e5llanden men inte v\u00e4ljer att bli terrorist. Vi har ocks\u00e5 en enorm hj\u00e4lte i filmen, en privatperson som v\u00e5gar ber\u00e4tta vad hon vet och sett, trots att hon uts\u00e4tter sig f\u00f6r fara.<\/p>\n<p>November \u00e4r sp\u00e4nnande och ang\u00e5r oss alla. Filmen \u00e4r extra aktuell idag, n\u00e4r en terror-organisation som Hamas startat ett krigstillst\u00e5nd i Israel. Denna film \u00e4r en p\u00e5minnelse om att kampen mot terrorism \u00e4r lika viktig idag som f\u00f6r \u00e5tta \u00e5r sedan.<\/p>\n<p><iframe loading=\"lazy\" width=\"560\" height=\"315\" src=\"https:\/\/www.youtube.com\/embed\/vypikJ8lO_M?si=itQMShLYxJk3RBF6\" title=\"YouTube video player\" frameborder=\"0\" allow=\"accelerometer; autoplay; clipboard-write; encrypted-media; gyroscope; picture-in-picture; web-share\" allowfullscreen><\/iframe><\/p>\n","protected":false},"excerpt":{"rendered":"<p>November Betyg 4 Svensk biopremi\u00e4r 10 november 2023 En stark film som sticker ut i m\u00e4ngden. Jag tycker inte ordet &#8221;viktig&#8221; \u00e4r bra att anv\u00e4nda egentligen &#8211; kultur beh\u00f6ver inte vara viktig, men n\u00e4r det g\u00e4ller denna skildring av en jakt p\u00e5 terrorister s\u00e5 \u00e4r den b\u00e5de viktig och v\u00e4lgjord och mycket talande f\u00f6r vad [&hellip;]<\/p>\n","protected":false},"author":2,"featured_media":0,"comment_status":"closed","ping_status":"closed","sticky":false,"template":"","format":"standard","meta":{"_genesis_hide_title":false,"_genesis_hide_breadcrumbs":false,"_genesis_hide_singular_image":false,"_genesis_hide_footer_widgets":false,"_genesis_custom_body_class":"","_genesis_custom_post_class":"","_genesis_layout":"","footnotes":""},"categories":[50,51,16,20,13624],"tags":[],"class_list":{"0":"post-173625","1":"post","2":"type-post","3":"status-publish","4":"format-standard","6":"category-filmfilm","7":"category-filmer","8":"category-recension","9":"category-film","10":"category-toppnytt","11":"entry"},"_links":{"self":[{"href":"https:\/\/kulturbloggen.com\/index.php?rest_route=\/wp\/v2\/posts\/173625","targetHints":{"allow":["GET"]}}],"collection":[{"href":"https:\/\/kulturbloggen.com\/index.php?rest_route=\/wp\/v2\/posts"}],"about":[{"href":"https:\/\/kulturbloggen.com\/index.php?rest_route=\/wp\/v2\/types\/post"}],"author":[{"embeddable":true,"href":"https:\/\/kulturbloggen.com\/index.php?rest_route=\/wp\/v2\/users\/2"}],"replies":[{"embeddable":true,"href":"https:\/\/kulturbloggen.com\/index.php?rest_route=%2Fwp%2Fv2%2Fcomments&post=173625"}],"version-history":[{"count":24,"href":"https:\/\/kulturbloggen.com\/index.php?rest_route=\/wp\/v2\/posts\/173625\/revisions"}],"predecessor-version":[{"id":173744,"href":"https:\/\/kulturbloggen.com\/index.php?rest_route=\/wp\/v2\/posts\/173625\/revisions\/173744"}],"wp:attachment":[{"href":"https:\/\/kulturbloggen.com\/index.php?rest_route=%2Fwp%2Fv2%2Fmedia&parent=173625"}],"wp:term":[{"taxonomy":"category","embeddable":true,"href":"https:\/\/kulturbloggen.com\/index.php?rest_route=%2Fwp%2Fv2%2Fcategories&post=173625"},{"taxonomy":"post_tag","embeddable":true,"href":"https:\/\/kulturbloggen.com\/index.php?rest_route=%2Fwp%2Fv2%2Ftags&post=173625"}],"curies":[{"name":"wp","href":"https:\/\/api.w.org\/{rel}","templated":true}]}}