{"id":173333,"date":"2023-10-30T14:51:23","date_gmt":"2023-10-30T13:51:23","guid":{"rendered":"https:\/\/kulturbloggen.com\/?p=173333"},"modified":"2023-10-30T14:51:23","modified_gmt":"2023-10-30T13:51:23","slug":"vardet-av-bokforsaljning-i-sverige-ar-oforandrat-med-antalet-bocker-som-saljs-ar-farre","status":"publish","type":"post","link":"https:\/\/kulturbloggen.com\/?p=173333","title":{"rendered":"V\u00e4rdet av bokf\u00f6rs\u00e4ljning i Sverige \u00e4r of\u00f6r\u00e4ndrat med antalet b\u00f6cker som s\u00e4ljs \u00e4r f\u00e4rre"},"content":{"rendered":"<figure id=\"attachment_173338\" aria-describedby=\"caption-attachment-173338\" style=\"width: 200px\" class=\"wp-caption aligncenter\"><img loading=\"lazy\" decoding=\"async\" class=\"size-full wp-image-173338\" src=\"https:\/\/kulturbloggen.com\/wp-content\/uploads\/2023\/10\/mirage.jpg\" alt=\"\" width=\"200\" height=\"298\" \/><figcaption id=\"caption-attachment-173338\" class=\"wp-caption-text\">Mirage av Camilla L\u00e4ckberg och Henrik Fexeus det mest s\u00e5lda verket.<\/figcaption><\/figure>\n<p>V\u00e4rdet av bokf\u00f6rs\u00e4ljningen var of\u00f6r\u00e4ndrat under \u00e5rets f\u00f6rsta nio m\u00e5nader, j\u00e4mf\u00f6rt med samma period 2022. Samtidigt fortsatte antalet s\u00e5lda tryckta b\u00f6cker och antalet str\u00f6mningar av digitala b\u00f6cker att sjunka. Det visar \u00e5rets tredje Bokf\u00f6rs\u00e4ljningsstatistik, som publiceras av Svenska F\u00f6rl\u00e4ggaref\u00f6reningen och Svenska Bokhandlaref\u00f6reningen.<\/p>\n<p>Ett pressmeddelande ber\u00e4ttar:<br \/>\nRapporten visar att f\u00f6rs\u00e4ljningen uppgick till totalt 3,49 miljarder kronor under januari-september, en \u00f6kning med 0,5 procent. Det \u00e4r det n\u00e4st h\u00f6gsta f\u00f6rs\u00e4ljningsv\u00e4rdet f\u00f6r de tre f\u00f6rsta kvartalen de senaste sex \u00e5ren.<\/p>\n<p>Bokf\u00f6rs\u00e4ljningen i internetbokhandeln, som i rapporten \u00e4r sammanslagen med bokklubbarna, minskade med 104 miljoner kronor eller 6,7 procent. Det var den st\u00f6rsta f\u00f6rs\u00e4ljningskanalen med en marknadsandel p\u00e5 41,8 procent. Fysisk bokhandel \u00f6kade med 20 miljoner kronor eller 2,9 procent. Dess marknadsandel steg till 20,6 procent fr\u00e5n 20,1 procent samma period i fjol. De digitala abonnemangstj\u00e4nsterna \u00f6kade med 103,9 miljoner kronor, motsvarande en tillv\u00e4xttakt p\u00e5 9,8 procent. Abonnemangstj\u00e4nsternas marknadsandel har vuxit \u00e5r f\u00f6r \u00e5r och uppgick januari-september 2023 till 33,5 procent, mer \u00e4n dubbelt s\u00e5 stor som 2018.<\/p>\n<p>Den totala f\u00f6rs\u00e4ljningen av tryckta b\u00f6cker gick ned med 3,6 procent, vilket motsvarade 86 miljoner kronor. Inbundna b\u00f6cker minskade med 5,1 procent och \u00f6vriga tryckta format, s\u00e5som danskt band och halvklotband, minskade med 7,9 procent. Pocketf\u00f6rs\u00e4ljningen \u00f6kade med 3,1 procent. R\u00e4knat i antal s\u00e5lda exemplar minskade de tryckta b\u00f6ckerna med 7,1 procent eller drygt 1,2 miljoner exemplar.<\/p>\n<p>Antalet str\u00f6mningar av digitala b\u00f6cker i abonnemangstj\u00e4nsterna minskade med 2,2 procent.<\/p>\n<p>F\u00f6rs\u00e4ljningen av utl\u00e4ndska titlar \u00f6kade med en tillv\u00e4xttakt p\u00e5 6,6 procent. De stod f\u00f6r 17,6 procent av marknaden.<\/p>\n<p>I rapporten publiceras ocks\u00e5 verkstopplistorna f\u00f6r det tredjekvartalet, listor som redovisar ett verks samlade f\u00f6rs\u00e4ljning i alla format. Under de tre f\u00f6rsta m\u00e5naderna av \u00e5ret var Mirage av Camilla L\u00e4ckberg och Henrik Fexeus det mest s\u00e5lda verket. Det mest s\u00e5lda facklitter\u00e4ra verket var Sveriges Rikes Lag 2023, och det mest s\u00e5lda barn- och ungdomsverket var Musse och Helium. Uppdrag p\u00e5 djupt vatten av Camilla Brinck.<\/p>\n<p><a href=\"https:\/\/mcusercontent.com\/fdbcfc8857cb40f90bd35fdd0\/files\/6ad64cc1-3857-3d31-506a-8b0981a59fa4\/Bokf\u00f6rs\u00e4ljningsstatistiken_2023_Kvartalsrapport_Q3.pdf\">H\u00e4r kan du l\u00e4sa rapporten om bokf\u00f6rs\u00e4ljningen.<\/a><\/p>\n","protected":false},"excerpt":{"rendered":"<p>V\u00e4rdet av bokf\u00f6rs\u00e4ljningen var of\u00f6r\u00e4ndrat under \u00e5rets f\u00f6rsta nio m\u00e5nader, j\u00e4mf\u00f6rt med samma period 2022. Samtidigt fortsatte antalet s\u00e5lda tryckta b\u00f6cker och antalet str\u00f6mningar av digitala b\u00f6cker att sjunka. Det visar \u00e5rets tredje Bokf\u00f6rs\u00e4ljningsstatistik, som publiceras av Svenska F\u00f6rl\u00e4ggaref\u00f6reningen och Svenska Bokhandlaref\u00f6reningen. Ett pressmeddelande ber\u00e4ttar: Rapporten visar att f\u00f6rs\u00e4ljningen uppgick till totalt 3,49 miljarder kronor [&hellip;]<\/p>\n","protected":false},"author":13,"featured_media":0,"comment_status":"closed","ping_status":"closed","sticky":false,"template":"","format":"standard","meta":{"_genesis_hide_title":false,"_genesis_hide_breadcrumbs":false,"_genesis_hide_singular_image":false,"_genesis_hide_footer_widgets":false,"_genesis_custom_body_class":"","_genesis_custom_post_class":"","_genesis_layout":"","footnotes":""},"categories":[62,3,13624],"tags":[],"class_list":{"0":"post-173333","1":"post","2":"type-post","3":"status-publish","4":"format-standard","6":"category-medie-och-kulturpolitik","7":"category-litteratur","8":"category-toppnytt","9":"entry"},"_links":{"self":[{"href":"https:\/\/kulturbloggen.com\/index.php?rest_route=\/wp\/v2\/posts\/173333","targetHints":{"allow":["GET"]}}],"collection":[{"href":"https:\/\/kulturbloggen.com\/index.php?rest_route=\/wp\/v2\/posts"}],"about":[{"href":"https:\/\/kulturbloggen.com\/index.php?rest_route=\/wp\/v2\/types\/post"}],"author":[{"embeddable":true,"href":"https:\/\/kulturbloggen.com\/index.php?rest_route=\/wp\/v2\/users\/13"}],"replies":[{"embeddable":true,"href":"https:\/\/kulturbloggen.com\/index.php?rest_route=%2Fwp%2Fv2%2Fcomments&post=173333"}],"version-history":[{"count":5,"href":"https:\/\/kulturbloggen.com\/index.php?rest_route=\/wp\/v2\/posts\/173333\/revisions"}],"predecessor-version":[{"id":173341,"href":"https:\/\/kulturbloggen.com\/index.php?rest_route=\/wp\/v2\/posts\/173333\/revisions\/173341"}],"wp:attachment":[{"href":"https:\/\/kulturbloggen.com\/index.php?rest_route=%2Fwp%2Fv2%2Fmedia&parent=173333"}],"wp:term":[{"taxonomy":"category","embeddable":true,"href":"https:\/\/kulturbloggen.com\/index.php?rest_route=%2Fwp%2Fv2%2Fcategories&post=173333"},{"taxonomy":"post_tag","embeddable":true,"href":"https:\/\/kulturbloggen.com\/index.php?rest_route=%2Fwp%2Fv2%2Ftags&post=173333"}],"curies":[{"name":"wp","href":"https:\/\/api.w.org\/{rel}","templated":true}]}}