{"id":17325,"date":"2010-02-04T07:34:28","date_gmt":"2010-02-04T06:34:28","guid":{"rendered":"http:\/\/kulturbloggen.com\/?p=17325"},"modified":"2010-02-04T07:34:28","modified_gmt":"2010-02-04T06:34:28","slug":"journalisten-som-granskar-politiker-pa-twitter-svarar-inte-sjalv-pa-twitter-konsten-att-kasta-sten-i-glashus","status":"publish","type":"post","link":"https:\/\/kulturbloggen.com\/?p=17325","title":{"rendered":"Journalisten som granskar politiker p\u00e5 Twitter svarar inte sj\u00e4lv p\u00e5 Twitter &#8211; konsten att kasta sten i glashus"},"content":{"rendered":"<p><a href=\"http:\/\/kulturbloggen.com\/wp-content\/uploads\/2009\/05\/twitter290.jpg\"><img loading=\"lazy\" decoding=\"async\" src=\"http:\/\/kulturbloggen.com\/wp-content\/uploads\/2009\/05\/twitter290.jpg\" alt=\"twitter290\" title=\"twitter290\" width=\"290\" height=\"200\" class=\"aligncenter size-full wp-image-9961\" \/><\/a><br \/>\nUnder rubriken <a href=\"http:\/\/www.svd.se\/nyheter\/inrikes\/politiker-nobbar-twitterkontakter_4195547.svd\">&#8221;Politiker nobbar Twitterkontakter\u201d kan man i SvD<\/a> l\u00e4sa om hur en fejkad twitteranv\u00e4ndare, @Max_Emil, ska ha kontaktat samtliga riksdagsledam\u00f6ter med twitterprofil och st\u00e4llt fr\u00e5gor till dem. Jag blev v\u00e4ldigt f\u00f6rv\u00e5nad n\u00e4r jag h\u00f6rde det, d\u00e5 jag \u2013 efter att en g\u00e5ng ha missat svara en \u201driktig person\u201d \u2013 l\u00e4rt mig av mina misstag. En snabb kontroll visade dock att denna fejkade \u201dpresumtiva v\u00e4ljare\u201d, som de kallar honom, aldrig hade st\u00e4llt n\u00e5gon fr\u00e5ga till mig.<br \/>\nDet var fler ledam\u00f6ter som inte f\u00e5tt fr\u00e5gor, och det var dessutom ett antal personer som inte l\u00e4ngre \u00e4r ledam\u00f6ter som hade f\u00e5tt fr\u00e5gan. Slarvigt, kan man tycka, speciellt n\u00e4r artikeln antog en kritisk ton och slog r\u00e4tt h\u00e5rda puckar p\u00e5 de som inte svarat. Man fick dessutom nogsamt se hur m\u00e5nga minuter det tagit f\u00f6r de duktiga ledam\u00f6terna att svara.<br \/>\nJag tweetade till Martin J\u00f6nsson, redaktionschef p\u00e5 SvD som p\u00e5 endast n\u00e5gra minuter svarade och h\u00e4nvisade mig till journalisten, Tobias Brandel. S\u00e5, f\u00f6r 8 timmar sedan gjorde jag f\u00f6ljande inl\u00e4gg p\u00e5 Twitter: @Tobias_Brandel Hej d\u00e4r, varf\u00f6r skriver ni i tidningen att ni tillskrivit alla riksdagsledam\u00f6ter p\u00e5 twitter n\u00e4r ni missat mig med flera?<\/p>\n<p>Beh\u00f6ver jag s\u00e4ga att jag inte f\u00e5tt n\u00e5got svar?<\/p>\n<p>Vissa \u00e4ndringar har skett i artikeln, vad g\u00e4ller minutangivelserna p\u00e5 svaren, men inte n\u00e5got om att man helt enkelt inte alls tillskrev samtliga ledam\u00f6ter. N\u00e5got som faktiskt hela artikeln byggde p\u00e5.<\/p>\n<p>K\u00e4nns som att begreppet \u201dLeva som man l\u00e4r\u201d \u00e4ven borde inkludera journalister. Det borde \u00e5tminstone vara rimligt att h\u00e5lla koll p\u00e5 sitt eget twitterkonto just den dagen som man attackerar andra att inte g\u00f6ra det.<\/p>\n<p><a href=\"http:\/\/helenpettersson.blogspot.com\/2010\/02\/seriost.html\">Helen Pettersson<br \/>\nsom ocks\u00e5 bloggar h\u00e4r.<\/a><\/p>\n<p>L\u00e4s \u00e4ven andra bloggares \u00e5sikter om <a href=\"http:\/\/bloggar.se\/om\/twitter\" rel=\"tag\">twitter<\/a>, <a href=\"http:\/\/bloggar.se\/om\/politik\" rel=\"tag\">politik<\/a>, <a href=\"http:\/\/bloggar.se\/om\/journalistik\" rel=\"tag\">journalistik<\/a><\/p>\n","protected":false},"excerpt":{"rendered":"<p>Under rubriken &#8221;Politiker nobbar Twitterkontakter\u201d kan man i SvD l\u00e4sa om hur en fejkad twitteranv\u00e4ndare, @Max_Emil, ska ha kontaktat samtliga riksdagsledam\u00f6ter med twitterprofil och st\u00e4llt fr\u00e5gor till dem. Jag blev v\u00e4ldigt f\u00f6rv\u00e5nad n\u00e4r jag h\u00f6rde det, d\u00e5 jag \u2013 efter att en g\u00e5ng ha missat svara en \u201driktig person\u201d \u2013 l\u00e4rt mig av mina misstag. [&hellip;]<\/p>\n","protected":false},"author":13,"featured_media":0,"comment_status":"open","ping_status":"open","sticky":false,"template":"","format":"standard","meta":{"_genesis_hide_title":false,"_genesis_hide_breadcrumbs":false,"_genesis_hide_singular_image":false,"_genesis_hide_footer_widgets":false,"_genesis_custom_body_class":"","_genesis_custom_post_class":"","_genesis_layout":"","footnotes":""},"categories":[62],"tags":[2765,12284,6045],"class_list":{"0":"post-17325","1":"post","2":"type-post","3":"status-publish","4":"format-standard","6":"category-medie-och-kulturpolitik","7":"tag-journalistik","8":"tag-politik","9":"tag-twitter","10":"entry"},"_links":{"self":[{"href":"https:\/\/kulturbloggen.com\/index.php?rest_route=\/wp\/v2\/posts\/17325","targetHints":{"allow":["GET"]}}],"collection":[{"href":"https:\/\/kulturbloggen.com\/index.php?rest_route=\/wp\/v2\/posts"}],"about":[{"href":"https:\/\/kulturbloggen.com\/index.php?rest_route=\/wp\/v2\/types\/post"}],"author":[{"embeddable":true,"href":"https:\/\/kulturbloggen.com\/index.php?rest_route=\/wp\/v2\/users\/13"}],"replies":[{"embeddable":true,"href":"https:\/\/kulturbloggen.com\/index.php?rest_route=%2Fwp%2Fv2%2Fcomments&post=17325"}],"version-history":[{"count":0,"href":"https:\/\/kulturbloggen.com\/index.php?rest_route=\/wp\/v2\/posts\/17325\/revisions"}],"wp:attachment":[{"href":"https:\/\/kulturbloggen.com\/index.php?rest_route=%2Fwp%2Fv2%2Fmedia&parent=17325"}],"wp:term":[{"taxonomy":"category","embeddable":true,"href":"https:\/\/kulturbloggen.com\/index.php?rest_route=%2Fwp%2Fv2%2Fcategories&post=17325"},{"taxonomy":"post_tag","embeddable":true,"href":"https:\/\/kulturbloggen.com\/index.php?rest_route=%2Fwp%2Fv2%2Ftags&post=17325"}],"curies":[{"name":"wp","href":"https:\/\/api.w.org\/{rel}","templated":true}]}}