{"id":17316,"date":"2010-02-03T23:50:08","date_gmt":"2010-02-03T22:50:08","guid":{"rendered":"http:\/\/kulturbloggen.com\/?p=17316"},"modified":"2010-02-03T23:50:08","modified_gmt":"2010-02-03T22:50:08","slug":"stora-bloggpriset-eller-den-bloggvarldens-dekadens","status":"publish","type":"post","link":"https:\/\/kulturbloggen.com\/?p=17316","title":{"rendered":"Stora Bloggpriset eller bloggv\u00e4rldens dekadens"},"content":{"rendered":"<p><a href=\"http:\/\/kulturbloggen.com\/wp-content\/uploads\/2010\/02\/Bild_12_1127361l.jpg\"><img loading=\"lazy\" decoding=\"async\" src=\"http:\/\/kulturbloggen.com\/wp-content\/uploads\/2010\/02\/Bild_12_1127361l-300x140.jpg\" alt=\"Bild_12_1127361l\" title=\"Bild_12_1127361l\" width=\"300\" height=\"140\" class=\"alignright size-medium wp-image-17317\" \/><\/a><\/p>\n<p>Dessa prisutdelningar&#8230; n\u00e4r man f\u00e5r g\u00e5 hem prisl\u00f6s \u00e4r de v\u00e4rre \u00e4n vilken Oscars-gala som helst. F\u00f6r andra \u00e5ret i rad blev vi nominerade i klassen b\u00e4sta blogg i kultur- och n\u00f6jesklassen men fick se oss besegrade av, i det h\u00e4r fallet, 365 dagar (som visserligen s\u00e4kert f\u00f6rtj\u00e4nar priset tio miljoner g\u00e5nger mer \u00e4n oss&#8230; och \u00e4nd\u00e5 blir man s\u00e5 frustrerad!).<\/p>\n<p>H\u00e4r \u00e4r alla vinnarna:<\/p>\n<p>Kultur &#038; N\u00f6je: <a href=\"http:\/\/www.365saker.se\/\">365 saker&#8230;<\/a><br \/>\nPolitik &#038; Samh\u00e4lle: <a href=\"http:\/\/farmorgun.blogspot.com\/\">Farmor Gun<\/a><br \/>\nDesign &#038; Inredning: <a href=\"http:\/\/emmas.blogg.se\/\">Emmas designblogg<\/a><br \/>\nPrylar &#038; Teknik: <a href=\"http:\/\/www.moderskeppet.se\/live\/\">Moderskeppet<\/a><br \/>\nVardagsliv &#038; Fritid: <a href=\"http:\/\/www.hejaabbe.com\/\">Heja Abbe<\/a><br \/>\nSport: <a href=\"http:\/\/ifkgoteborg.blogspot.com\/\">Bara ben p\u00e5 Glenn Hys\u00e9n<\/a><br \/>\nMode: <a href=\"http:\/\/kenzas.se\/\">Kenza<\/a><\/p>\n<p>Dessutom vann v\u00e5r k\u00e4ra utrikesminister Carl Bildt n\u00e5got hederspris..?<\/p>\n<p>Jag kan verkligen rekommendera Kenzas blogg f\u00f6r den som inte redan har sett den. Den p\u00e5minner mig lite om Lady Gaga-fenomenet&#8230; vissa \u00e4r snabba att avf\u00e4rda henne utan att ens bes\u00f6kt bloggen n\u00e4r den i sj\u00e4lva verket \u00e4r briljant. Dessutom verkar hon vara en v\u00e4ldigt trevlig person!<\/p>\n<p>F\u00f6r musiken stod The Soul Company som bland annat gjorde en grym cover p\u00e5 Britney Spears Circus.<\/p>\n<p>S\u00e5 ett stort grattis till alla vinnarna som uppenbarligen(?) \u00e4r b\u00e4ttre \u00e4n oss, och hoppas vi ses igen n\u00e4sta \u00e5r. Tredje g\u00e5ngen gillt eller vad \u00e4r det man brukar s\u00e4ga..?<\/p>\n","protected":false},"excerpt":{"rendered":"<p>Dessa prisutdelningar&#8230; n\u00e4r man f\u00e5r g\u00e5 hem prisl\u00f6s \u00e4r de v\u00e4rre \u00e4n vilken Oscars-gala som helst. F\u00f6r andra \u00e5ret i rad blev vi nominerade i klassen b\u00e4sta blogg i kultur- och n\u00f6jesklassen men fick se oss besegrade av, i det h\u00e4r fallet, 365 dagar (som visserligen s\u00e4kert f\u00f6rtj\u00e4nar priset tio miljoner g\u00e5nger mer \u00e4n oss&#8230; [&hellip;]<\/p>\n","protected":false},"author":3,"featured_media":0,"comment_status":"open","ping_status":"open","sticky":false,"template":"","format":"standard","meta":{"_genesis_hide_title":false,"_genesis_hide_breadcrumbs":false,"_genesis_hide_singular_image":false,"_genesis_hide_footer_widgets":false,"_genesis_custom_body_class":"","_genesis_custom_post_class":"","_genesis_layout":"","footnotes":""},"categories":[20],"tags":[480,744,2101],"class_list":{"0":"post-17316","1":"post","2":"type-post","3":"status-publish","4":"format-standard","6":"category-film","7":"tag-b-kandisar","8":"tag-bloggvarldens-dekandens","9":"tag-groteskhet","10":"entry"},"_links":{"self":[{"href":"https:\/\/kulturbloggen.com\/index.php?rest_route=\/wp\/v2\/posts\/17316","targetHints":{"allow":["GET"]}}],"collection":[{"href":"https:\/\/kulturbloggen.com\/index.php?rest_route=\/wp\/v2\/posts"}],"about":[{"href":"https:\/\/kulturbloggen.com\/index.php?rest_route=\/wp\/v2\/types\/post"}],"author":[{"embeddable":true,"href":"https:\/\/kulturbloggen.com\/index.php?rest_route=\/wp\/v2\/users\/3"}],"replies":[{"embeddable":true,"href":"https:\/\/kulturbloggen.com\/index.php?rest_route=%2Fwp%2Fv2%2Fcomments&post=17316"}],"version-history":[{"count":0,"href":"https:\/\/kulturbloggen.com\/index.php?rest_route=\/wp\/v2\/posts\/17316\/revisions"}],"wp:attachment":[{"href":"https:\/\/kulturbloggen.com\/index.php?rest_route=%2Fwp%2Fv2%2Fmedia&parent=17316"}],"wp:term":[{"taxonomy":"category","embeddable":true,"href":"https:\/\/kulturbloggen.com\/index.php?rest_route=%2Fwp%2Fv2%2Fcategories&post=17316"},{"taxonomy":"post_tag","embeddable":true,"href":"https:\/\/kulturbloggen.com\/index.php?rest_route=%2Fwp%2Fv2%2Ftags&post=17316"}],"curies":[{"name":"wp","href":"https:\/\/api.w.org\/{rel}","templated":true}]}}