{"id":172773,"date":"2023-10-17T13:39:00","date_gmt":"2023-10-17T12:39:00","guid":{"rendered":"https:\/\/kulturbloggen.com\/?p=172773"},"modified":"2023-10-17T13:39:01","modified_gmt":"2023-10-17T12:39:01","slug":"forlagsbranschen-i-digital-manifestation-for-gui-minhai-den-17-oktober","status":"publish","type":"post","link":"https:\/\/kulturbloggen.com\/?p=172773","title":{"rendered":"F\u00f6rlagsbranschen i digital manifestation f\u00f6r Gui Minhai den 17 oktober"},"content":{"rendered":"<figure id=\"attachment_172778\" aria-describedby=\"caption-attachment-172778\" style=\"width: 650px\" class=\"wp-caption aligncenter\"><img loading=\"lazy\" decoding=\"async\" class=\"size-full wp-image-172778\" src=\"https:\/\/kulturbloggen.com\/wp-content\/uploads\/2023\/10\/unnamed-3-1.jpg\" alt=\"\" width=\"650\" height=\"650\" srcset=\"https:\/\/kulturbloggen.com\/wp-content\/uploads\/2023\/10\/unnamed-3-1.jpg 650w, https:\/\/kulturbloggen.com\/wp-content\/uploads\/2023\/10\/unnamed-3-1-300x300.jpg 300w, https:\/\/kulturbloggen.com\/wp-content\/uploads\/2023\/10\/unnamed-3-1-150x150.jpg 150w\" sizes=\"auto, (max-width: 650px) 100vw, 650px\" \/><figcaption id=\"caption-attachment-172778\" class=\"wp-caption-text\">\u00c5rets Gui Minhai-bild, tecknad av Mats Jonsson.<\/figcaption><\/figure>\n<p>F\u00f6rlagsbranschen i digital manifestation f\u00f6r Gui Minhai den 17 oktober, ber\u00e4ttar ett pressmeddelande:<\/p>\n<p>17 oktober 2023 \u00e4r det \u00e5tta \u00e5r sedan den svenske f\u00f6rl\u00e4ggaren Gui Minhai frihetsber\u00f6vades. Han sitter f\u00e4ngslad i Kina, utan chans till en r\u00e4ttvis r\u00e4tteg\u00e5ng. F\u00f6r tredje \u00e5ret i rad g\u00e5r d\u00e4rf\u00f6r f\u00f6rlagsbranschen samman i en digital manifestation p\u00e5 initiativ av Svenska F\u00f6rl\u00e4ggaref\u00f6reningen. Med manifestationen vill vi uppm\u00e4rksamma Gui Minhais fall, och samtidigt rikta ljuset mot andra hotade och utsatta f\u00f6rl\u00e4ggare v\u00e4rlden \u00f6ver.<\/p>\n<p>\u2013 De som f\u00f6rtrycker och f\u00e4ngslar f\u00f6rl\u00e4ggare har bara ett m\u00e5l: tystnad. Vi som jobbar p\u00e5 svenska f\u00f6rlag m\u00e5ste p\u00e5minna v\u00e4rlden och de repressiva regimerna om att vi inte har gl\u00f6mt bort Gui Minhai och alla andra f\u00f6rl\u00e4ggare som arbetar under sv\u00e5ra omst\u00e4ndigheter. F\u00f6r oss \u00e4r det enkelt att delta i den h\u00e4r manifestationen och bidra till att Gui Minhai forts\u00e4tter synas och h\u00f6ras, s\u00e4ger Olle Lidbom fr\u00e5n Svenska F\u00f6rl\u00e4ggaref\u00f6reningens yttrandefrihetskommitt\u00e9.<\/p>\n<p>Varje \u00e5r f\u00e5r en ny konstn\u00e4r i uppdrag att teckna ett portr\u00e4tt av Gui Minhai till manifestationen. Serietecknaren Mats Jonsson har gjort \u00e5rets bild.<\/p>\n<p>\u2013 Jag ville inte teckna Gui Minhai som en idealiserad symbol f\u00f6r yttrandefriheten, utan som jag f\u00f6rest\u00e4ller mig honom innan han kidnappades och f\u00e4ngslades. H\u00e5rt arbetande, sent p\u00e5 kv\u00e4llen vid det st\u00f6kiga skrivbord som \u00e4r typiskt f\u00f6r f\u00f6rlagsarbetare i alla l\u00e4nder, i alla tider. Jag \u00f6nskar djupt att han snart f\u00e5r sitta vid sitt skrivbord igen, som en fri man, s\u00e4ger Mats Jonsson.<\/p>\n<p>Den 17 oktober uppmanar Svenska F\u00f6rl\u00e4ggaref\u00f6reningen alla f\u00f6rlag och f\u00f6rlagsanst\u00e4llda att dela bilden i sina sociala kanaler.<\/p>\n","protected":false},"excerpt":{"rendered":"<p>F\u00f6rlagsbranschen i digital manifestation f\u00f6r Gui Minhai den 17 oktober, ber\u00e4ttar ett pressmeddelande: 17 oktober 2023 \u00e4r det \u00e5tta \u00e5r sedan den svenske f\u00f6rl\u00e4ggaren Gui Minhai frihetsber\u00f6vades. Han sitter f\u00e4ngslad i Kina, utan chans till en r\u00e4ttvis r\u00e4tteg\u00e5ng. F\u00f6r tredje \u00e5ret i rad g\u00e5r d\u00e4rf\u00f6r f\u00f6rlagsbranschen samman i en digital manifestation p\u00e5 initiativ av Svenska [&hellip;]<\/p>\n","protected":false},"author":13,"featured_media":0,"comment_status":"closed","ping_status":"closed","sticky":false,"template":"","format":"standard","meta":{"_genesis_hide_title":false,"_genesis_hide_breadcrumbs":false,"_genesis_hide_singular_image":false,"_genesis_hide_footer_widgets":false,"_genesis_custom_body_class":"","_genesis_custom_post_class":"","_genesis_layout":"","footnotes":""},"categories":[62,13624],"tags":[],"class_list":{"0":"post-172773","1":"post","2":"type-post","3":"status-publish","4":"format-standard","6":"category-medie-och-kulturpolitik","7":"category-toppnytt","8":"entry"},"_links":{"self":[{"href":"https:\/\/kulturbloggen.com\/index.php?rest_route=\/wp\/v2\/posts\/172773","targetHints":{"allow":["GET"]}}],"collection":[{"href":"https:\/\/kulturbloggen.com\/index.php?rest_route=\/wp\/v2\/posts"}],"about":[{"href":"https:\/\/kulturbloggen.com\/index.php?rest_route=\/wp\/v2\/types\/post"}],"author":[{"embeddable":true,"href":"https:\/\/kulturbloggen.com\/index.php?rest_route=\/wp\/v2\/users\/13"}],"replies":[{"embeddable":true,"href":"https:\/\/kulturbloggen.com\/index.php?rest_route=%2Fwp%2Fv2%2Fcomments&post=172773"}],"version-history":[{"count":4,"href":"https:\/\/kulturbloggen.com\/index.php?rest_route=\/wp\/v2\/posts\/172773\/revisions"}],"predecessor-version":[{"id":172779,"href":"https:\/\/kulturbloggen.com\/index.php?rest_route=\/wp\/v2\/posts\/172773\/revisions\/172779"}],"wp:attachment":[{"href":"https:\/\/kulturbloggen.com\/index.php?rest_route=%2Fwp%2Fv2%2Fmedia&parent=172773"}],"wp:term":[{"taxonomy":"category","embeddable":true,"href":"https:\/\/kulturbloggen.com\/index.php?rest_route=%2Fwp%2Fv2%2Fcategories&post=172773"},{"taxonomy":"post_tag","embeddable":true,"href":"https:\/\/kulturbloggen.com\/index.php?rest_route=%2Fwp%2Fv2%2Ftags&post=172773"}],"curies":[{"name":"wp","href":"https:\/\/api.w.org\/{rel}","templated":true}]}}