{"id":17276,"date":"2010-02-03T00:11:56","date_gmt":"2010-02-02T23:11:56","guid":{"rendered":"http:\/\/kulturbloggen.com\/?p=17276"},"modified":"2010-02-03T00:11:56","modified_gmt":"2010-02-02T23:11:56","slug":"facebook-ar-nu-ett-hot-foretagen-gor-nagot-da","status":"publish","type":"post","link":"https:\/\/kulturbloggen.com\/?p=17276","title":{"rendered":"Facebook \u00e4r nu ett hot mot f\u00f6retagen &#8211; Sluta gn\u00e4ll och g\u00f6r n\u00e5got d\u00e5"},"content":{"rendered":"<p><a href=\"http:\/\/kulturbloggen.com\/wp-content\/uploads\/2010\/02\/grenade_m26a1_fragmentation.png\"><img loading=\"lazy\" decoding=\"async\" class=\"aligncenter size-medium wp-image-17278\" title=\"grenade_m26a1_fragmentation\" src=\"http:\/\/kulturbloggen.com\/wp-content\/uploads\/2010\/02\/grenade_m26a1_fragmentation-185x300.png\" alt=\"grenade_m26a1_fragmentation\" width=\"185\" height=\"300\" \/><\/a><\/p>\n<p>I Svenska Dagbladet idag, hittar du en artikel om faran med sociala medier. Nu med fokus p\u00e5 f\u00f6retag.<\/p>\n<p>Riskerna \u00e4r m\u00e5nga men bottnar till syvende och sist om anv\u00e4ndarnas beteende. F\u00f6r l\u00e4tta l\u00f6senord \u00e4r ett vanligt problem.<\/p>\n<p>S\u00e4kerhetsf\u00f6retaget Sophos har unders\u00f6kt ett antal f\u00f6retag och cirka h\u00e4lften av dem till\u00e4t anst\u00e4llda att anv\u00e4nda sociala media som Facebook p\u00e5 jobbet.<\/p>\n<p>De problem som beskrivs, l\u00e4tta l\u00f6senord och n\u00e4tfiske, \u00e4r s\u00e5 pass gamla att IT avdelningarna borde \u00a0ha resurser och en plan f\u00f6r att l\u00f6sa dem. Inget snack. Utbildning av personal och ett aktivt st\u00f6d \u00e4r v\u00e4l inte f\u00f6r mycket beg\u00e4rt.<\/p>\n<p>Tyv\u00e4rr \u00e4r l\u00f6sningen ofta att helt enkelt f\u00f6rbjuda eller sp\u00e4rra webbplatser som Facebook.<\/p>\n<p>Hur skall f\u00f6retagen f\u00f6rh\u00e5lla sig? Utbildning som sagt. Framf\u00f6r allt i s\u00e4kerhet men ocks\u00e5 i hur sociala medier kan anv\u00e4ndas till nytta f\u00f6r f\u00f6retaget. Tydlighet med hur anst\u00e4llda b\u00f6r bete sig och inte bete sig, \u00a0under arbetstid i alla fall.<\/p>\n<p>Det s\u00e4msta alternativet \u00e4r ju f\u00f6rbud eftersom dialogen och utvecklingen d\u00f6r d\u00e5!<\/p>\n<p><a href=\"http:\/\/intressant.se\/intressant\">Intressant?<\/a> L\u00e4s \u00e4ven andra bloggares \u00e5sikter om <a rel=\"tag\" href=\"http:\/\/bloggar.se\/om\/S%E4kerhet\">S\u00e4kerhet<\/a>, <a rel=\"tag\" href=\"http:\/\/bloggar.se\/om\/hot\">hot<\/a>, <a rel=\"tag\" href=\"http:\/\/bloggar.se\/om\/sociala+medier\">sociala medier<\/a>, <a rel=\"tag\" href=\"http:\/\/bloggar.se\/om\/Facebook\">Facebook<\/a>, <a rel=\"tag\" href=\"http:\/\/bloggar.se\/om\/phishing\">phishing<\/a><\/p>\n","protected":false},"excerpt":{"rendered":"<p>I Svenska Dagbladet idag, hittar du en artikel om faran med sociala medier. Nu med fokus p\u00e5 f\u00f6retag. Riskerna \u00e4r m\u00e5nga men bottnar till syvende och sist om anv\u00e4ndarnas beteende. F\u00f6r l\u00e4tta l\u00f6senord \u00e4r ett vanligt problem. S\u00e4kerhetsf\u00f6retaget Sophos har unders\u00f6kt ett antal f\u00f6retag och cirka h\u00e4lften av dem till\u00e4t anst\u00e4llda att anv\u00e4nda sociala media [&hellip;]<\/p>\n","protected":false},"author":13,"featured_media":0,"comment_status":"open","ping_status":"open","sticky":false,"template":"","format":"standard","meta":{"_genesis_hide_title":false,"_genesis_hide_breadcrumbs":false,"_genesis_hide_singular_image":false,"_genesis_hide_footer_widgets":false,"_genesis_custom_body_class":"","_genesis_custom_post_class":"","_genesis_layout":"","footnotes":""},"categories":[20],"tags":[1626,2313,4351,5580,5225],"class_list":{"0":"post-17276","1":"post","2":"type-post","3":"status-publish","4":"format-standard","6":"category-film","7":"tag-facebook","8":"tag-hot","9":"tag-phishing","10":"tag-sakerhet","11":"tag-sociala-medier","12":"entry"},"_links":{"self":[{"href":"https:\/\/kulturbloggen.com\/index.php?rest_route=\/wp\/v2\/posts\/17276","targetHints":{"allow":["GET"]}}],"collection":[{"href":"https:\/\/kulturbloggen.com\/index.php?rest_route=\/wp\/v2\/posts"}],"about":[{"href":"https:\/\/kulturbloggen.com\/index.php?rest_route=\/wp\/v2\/types\/post"}],"author":[{"embeddable":true,"href":"https:\/\/kulturbloggen.com\/index.php?rest_route=\/wp\/v2\/users\/13"}],"replies":[{"embeddable":true,"href":"https:\/\/kulturbloggen.com\/index.php?rest_route=%2Fwp%2Fv2%2Fcomments&post=17276"}],"version-history":[{"count":0,"href":"https:\/\/kulturbloggen.com\/index.php?rest_route=\/wp\/v2\/posts\/17276\/revisions"}],"wp:attachment":[{"href":"https:\/\/kulturbloggen.com\/index.php?rest_route=%2Fwp%2Fv2%2Fmedia&parent=17276"}],"wp:term":[{"taxonomy":"category","embeddable":true,"href":"https:\/\/kulturbloggen.com\/index.php?rest_route=%2Fwp%2Fv2%2Fcategories&post=17276"},{"taxonomy":"post_tag","embeddable":true,"href":"https:\/\/kulturbloggen.com\/index.php?rest_route=%2Fwp%2Fv2%2Ftags&post=17276"}],"curies":[{"name":"wp","href":"https:\/\/api.w.org\/{rel}","templated":true}]}}