{"id":172445,"date":"2023-10-10T14:54:49","date_gmt":"2023-10-10T13:54:49","guid":{"rendered":"https:\/\/kulturbloggen.com\/?p=172445"},"modified":"2023-10-10T14:54:50","modified_gmt":"2023-10-10T13:54:50","slug":"konstakademien-visar-skulptursamlingar-fran-trehundra-ar","status":"publish","type":"post","link":"https:\/\/kulturbloggen.com\/?p=172445","title":{"rendered":"Konstakademien visar skulptursamlingar fr\u00e5n trehundra \u00e5r"},"content":{"rendered":"<p><img loading=\"lazy\" decoding=\"async\" class=\"aligncenter size-full wp-image-172451\" src=\"https:\/\/kulturbloggen.com\/wp-content\/uploads\/2023\/10\/unnamed.jpg\" alt=\"\" width=\"620\" height=\"650\" srcset=\"https:\/\/kulturbloggen.com\/wp-content\/uploads\/2023\/10\/unnamed.jpg 620w, https:\/\/kulturbloggen.com\/wp-content\/uploads\/2023\/10\/unnamed-286x300.jpg 286w\" sizes=\"auto, (max-width: 620px) 100vw, 620px\" \/><\/p>\n<p>Ideal i gips &#8211; Konstakademiens skulptursamlingar under trehundra \u00e5r, visas i en utst\u00e4llning i h\u00f6st.<br \/>\nEtt pressmeddelande ber\u00e4ttar:<br \/>\nKonstakademien \u00e4ger en av Europas \u00e4ldsta samlingar med gipsavgjutningar. H\u00e4r finns kopior av skulpturer, konstverk, ornament och \u00e4ven en del originalverk. De \u00e4ldsta \u00e4r fr\u00e5n 1690-talet och idag best\u00e5r samlingen av \u00f6ver \u00e5ttahundra verk. Fortfarande v\u00e4cker den laddade fr\u00e5gor om hur vi skapar \u2013 och diskuterar \u2013 konstn\u00e4rliga ideal.<\/p>\n<p>Utst\u00e4llningen visas i Konstakademiens salar 25 november 2023 \u2013 24 februari 2024. I samband med utst\u00e4llningen publiceras en katalog \u00f6ver Konstakademiens samling av drygt 900 gipsskulpturer, med texter av Eva-Lena Bengtsson, Elisabet Tebelius-Mur\u00e9n, Christina Risberg, och Svante Helmbaek Tir\u00e9n.<\/p>\n<p>Att teckna och modellera efter gipser var genom \u00e5rhundraden en viktig del av konstn\u00e4rliga utbildningar. Med gipskopior av k\u00e4nda skulpturer och konstverk gav man eleverna b\u00e5de tekniska f\u00e4rdigheter och skolning i ett konstn\u00e4rligt ideal pr\u00e4glat av antikens Grekland och Rom. S\u00e5 sm\u00e5ningom inkluderades \u00e4ven ren\u00e4ssansens och senare tiders konst som f\u00f6red\u00f6me \u2013 innan gipserna till slut f\u00f6rlorade sin betydelse. Under 1900-talet f\u00f6rvandlades de till symboler f\u00f6r en f\u00f6rstelnad konstsyn och f\u00f6rsvann n\u00e4stan helt fr\u00e5n undervisningen.<\/p>\n<p>Idag sker en \u00e5teruppt\u00e4ckt av gipsernas roll i konsthistorien. B\u00e5de som undervisningsmaterial och uttryck f\u00f6r skiftande ideal ger de oss en n\u00e4ra kontakt med historiens konstupplevelser. Valet av gipser som anv\u00e4ndes i undervisningen speglar fl\u00f6det av de visioner och traditioner \u2013 likav\u00e4l som konflikter och diskussioner \u2013 som st\u00e4ndigt format konsten. I utst\u00e4llningen presenteras samlingen med nya perspektiv och tankest\u00e4llare kring hur gipsernas betydelse.<\/p>\n","protected":false},"excerpt":{"rendered":"<p>Ideal i gips &#8211; Konstakademiens skulptursamlingar under trehundra \u00e5r, visas i en utst\u00e4llning i h\u00f6st. Ett pressmeddelande ber\u00e4ttar: Konstakademien \u00e4ger en av Europas \u00e4ldsta samlingar med gipsavgjutningar. H\u00e4r finns kopior av skulpturer, konstverk, ornament och \u00e4ven en del originalverk. De \u00e4ldsta \u00e4r fr\u00e5n 1690-talet och idag best\u00e5r samlingen av \u00f6ver \u00e5ttahundra verk. Fortfarande v\u00e4cker den [&hellip;]<\/p>\n","protected":false},"author":13,"featured_media":0,"comment_status":"closed","ping_status":"closed","sticky":false,"template":"","format":"standard","meta":{"_genesis_hide_title":false,"_genesis_hide_breadcrumbs":false,"_genesis_hide_singular_image":false,"_genesis_hide_footer_widgets":false,"_genesis_custom_body_class":"","_genesis_custom_post_class":"","_genesis_layout":"","footnotes":""},"categories":[3,13624],"tags":[],"class_list":{"0":"post-172445","1":"post","2":"type-post","3":"status-publish","4":"format-standard","6":"category-litteratur","7":"category-toppnytt","8":"entry"},"_links":{"self":[{"href":"https:\/\/kulturbloggen.com\/index.php?rest_route=\/wp\/v2\/posts\/172445","targetHints":{"allow":["GET"]}}],"collection":[{"href":"https:\/\/kulturbloggen.com\/index.php?rest_route=\/wp\/v2\/posts"}],"about":[{"href":"https:\/\/kulturbloggen.com\/index.php?rest_route=\/wp\/v2\/types\/post"}],"author":[{"embeddable":true,"href":"https:\/\/kulturbloggen.com\/index.php?rest_route=\/wp\/v2\/users\/13"}],"replies":[{"embeddable":true,"href":"https:\/\/kulturbloggen.com\/index.php?rest_route=%2Fwp%2Fv2%2Fcomments&post=172445"}],"version-history":[{"count":4,"href":"https:\/\/kulturbloggen.com\/index.php?rest_route=\/wp\/v2\/posts\/172445\/revisions"}],"predecessor-version":[{"id":172452,"href":"https:\/\/kulturbloggen.com\/index.php?rest_route=\/wp\/v2\/posts\/172445\/revisions\/172452"}],"wp:attachment":[{"href":"https:\/\/kulturbloggen.com\/index.php?rest_route=%2Fwp%2Fv2%2Fmedia&parent=172445"}],"wp:term":[{"taxonomy":"category","embeddable":true,"href":"https:\/\/kulturbloggen.com\/index.php?rest_route=%2Fwp%2Fv2%2Fcategories&post=172445"},{"taxonomy":"post_tag","embeddable":true,"href":"https:\/\/kulturbloggen.com\/index.php?rest_route=%2Fwp%2Fv2%2Ftags&post=172445"}],"curies":[{"name":"wp","href":"https:\/\/api.w.org\/{rel}","templated":true}]}}