{"id":172249,"date":"2023-10-04T06:50:16","date_gmt":"2023-10-04T05:50:16","guid":{"rendered":"https:\/\/kulturbloggen.com\/?p=172249"},"modified":"2023-10-04T06:50:16","modified_gmt":"2023-10-04T05:50:16","slug":"rekordmanga-skolbarn-samlas-for-det-fria-ordet","status":"publish","type":"post","link":"https:\/\/kulturbloggen.com\/?p=172249","title":{"rendered":"Rekordm\u00e5nga skolbarn samlas f\u00f6r det fria ordet"},"content":{"rendered":"<p><img loading=\"lazy\" decoding=\"async\" class=\"aligncenter size-full wp-image-172254\" src=\"https:\/\/kulturbloggen.com\/wp-content\/uploads\/2023\/10\/unnamed-10.jpg\" alt=\"\" width=\"650\" height=\"366\" srcset=\"https:\/\/kulturbloggen.com\/wp-content\/uploads\/2023\/10\/unnamed-10.jpg 650w, https:\/\/kulturbloggen.com\/wp-content\/uploads\/2023\/10\/unnamed-10-300x169.jpg 300w\" sizes=\"auto, (max-width: 650px) 100vw, 650px\" \/><\/p>\n<p>3 oktober 2023 inleddes en helt fullbokad Fria ordets dag 2023 med fler deltagare \u00e4n n\u00e5gonsin tidigare. Hela 864 klasser fr\u00e5n hela Sverige deltar vilket inneb\u00e4r att cirka 18 000 elever i \u00e5rskurs 6 f\u00e5r kunskap i yttrandefrihet, k\u00e4lltillit och k\u00e4llkritik. Ett pressmeddelande ber\u00e4ttar:<\/p>\n<p>Projektet \u00e4r ett samarbete mellan SVT, Sveriges Radio, UR och olika lokaltidningar fr\u00e5n hela landet. Syftet \u00e4r att erbjuda en kostnadsfri digital lektion om \u00e4mnen som r\u00f6r yttrandefrihet, k\u00e4llkritik och anv\u00e4ndning av sociala medier f\u00f6r alla sj\u00e4tteklassare i Sverige.<\/p>\n<p>Under v\u00e5rens upplaga av Fria ordets dag 2023 deltog n\u00e4stan 580 skolor med n\u00e4rmare 600 klasser. Nu n\u00e4r h\u00f6stens satsning inleds s\u00e5 har 787 skolor anm\u00e4lt 864 klasser &#8211; vilket \u00e4r ett nytt rekord!<\/p>\n<p>\u2013 Det \u00e4r b\u00e5de gl\u00e4djande och viktigt att 18 000 skolbarn nu f\u00e5r \u00f6kad kunskap om k\u00e4llkritik och yttrandefrihet. Med tanke p\u00e5 l\u00e4get i samh\u00e4llet just nu finns det ett \u00f6kat behov av kunskap i de h\u00e4r fr\u00e5gorna, vilket ocks\u00e5 \u00e4r anledningen till att UR s\u00e4rskilt fokuserar p\u00e5 omr\u00e5det, s\u00e4ger UR:s programchef Margaretha Eriksson.<\/p>\n<p>Konceptet f\u00f6r Fria ordets dag lanserades f\u00f6r f\u00f6rsta g\u00e5ngen h\u00f6sten 2021 och har sedan dess blivit popul\u00e4rare f\u00f6r varje \u00e5r. S\u00e4rskilt popul\u00e4ra \u00e4r de interaktiva inslagen d\u00e4r barnen aktivt deltar i l\u00e4randet.<\/p>\n<p>Under Fria ordets dag f\u00e5r eleverna anv\u00e4ndbara tips och exempel p\u00e5 hur man skiljer sanning fr\u00e5n osanning och hur man bed\u00f6mer om man kan lita p\u00e5 en nyhetsk\u00e4lla. I lektionen kommer klasserna att m\u00f6ta olika sp\u00e4nnande g\u00e4ster, inklusive journalisten \u00c5sa Larsson, en expert p\u00e5 k\u00e4llkritik som medverkar i UR:s serie K\u00e4llkoll.<\/p>\n<p>Klasserna kommer \u00e4ven att f\u00e5 h\u00f6ra Sam Edwards, en journalist fr\u00e5n Syrien, ber\u00e4tta om sina erfarenheter av att vara journalist i ett land d\u00e4r yttrandefrihet inte \u00e4r sj\u00e4lvklar. Eleverna kommer ocks\u00e5 att f\u00e5 tr\u00e4ffa journalister fr\u00e5n olika lokala tidningsredaktioner i sina egna st\u00e4der. Hela tiden kommer de att vara guidade av Erik Thiman fr\u00e5n SVT barn.<\/p>\n<p>Fria ordets dag p\u00e5g\u00e5r mellan 3 oktober &#8211; 19 oktober 2023.<\/p>\n<p>Datum och platser f\u00f6r Frida ordets dag 2023:<\/p>\n<p>3 oktober<br \/>\nBohusl\u00e4n och Trestad<\/p>\n<p>4 oktober<br \/>\nUppland och V\u00e4stmanland<\/p>\n<p>5 oktober<br \/>\nStockholm<\/p>\n<p>10 oktober<br \/>\n\u00d6sterg\u00f6tland och Gotland<\/p>\n<p>11 oktober<br \/>\nG\u00f6teborg<\/p>\n<p>12 oktober<br \/>\nNorrbotten<\/p>\n<p>17 oktober<br \/>\nSk\u00e5ne och Blekinge<\/p>\n<p>18 oktober<br \/>\nN\u00e4rke och S\u00f6rmland<\/p>\n<p>19 oktober<br \/>\nSjuh\u00e4rad, Skaraborg<\/p>\n","protected":false},"excerpt":{"rendered":"<p>3 oktober 2023 inleddes en helt fullbokad Fria ordets dag 2023 med fler deltagare \u00e4n n\u00e5gonsin tidigare. Hela 864 klasser fr\u00e5n hela Sverige deltar vilket inneb\u00e4r att cirka 18 000 elever i \u00e5rskurs 6 f\u00e5r kunskap i yttrandefrihet, k\u00e4lltillit och k\u00e4llkritik. Ett pressmeddelande ber\u00e4ttar: Projektet \u00e4r ett samarbete mellan SVT, Sveriges Radio, UR och olika [&hellip;]<\/p>\n","protected":false},"author":13,"featured_media":0,"comment_status":"closed","ping_status":"closed","sticky":false,"template":"","format":"standard","meta":{"_genesis_hide_title":false,"_genesis_hide_breadcrumbs":false,"_genesis_hide_singular_image":false,"_genesis_hide_footer_widgets":false,"_genesis_custom_body_class":"","_genesis_custom_post_class":"","_genesis_layout":"","footnotes":""},"categories":[62,13624],"tags":[14704,6481],"class_list":{"0":"post-172249","1":"post","2":"type-post","3":"status-publish","4":"format-standard","6":"category-medie-och-kulturpolitik","7":"category-toppnytt","8":"tag-fria-ordets-dag","9":"tag-yttrandfrihet","10":"entry"},"_links":{"self":[{"href":"https:\/\/kulturbloggen.com\/index.php?rest_route=\/wp\/v2\/posts\/172249","targetHints":{"allow":["GET"]}}],"collection":[{"href":"https:\/\/kulturbloggen.com\/index.php?rest_route=\/wp\/v2\/posts"}],"about":[{"href":"https:\/\/kulturbloggen.com\/index.php?rest_route=\/wp\/v2\/types\/post"}],"author":[{"embeddable":true,"href":"https:\/\/kulturbloggen.com\/index.php?rest_route=\/wp\/v2\/users\/13"}],"replies":[{"embeddable":true,"href":"https:\/\/kulturbloggen.com\/index.php?rest_route=%2Fwp%2Fv2%2Fcomments&post=172249"}],"version-history":[{"count":4,"href":"https:\/\/kulturbloggen.com\/index.php?rest_route=\/wp\/v2\/posts\/172249\/revisions"}],"predecessor-version":[{"id":172255,"href":"https:\/\/kulturbloggen.com\/index.php?rest_route=\/wp\/v2\/posts\/172249\/revisions\/172255"}],"wp:attachment":[{"href":"https:\/\/kulturbloggen.com\/index.php?rest_route=%2Fwp%2Fv2%2Fmedia&parent=172249"}],"wp:term":[{"taxonomy":"category","embeddable":true,"href":"https:\/\/kulturbloggen.com\/index.php?rest_route=%2Fwp%2Fv2%2Fcategories&post=172249"},{"taxonomy":"post_tag","embeddable":true,"href":"https:\/\/kulturbloggen.com\/index.php?rest_route=%2Fwp%2Fv2%2Ftags&post=172249"}],"curies":[{"name":"wp","href":"https:\/\/api.w.org\/{rel}","templated":true}]}}