{"id":17216,"date":"2010-02-01T10:58:15","date_gmt":"2010-02-01T09:58:15","guid":{"rendered":"http:\/\/kulturbloggen.com\/?p=17216"},"modified":"2010-02-01T10:58:15","modified_gmt":"2010-02-01T09:58:15","slug":"bokcirkla-pa-natet-ar-kul-och-enkelt","status":"publish","type":"post","link":"https:\/\/kulturbloggen.com\/?p=17216","title":{"rendered":"Bokcirkla p\u00e5 n\u00e4tet \u00e4r kul och enkelt"},"content":{"rendered":"<p><a href=\"http:\/\/kulturbloggen.com\/wp-content\/uploads\/2010\/02\/twittercirkel.jpg\"><img loading=\"lazy\" decoding=\"async\" src=\"http:\/\/kulturbloggen.com\/wp-content\/uploads\/2010\/02\/twittercirkel-293x300.jpg\" alt=\"twittercirkel\" title=\"twittercirkel\" width=\"293\" height=\"300\" class=\"aligncenter size-medium wp-image-17218\" \/><\/a><br \/>\nF\u00f6r cirka ett halv\u00e5r sen, s\u00e5 satt jag hemma och funderade \u00f6ver hur jag skulle kunna m\u00f6ta andra bokintresserade p\u00e5 ett annat s\u00e4tt, \u00e4n att \u00e5ka hem till varandra och prata b\u00f6cker. Jag har ingenting emot att \u00e5ka hem till folk eller att bjuda hem dem f\u00f6r den delen, det jag inte har \u00e4r tid. Har man familj, jobb och annat ut\u00f6ver det s\u00e5 kan en bokcirkel IRL, d\u00e4r man har en tid och passa och vissa sidor man m\u00e5ste l\u00e4sa till n\u00e4sta tr\u00e4ff bli en r\u00e4tt s\u00e5 stor stressfaktor. Ist\u00e4llet f\u00f6r ett n\u00f6je.<\/p>\n<p>S\u00e5 jag startade Enbokcirkelf\u00f6ralla, d\u00e4r vi kan bokcirkla, l\u00e4sa och &#8221;prata&#8221; b\u00f6cker via n\u00e4tet. Och det har visat sig att det \u00e4r popul\u00e4rt, och de som \u00e4r medlemar hos mig \u00e4r aktiva och intresserade. Och eftersom vi anv\u00e4nder oss av nya media som Twitter och bloggar, s\u00e5 kan vem som helst vara med, oavsett var du bor eller livssituation. Jag kan prata b\u00f6cker n\u00e4r helst p\u00e5 dygnet, just n\u00e4r det passar mig.<\/p>\n<p>Vem som helst kan vara med, man beh\u00f6ver inte ha en blogg f\u00f6r att delta i Enokcirkelf\u00f6ralla, utan bara ett intresse f\u00f6r b\u00f6cker och att vilja dela det med andra. Alla kan l\u00e4mna f\u00f6rslag p\u00e5 vilka b\u00f6cker vi ska cirkla om och varje m\u00e5nad v\u00e4ljer jag ut tre b\u00f6cker. Antingen \u00e4r man med och cirklar om alla, eller bara n\u00e5gon. Det \u00e4r upp till en var och tiden s\u00e5klart. Oftast s\u00e5 skriver jag fr\u00e5gor till b\u00f6ckerna, som kan vara en hj\u00e4lp n\u00e4r man ska diskutera dem i den tr\u00e5d jag har skapat. I januari, s\u00e5 var Sara Kadefors bok, borta b\u00e4st, den mest diskuterade boken i Enbcirkelf\u00f6ralla. Och det \u00e4r kul, att s\u00e5 m\u00e5nga aktiverar sig och tycker om den nya formen av bokcirklande, vi \u00e4r m\u00e5nga med brist p\u00e5 tid men med ett genuint intresse f\u00f6r b\u00f6cker och uplevelser av dessa som vi vill dela med andra.<\/p>\n<p>Ig\u00e5r hade jag den f\u00f6rsta bokcirkeln p\u00e5 twitter , en twittercirkel. D\u00e4r vi direkt cirklade om Sara Kadefors senaste bok, Borta B\u00e4st. Vi var flera twittrare som hade en intressant diskussion om boken i ca 1 timme. Och jag tror inte att man har bokcirklat p\u00e5 det s\u00e4ttet innan. Alla som var med tyckte att det var ett kul och givande s\u00e4tt att m\u00f6ta andra som har l\u00e4st samma bok och diskutera den tillsammans, trots att vi bor i olika delar av Sverige. N\u00e4sta g\u00e5ng ska vi twittercirkla om Boktjuven av Markus Zusak , ett enkelt och bra s\u00e4tt att m\u00f6ta andra som har blivit p\u00e5verkade av den boken.<\/p>\n<p>Nya media har \u00f6ppna f\u00f6r ett helt nytt s\u00e4tt att m\u00f6ta andra m\u00e4nniskor med samma intressen. F\u00f6r n\u00e5gra \u00e5r sedan hade jag ingen tanke p\u00e5 att jag kunde bokcirkla p\u00e5 n\u00e4tet. Nu har jag skapat en blogg  d\u00e4r vi \u00e4r m\u00e5nga som m\u00f6ts \u00f6ver v\u00e5ra b\u00f6cker och diskuterar dem tillsammans och med varandra. Det \u00e4r ett roligt och enkelt s\u00e4tt. De som jag har m\u00f6tt \u00f6ver min blogg och twitter, tycker ocks\u00e5 att id\u00e9n \u00e4r bra. M\u00e5nga idag har inte tid att l\u00e4sa, det \u00e4r synd. Och n\u00e4r man v\u00e4l har tid att l\u00e4sa en bok, s\u00e5 finns inte tiden att reflektera sina tankar med andra. D\u00e5 vill jag g\u00f6ra det enkare. Och enklare blir det med n\u00e4tet f\u00f6r det har vi tillg\u00e5ng till dygnet runt.<\/p>\n<p>Det \u00e4r en ny era och man kan bokcirkla p\u00e5 n\u00e4tet. Det h\u00e4r \u00e4r bara b\u00f6rjan.<\/p>\n<p><strong>Karin Berg<br \/>\n<a href=\"http:\/\/bokcirkelforalla.wordpress.com\/\">Enbokcirkelf\u00f6ralla<\/a><\/strong><\/p>\n<p>L\u00e4s \u00e4ven andra bloggares \u00e5sikter om <a href=\"http:\/\/bloggar.se\/om\/twitter\" rel=\"tag\">twitter<\/a>, <a href=\"http:\/\/bloggar.se\/om\/bok\" rel=\"tag\">bok<\/a>, <a href=\"http:\/\/bloggar.se\/om\/b%F6cker\" rel=\"tag\">b\u00f6cker<\/a>, <a href=\"http:\/\/bloggar.se\/om\/litteratur\" rel=\"tag\">litteratur<\/a>, <a href=\"http:\/\/bloggar.se\/om\/bokcirkel\" rel=\"tag\">bokcirkel<\/a><\/p>\n","protected":false},"excerpt":{"rendered":"<p>F\u00f6r cirka ett halv\u00e5r sen, s\u00e5 satt jag hemma och funderade \u00f6ver hur jag skulle kunna m\u00f6ta andra bokintresserade p\u00e5 ett annat s\u00e4tt, \u00e4n att \u00e5ka hem till varandra och prata b\u00f6cker. Jag har ingenting emot att \u00e5ka hem till folk eller att bjuda hem dem f\u00f6r den delen, det jag inte har \u00e4r tid. [&hellip;]<\/p>\n","protected":false},"author":13,"featured_media":0,"comment_status":"open","ping_status":"open","sticky":false,"template":"","format":"standard","meta":{"_genesis_hide_title":false,"_genesis_hide_breadcrumbs":false,"_genesis_hide_singular_image":false,"_genesis_hide_footer_widgets":false,"_genesis_custom_body_class":"","_genesis_custom_post_class":"","_genesis_layout":"","footnotes":""},"categories":[3],"tags":[12280,6045],"class_list":{"0":"post-17216","1":"post","2":"type-post","3":"status-publish","4":"format-standard","6":"category-litteratur","7":"tag-litteratur","8":"tag-twitter","9":"entry"},"_links":{"self":[{"href":"https:\/\/kulturbloggen.com\/index.php?rest_route=\/wp\/v2\/posts\/17216","targetHints":{"allow":["GET"]}}],"collection":[{"href":"https:\/\/kulturbloggen.com\/index.php?rest_route=\/wp\/v2\/posts"}],"about":[{"href":"https:\/\/kulturbloggen.com\/index.php?rest_route=\/wp\/v2\/types\/post"}],"author":[{"embeddable":true,"href":"https:\/\/kulturbloggen.com\/index.php?rest_route=\/wp\/v2\/users\/13"}],"replies":[{"embeddable":true,"href":"https:\/\/kulturbloggen.com\/index.php?rest_route=%2Fwp%2Fv2%2Fcomments&post=17216"}],"version-history":[{"count":0,"href":"https:\/\/kulturbloggen.com\/index.php?rest_route=\/wp\/v2\/posts\/17216\/revisions"}],"wp:attachment":[{"href":"https:\/\/kulturbloggen.com\/index.php?rest_route=%2Fwp%2Fv2%2Fmedia&parent=17216"}],"wp:term":[{"taxonomy":"category","embeddable":true,"href":"https:\/\/kulturbloggen.com\/index.php?rest_route=%2Fwp%2Fv2%2Fcategories&post=17216"},{"taxonomy":"post_tag","embeddable":true,"href":"https:\/\/kulturbloggen.com\/index.php?rest_route=%2Fwp%2Fv2%2Ftags&post=17216"}],"curies":[{"name":"wp","href":"https:\/\/api.w.org\/{rel}","templated":true}]}}