{"id":171426,"date":"2023-09-14T11:11:51","date_gmt":"2023-09-14T10:11:51","guid":{"rendered":"https:\/\/kulturbloggen.com\/?p=171426"},"modified":"2023-09-14T12:34:18","modified_gmt":"2023-09-14T11:34:18","slug":"nordiska-museet-slapper-jubileumskollektion-med-alexander-stutterheim","status":"publish","type":"post","link":"https:\/\/kulturbloggen.com\/?p=171426","title":{"rendered":"Nordiska museet sl\u00e4pper jubileumskollektion med Alexander Stutterheim"},"content":{"rendered":"<p>I samband med sitt 150-\u00e5rsjubileum lanserar Nordiska museet ett designersamarbete d\u00e4r Alexander Stutterheim ger f\u00f6rem\u00e5l fr\u00e5n museets samlingar ett nytt liv. Ett pressmeddelande ber\u00e4ttar:<\/p>\n<p>Den 13 september lanseras en samtida kapselkollektion d\u00e4r Alexander Stutterheim tillsammans med Nordiska museet tolkar fyra stickade f\u00f6rem\u00e5l ur museets samlingar.<\/p>\n<p>\u2013 Att utg\u00e5 fr\u00e5n museets samlingar \u00e4r fundamentalt i allt vi g\u00f6r. Vi bj\u00f6d in Alexander, som sj\u00e4lv finns representerad i samlingarna, med sin gedigna erfarenhet och nyfikna utifr\u00e5nblick att leta i samlingarna, vilket ledde till en kreativ gemensam gestaltningsprocess. Museet sitter p\u00e5 en skatt av f\u00f6rem\u00e5l med m\u00e4nniskors ber\u00e4ttelser och denna jubileumskollektion \u00e4r en lika stor hyllning till v\u00e5r d\u00e5tid som hantverkets framtid, s\u00e4ger Vanessa Gandy, chef \u00f6ver museiupplevelsen p\u00e5 Nordiska museet.<\/p>\n<p>B\u00e5de m\u00f6nstrade vantar och stickade h\u00f6ga raggsockor som sk\u00e4nktes till museet 1873 har inspirerat kollektionen, tillsammans med en halsduk stickad under andra v\u00e4rldskriget och en m\u00f6ssa fr\u00e5n f\u00f6rra sekelskiftet. Alexander som sj\u00e4lv arbetar mycket med sm\u00e5skalig, lokal produktion har sin bas p\u00e5 \u00d6land och den handskyttlade kapselkollektionen \u00e4r helt skapad i ekologisk ull fr\u00e5n \u00f6n.<\/p>\n","protected":false},"excerpt":{"rendered":"<p>I samband med sitt 150-\u00e5rsjubileum lanserar Nordiska museet ett designersamarbete d\u00e4r Alexander Stutterheim ger f\u00f6rem\u00e5l fr\u00e5n museets samlingar ett nytt liv. Ett pressmeddelande ber\u00e4ttar: Den 13 september lanseras en samtida kapselkollektion d\u00e4r Alexander Stutterheim tillsammans med Nordiska museet tolkar fyra stickade f\u00f6rem\u00e5l ur museets samlingar. \u2013 Att utg\u00e5 fr\u00e5n museets samlingar \u00e4r fundamentalt i allt [&hellip;]<\/p>\n","protected":false},"author":13,"featured_media":0,"comment_status":"closed","ping_status":"closed","sticky":false,"template":"","format":"standard","meta":{"_genesis_hide_title":false,"_genesis_hide_breadcrumbs":false,"_genesis_hide_singular_image":false,"_genesis_hide_footer_widgets":false,"_genesis_custom_body_class":"","_genesis_custom_post_class":"","_genesis_layout":"","footnotes":""},"categories":[3],"tags":[],"class_list":{"0":"post-171426","1":"post","2":"type-post","3":"status-publish","4":"format-standard","6":"category-litteratur","7":"entry"},"_links":{"self":[{"href":"https:\/\/kulturbloggen.com\/index.php?rest_route=\/wp\/v2\/posts\/171426","targetHints":{"allow":["GET"]}}],"collection":[{"href":"https:\/\/kulturbloggen.com\/index.php?rest_route=\/wp\/v2\/posts"}],"about":[{"href":"https:\/\/kulturbloggen.com\/index.php?rest_route=\/wp\/v2\/types\/post"}],"author":[{"embeddable":true,"href":"https:\/\/kulturbloggen.com\/index.php?rest_route=\/wp\/v2\/users\/13"}],"replies":[{"embeddable":true,"href":"https:\/\/kulturbloggen.com\/index.php?rest_route=%2Fwp%2Fv2%2Fcomments&post=171426"}],"version-history":[{"count":4,"href":"https:\/\/kulturbloggen.com\/index.php?rest_route=\/wp\/v2\/posts\/171426\/revisions"}],"predecessor-version":[{"id":171431,"href":"https:\/\/kulturbloggen.com\/index.php?rest_route=\/wp\/v2\/posts\/171426\/revisions\/171431"}],"wp:attachment":[{"href":"https:\/\/kulturbloggen.com\/index.php?rest_route=%2Fwp%2Fv2%2Fmedia&parent=171426"}],"wp:term":[{"taxonomy":"category","embeddable":true,"href":"https:\/\/kulturbloggen.com\/index.php?rest_route=%2Fwp%2Fv2%2Fcategories&post=171426"},{"taxonomy":"post_tag","embeddable":true,"href":"https:\/\/kulturbloggen.com\/index.php?rest_route=%2Fwp%2Fv2%2Ftags&post=171426"}],"curies":[{"name":"wp","href":"https:\/\/api.w.org\/{rel}","templated":true}]}}