{"id":171048,"date":"2023-09-06T12:43:42","date_gmt":"2023-09-06T11:43:42","guid":{"rendered":"https:\/\/kulturbloggen.com\/?p=171048"},"modified":"2023-09-06T12:43:43","modified_gmt":"2023-09-06T11:43:43","slug":"hundratals-lasande-forebilder-stottar-read-hour-8-september","status":"publish","type":"post","link":"https:\/\/kulturbloggen.com\/?p=171048","title":{"rendered":"Hundratals L\u00e4sande f\u00f6rebilder st\u00f6ttar Read Hour 8 september"},"content":{"rendered":"<figure id=\"attachment_171053\" aria-describedby=\"caption-attachment-171053\" style=\"width: 650px\" class=\"wp-caption aligncenter\"><img loading=\"lazy\" decoding=\"async\" class=\"size-full wp-image-171053\" src=\"https:\/\/kulturbloggen.com\/wp-content\/uploads\/2023\/09\/unnamed-5.jpg\" alt=\"\" width=\"650\" height=\"365\" srcset=\"https:\/\/kulturbloggen.com\/wp-content\/uploads\/2023\/09\/unnamed-5.jpg 650w, https:\/\/kulturbloggen.com\/wp-content\/uploads\/2023\/09\/unnamed-5-300x168.jpg 300w\" sizes=\"auto, (max-width: 650px) 100vw, 650px\" \/><figcaption id=\"caption-attachment-171053\" class=\"wp-caption-text\">Keithroy Omestre Grant och hans son Kelvin Omestre Grant 2012. Foto: David Magnusson, SvD\/TT<\/figcaption><\/figure>\n<p>8 september \u00e4r det FN:s l\u00e4skunnighetsdag. Ett pressmeddelande ber\u00e4ttar:<\/p>\n<p>L\u00e4sr\u00f6relsen \u00e4r den samlande kraften f\u00f6r Read Hour Sverige, under FN:s l\u00e4skunnighetsdag den 8 september. En symbolisk timme mellan klockan 19.00 och 20.00 med lustl\u00e4sningen i centrum som genomf\u00f6rs med st\u00f6d av L\u00e4rarstiftelsen, Svenska Akademien och Microsoft. N\u00e4rmare 250 L\u00e4sande f\u00f6rebilder har hittills anslutit sig, bland andra partiledare och spr\u00e5kr\u00f6r fr\u00e5n samtliga riksdagspartier. Men l\u00e4sande f\u00f6rebild nr. 1 \u00e4r Sepenta Sarhadi, 10 \u00e5r, och storl\u00e4sare av rang som inspirerar och l\u00e4ser f\u00f6r andra barn.<\/p>\n<p>Vad h\u00e4nder under Read Hour? Skolverket uppmuntrar skolorna att arrangera en festdag f\u00f6r l\u00e4sning, N\u00e4tverket L\u00c4SLOV uppm\u00e4rksammar dagen \u00f6ver hela landet \u2013 med elevorganisationer, bokf\u00f6rlag, bibliotek, bokhandel, idrottsf\u00f6reningar, fackliga organisationer, kulturinstitutioner och f\u00f6retag \u2013 liksom Story House Egmont, Pressbyr\u00e5n, Bonnierf\u00f6rlagen, Storytel, Moomin Characters och Rights &amp; Brands.<\/p>\n<p>&#8211; R\u00e4tten till utbildning \u00e4r fastslagen i FN:s deklaration om de m\u00e4nskliga r\u00e4ttigheterna. Samtidigt finns det fortfarande 258 miljoner barn och ungdomar i v\u00e4rlden som inte ges m\u00f6jlighet att g\u00e5 i skolan alls eller inte avslutar sin utbildning. Under coronapandemin f\u00f6rv\u00e4rrades l\u00e4get p\u00e5 grund av skolnedst\u00e4ngningar, n\u00e5got som drabbat 1,6 miljarder skolelever och studenter i framf\u00f6r allt de fattiga delarna av v\u00e4rlden. FN:s generalsekreterare Ant\u00f3nio Guterres har talat om en global utbildningskris. Detta \u00e4r bakgrunden till varf\u00f6r det \u00e4r av st\u00f6rsta vikt att uppm\u00e4rksamma FN:s l\u00e4skunnighetsdag den 8 september, s\u00e4ger Jan Eliasson, tidigare utrikesminister, vice generalsekreterare f\u00f6r FN och en av de L\u00e4sande f\u00f6rebilderna.<\/p>\n<p>Read Hour startades av Barn- och ungdomsstiftelsen i Finland 2019 och samordnas i Sverige av L\u00e4sr\u00f6relsen med st\u00f6d av L\u00e4rarstiftelsen, Svenska Akademien och Microsoft.<\/p>\n<p>&#8211; Betydelsen av spr\u00e5ket, litteraturen och l\u00e4sandet kan inte \u00f6verskattas. Det \u00e4r med gl\u00e4dje och tacksamhet Svenska Akademien st\u00e4ller sig bakom Read Hour, s\u00e4ger Mats Malm, st\u00e4ndig sekreterare i Svenska Akademien.<\/p>\n<p>&#8211; L\u00e4rarstiftelsen har arbetat l\u00e4sfr\u00e4mjande allt sedan barnbiblioteket Saga i b\u00f6rjan av f\u00f6rra seklet till dagens rapporter om Ett l\u00e4sv\u00e4nligt hem, Biblioteksd\u00f6den och vikten av att Sverige blir ett l\u00e4sv\u00e4nligt land. Genom Read Hour vill vi bidra ytterligare till att st\u00e4rka l\u00e4sandet i Sverige, s\u00e4ger Eva-Lis Sir\u00e9n, ordf\u00f6rande f\u00f6r L\u00e4rarstiftelsen.<\/p>\n<p>&#8211; Read Hour g\u00e5r hand i hand med Microsofts ambition att demokratisera tillg\u00e5ngen till likv\u00e4rdig utbildning och att m\u00f6jligg\u00f6ra f\u00f6r fler att kunna ta del av texter av olika slag, exempelvis genom verktyg som avancerad l\u00e4sare, s\u00e4ger Mia Fors\u00e4ng, f\u00f6rs\u00e4ljningsdirekt\u00f6r f\u00f6r skola och h\u00f6gre utbildning f\u00f6r Microsoft Sverige.<\/p>\n<p>&#8211; Satsningen Read Hour \u00e4r f\u00f6r att st\u00e4rka l\u00e4sningen i alla former \u2013 med \u00f6gon, \u00f6ron och fingrar. Tillg\u00e5ngen till ett rikt spr\u00e5k \u00e4r en f\u00f6ruts\u00e4ttning f\u00f6r demokratin, s\u00e4ger L\u00e4sr\u00f6relsens ordf\u00f6rande Elisabet Resleg\u00e5rd.<\/p>\n<p>Bland de hundratals L\u00e4sande f\u00f6rebilder som anslutit sig till Read Hour Sverige finns personer i alla \u00e5ldrar och med olika bakgrund. Det \u00e4r partiledare och spr\u00e5kr\u00f6r fr\u00e5n samtliga riksdagspartier, nuvarande och tidigare ministrar, ledam\u00f6ter i Svenska Akademien och fackliga ledare. Och allt fr\u00e5n bloggare till idrottare.<\/p>\n<p><strong>N\u00e5gra av de L\u00e4sande f\u00f6rebilderna:<\/strong><br \/>\nAnders Hansen, psykiatriker och f\u00f6rfattare<br \/>\nAnne-Marie K\u00f6rling, l\u00e4rare<br \/>\nBamse, 50 \u00e5r<br \/>\nBj\u00f6rn Ranelid, f\u00f6rfattare<br \/>\nCarl &#8221;Carl boktipsar&#8221; Blomqvist, 9 \u00e5r<br \/>\nCarl-G\u00f6ran Ekerwald, f\u00f6rfattare<br \/>\nDavid Lagercrantz, f\u00f6rfattare<br \/>\nElisabet Niskakari, skolbibliotekarie<br \/>\nEmbla Persson, ordf\u00f6rande Sveriges Elevk\u00e5rer<br \/>\nFlora Wistr\u00f6m, bloggare och f\u00f6rfattare<br \/>\nGift Blessing, rap-artist<br \/>\nGit Claesson Pipping, ordf\u00f6rande DELS\/De Litter\u00e4ra S\u00e4llskapen i Sverige<br \/>\nGrethe Rottb\u00f6ll, ordf\u00f6rande Sveriges F\u00f6rfattarf\u00f6rbund<br \/>\nG\u00f6ran Arrius, ordf\u00f6rande Saco<br \/>\nHanna Marklund, tidigare fotbollsspelare, nu expertkommentator<br \/>\nIlkan Celep, 17 \u00e5r och aktiv inom satsningen L\u00e4sa \u00e4ger<br \/>\nJan L\u00f6\u00f6f, tecknare och f\u00f6rfattare<br \/>\nLinnea Lindquist, rektor<br \/>\nMalin Ragneg\u00e5rd, f\u00f6rbundsordf\u00f6rande Kommunal<br \/>\nMats Myrberg, professor i specialpedagogik<br \/>\nNicolas Lunabba, f\u00f6rfattare och aktiv i organisationen Helamalm\u00f6<br \/>\nNina Cronee, l\u00e4rare<br \/>\nNour El Refai, sk\u00e5despelare och komiker<br \/>\nParisa Liljestrand, kulturminister<br \/>\nTammi Gustafsson Nadel, undervisningsr\u00e5d Skolverket<\/p>\n","protected":false},"excerpt":{"rendered":"<p>8 september \u00e4r det FN:s l\u00e4skunnighetsdag. Ett pressmeddelande ber\u00e4ttar: L\u00e4sr\u00f6relsen \u00e4r den samlande kraften f\u00f6r Read Hour Sverige, under FN:s l\u00e4skunnighetsdag den 8 september. En symbolisk timme mellan klockan 19.00 och 20.00 med lustl\u00e4sningen i centrum som genomf\u00f6rs med st\u00f6d av L\u00e4rarstiftelsen, Svenska Akademien och Microsoft. N\u00e4rmare 250 L\u00e4sande f\u00f6rebilder har hittills anslutit sig, bland [&hellip;]<\/p>\n","protected":false},"author":13,"featured_media":0,"comment_status":"closed","ping_status":"closed","sticky":false,"template":"","format":"standard","meta":{"_genesis_hide_title":false,"_genesis_hide_breadcrumbs":false,"_genesis_hide_singular_image":false,"_genesis_hide_footer_widgets":false,"_genesis_custom_body_class":"","_genesis_custom_post_class":"","_genesis_layout":"","footnotes":""},"categories":[62,13624],"tags":[],"class_list":{"0":"post-171048","1":"post","2":"type-post","3":"status-publish","4":"format-standard","6":"category-medie-och-kulturpolitik","7":"category-toppnytt","8":"entry"},"_links":{"self":[{"href":"https:\/\/kulturbloggen.com\/index.php?rest_route=\/wp\/v2\/posts\/171048","targetHints":{"allow":["GET"]}}],"collection":[{"href":"https:\/\/kulturbloggen.com\/index.php?rest_route=\/wp\/v2\/posts"}],"about":[{"href":"https:\/\/kulturbloggen.com\/index.php?rest_route=\/wp\/v2\/types\/post"}],"author":[{"embeddable":true,"href":"https:\/\/kulturbloggen.com\/index.php?rest_route=\/wp\/v2\/users\/13"}],"replies":[{"embeddable":true,"href":"https:\/\/kulturbloggen.com\/index.php?rest_route=%2Fwp%2Fv2%2Fcomments&post=171048"}],"version-history":[{"count":4,"href":"https:\/\/kulturbloggen.com\/index.php?rest_route=\/wp\/v2\/posts\/171048\/revisions"}],"predecessor-version":[{"id":171055,"href":"https:\/\/kulturbloggen.com\/index.php?rest_route=\/wp\/v2\/posts\/171048\/revisions\/171055"}],"wp:attachment":[{"href":"https:\/\/kulturbloggen.com\/index.php?rest_route=%2Fwp%2Fv2%2Fmedia&parent=171048"}],"wp:term":[{"taxonomy":"category","embeddable":true,"href":"https:\/\/kulturbloggen.com\/index.php?rest_route=%2Fwp%2Fv2%2Fcategories&post=171048"},{"taxonomy":"post_tag","embeddable":true,"href":"https:\/\/kulturbloggen.com\/index.php?rest_route=%2Fwp%2Fv2%2Ftags&post=171048"}],"curies":[{"name":"wp","href":"https:\/\/api.w.org\/{rel}","templated":true}]}}