{"id":17104,"date":"2010-01-28T21:39:10","date_gmt":"2010-01-28T20:39:10","guid":{"rendered":"http:\/\/kulturbloggen.com\/?p=17104"},"modified":"2010-01-28T21:39:10","modified_gmt":"2010-01-28T20:39:10","slug":"behover-sverige-karnkraft-behover-sverige-centerpartiet","status":"publish","type":"post","link":"https:\/\/kulturbloggen.com\/?p=17104","title":{"rendered":"Beh\u00f6ver Sverige k\u00e4rnkraft? Beh\u00f6ver Sverige Centerpartiet?"},"content":{"rendered":"<p><a href=\"http:\/\/kulturbloggen.com\/wp-content\/uploads\/2010\/01\/karnkraft.png\"><img loading=\"lazy\" decoding=\"async\" src=\"http:\/\/kulturbloggen.com\/wp-content\/uploads\/2010\/01\/karnkraft.png\" alt=\"karnkraft\" title=\"karnkraft\" width=\"200\" height=\"176\" class=\"aligncenter size-full wp-image-17105\" \/><\/a><br \/>\nCenterpartiet hade en g\u00e5ng i tiden en slags ryggrad och stod f\u00f6r ett genuint st\u00e4llningstagande emot k\u00e4rnkraft.<br \/>\nDet finns inte mycket kvar av det idag.<br \/>\nNu sitter Centerpartiet i en regering tillsammans med h\u00f6gerpartier som \u00e4r rej\u00e4lt f\u00f6r k\u00e4rnkraft och nu \u00e4r detta samarbete p\u00e5 v\u00e4g att konkretisas. Enligt vad Rapport erfar l\u00e4mnas en lagr\u00e5dsremiss inom kort \u00f6ver till lagr\u00e5det. En proposition ska sedan l\u00e4ggas p\u00e5 riksdagens bord den 22 mars.<\/p>\n<p><a href=\"http:\/\/svt.se\/2.22620\/1.1866146\/centerspricka_kan_falla_karnkraftsfragan\">Fr\u00e5n SVT:s hemsida:<\/a><\/p>\n<blockquote><p>-Alliansen levererar. Vi l\u00e4gger nu en gammal avvecklingspolitik bakom oss. Vi har tre tydliga ben: f\u00f6rnybar energi, k\u00e4rnkraft och vattenkraft i ett land som beh\u00f6ver mycket energi. Sverige \u00e4r ett vidstr\u00e4ckt land med ett kallt klimat som beh\u00f6ver mycket energi, s\u00e4ger statsminister Fredrik Reinfeldt (M).<\/p><\/blockquote>\n<p>Men det stormar inom Centern. Alla centerpartister \u00e4r inte glada. Det s\u00e4gs till exempel att n\u00e4r sk\u00e5despelaren och riksdagsledamoten Solveig Ternstr\u00f6m (C) ville debattera mot partiledningens beslut att g\u00e5 med p\u00e5 en utbyggnad av k\u00e4rnkraften fick hon ett ultimatum. <a href=\"http:\/\/svt.se\/2.22620\/1.1866007\/ternstrom_stoppad_i_karnkraftsdebatten\">K\u00e4lla: SVT.<\/a><\/p>\n<p>Centerpartiet har pendlat r\u00e4tt l\u00e4nge nu kring 4-procentgr\u00e4nsen i riksdagsvalet, enligt flera opinionsm\u00e4tningar senaste m\u00e5naderna. Partiet \u00e4r i kris, helt klart. N\u00e4r partiet nu \u00e4r p\u00e5 v\u00e4g att definitivt l\u00e4mna sitt motst\u00e5nd mot k\u00e4rnkraft faller nog flera gamla sympatis\u00f6rer bort.<\/p>\n<p>K\u00e4rnkraft \u00e4r en sv\u00e5r fr\u00e5ga. V\u00e4lf\u00e4rdens utveckling verkar extremt beroende av mer energi &#8211; och k\u00e4rnkraft om det aldrig h\u00e4nder n\u00e5gon olycka \u00e4r b\u00e4ttre f\u00f6r milj\u00f6n \u00e4n m\u00e5nga andra alternativ. Om det inte h\u00e4nder n\u00e5gon olycka &#8230; Och om vi gl\u00f6mmer bort kommande generationer som ska f\u00e5 dras med avfallet.<\/p>\n<p>S\u00e5 fr\u00e5gan \u00e4r: Beh\u00f6ver Sverige k\u00e4rnkraft? Beh\u00f6ver Sverige Centerpartiet?<\/p>\n<p><object width=\"416\" height=\"258\"><param name=\"movie\" value=\"http:\/\/svt.se\/embededflash\/1866297\/play.swf\"><\/param><param name=\"wmode\" value=\"transparent\"><\/param><param name=\"allowfullscreen\" value=\"true\"><\/param><param name=\"allowScriptAccess\" value=\"sameDomain\"><\/param><embed src=\"http:\/\/svt.se\/embededflash\/1866297\/play.swf\" type=\"application\/x-shockwave-flash\" wmode=\"transparent\" allowfullscreen=\"true\" allowScriptAccess=\"sameDomain\" width=\"416\" height=\"258\"><\/embed><\/object><\/p>\n<p>L\u00e4s \u00e4ven andra bloggares \u00e5sikter om <a href=\"http:\/\/bloggar.se\/om\/k%E4rnkraft\" rel=\"tag\">k\u00e4rnkraft<\/a>, <a href=\"http:\/\/bloggar.se\/om\/energifr%E5gor\" rel=\"tag\">energifr\u00e5gor<\/a>, <a href=\"http:\/\/bloggar.se\/om\/politik\" rel=\"tag\">politik<\/a>, <a href=\"http:\/\/bloggar.se\/om\/Centerpartiet\" rel=\"tag\">Centerpartiet<\/a><\/p>\n","protected":false},"excerpt":{"rendered":"<p>Centerpartiet hade en g\u00e5ng i tiden en slags ryggrad och stod f\u00f6r ett genuint st\u00e4llningstagande emot k\u00e4rnkraft. Det finns inte mycket kvar av det idag. Nu sitter Centerpartiet i en regering tillsammans med h\u00f6gerpartier som \u00e4r rej\u00e4lt f\u00f6r k\u00e4rnkraft och nu \u00e4r detta samarbete p\u00e5 v\u00e4g att konkretisas. Enligt vad Rapport erfar l\u00e4mnas en lagr\u00e5dsremiss [&hellip;]<\/p>\n","protected":false},"author":2,"featured_media":0,"comment_status":"open","ping_status":"open","sticky":false,"template":"","format":"standard","meta":{"_genesis_hide_title":false,"_genesis_hide_breadcrumbs":false,"_genesis_hide_singular_image":false,"_genesis_hide_footer_widgets":false,"_genesis_custom_body_class":"","_genesis_custom_post_class":"","_genesis_layout":"","footnotes":""},"categories":[20],"tags":[962,1522,3182,12284],"class_list":{"0":"post-17104","1":"post","2":"type-post","3":"status-publish","4":"format-standard","6":"category-film","7":"tag-centerpartiet","8":"tag-energifragor","9":"tag-karnkraft","10":"tag-politik","11":"entry"},"_links":{"self":[{"href":"https:\/\/kulturbloggen.com\/index.php?rest_route=\/wp\/v2\/posts\/17104","targetHints":{"allow":["GET"]}}],"collection":[{"href":"https:\/\/kulturbloggen.com\/index.php?rest_route=\/wp\/v2\/posts"}],"about":[{"href":"https:\/\/kulturbloggen.com\/index.php?rest_route=\/wp\/v2\/types\/post"}],"author":[{"embeddable":true,"href":"https:\/\/kulturbloggen.com\/index.php?rest_route=\/wp\/v2\/users\/2"}],"replies":[{"embeddable":true,"href":"https:\/\/kulturbloggen.com\/index.php?rest_route=%2Fwp%2Fv2%2Fcomments&post=17104"}],"version-history":[{"count":0,"href":"https:\/\/kulturbloggen.com\/index.php?rest_route=\/wp\/v2\/posts\/17104\/revisions"}],"wp:attachment":[{"href":"https:\/\/kulturbloggen.com\/index.php?rest_route=%2Fwp%2Fv2%2Fmedia&parent=17104"}],"wp:term":[{"taxonomy":"category","embeddable":true,"href":"https:\/\/kulturbloggen.com\/index.php?rest_route=%2Fwp%2Fv2%2Fcategories&post=17104"},{"taxonomy":"post_tag","embeddable":true,"href":"https:\/\/kulturbloggen.com\/index.php?rest_route=%2Fwp%2Fv2%2Ftags&post=17104"}],"curies":[{"name":"wp","href":"https:\/\/api.w.org\/{rel}","templated":true}]}}