{"id":169859,"date":"2023-08-08T13:41:21","date_gmt":"2023-08-08T12:41:21","guid":{"rendered":"https:\/\/kulturbloggen.com\/?p=169859"},"modified":"2023-08-08T13:41:21","modified_gmt":"2023-08-08T12:41:21","slug":"tre-tysta-minuter-for-yttrandefriheten","status":"publish","type":"post","link":"https:\/\/kulturbloggen.com\/?p=169859","title":{"rendered":"Tre tysta minuter f\u00f6r yttrandefriheten"},"content":{"rendered":"<p><img loading=\"lazy\" decoding=\"async\" class=\"aligncenter size-full wp-image-169863\" src=\"https:\/\/kulturbloggen.com\/wp-content\/uploads\/2023\/08\/caricature-5123407_1280.jpg\" alt=\"\" width=\"650\" height=\"650\" srcset=\"https:\/\/kulturbloggen.com\/wp-content\/uploads\/2023\/08\/caricature-5123407_1280.jpg 650w, https:\/\/kulturbloggen.com\/wp-content\/uploads\/2023\/08\/caricature-5123407_1280-300x300.jpg 300w, https:\/\/kulturbloggen.com\/wp-content\/uploads\/2023\/08\/caricature-5123407_1280-150x150.jpg 150w\" sizes=\"auto, (max-width: 650px) 100vw, 650px\" \/><\/p>\n<p>Den svenska scenkonsten har f\u00e5tt nog! Nu samlar sig hela scenkonstbranschen f\u00f6r en nationell manifestation. Den 1 september mellan klockan 20.15 och 20.18 h\u00e5lls tre gemensamma tysta minuter f\u00f6r kulturen, konsten och yttrandefriheten. Alla publika evenemang s\u00e4tts p\u00e5 paus f\u00f6r att demonstrera hur tomt Sverige blir utan kultur.<\/p>\n<p>Ett pressmeddelande ber\u00e4ttar:<br \/>\nTre tysta minuter \u00e4r en manifestation som kommer ur kulturarbetares vilja att synligg\u00f6ra nedmonteringen och bortprioriteringen av kultursektorn. I september 2021 kom utredningen \u00c5terstart f\u00f6r kulturen som bland annat f\u00f6reslog 3,9 miljarder extra till kulturen under de n\u00e4rmaste tv\u00e5 \u00e5ren. Den d\u00e5varande regeringen beslutade om olika insatser p\u00e5 sammanlagt 940 miljoner som delades ut under 2022. Men i den nya regeringens budgetproposition inf\u00f6r 2023 avslutades \u00e5terstartsmedlen. Kulturen fick d\u00e4rmed en miljard mindre i anslag \u00e4n f\u00f6reg\u00e5ende \u00e5r.<\/p>\n<p>Manifestationen Tre tysta minuter \u00e5terskapar den h\u00e4ndelse som \u00e4gde rum samma tid och<br \/>\ndatum 1988 d\u00e5 stora delar av Kultursverige under tre minuter pausades.<\/p>\n<p>\u2013 Nu \u00e4r det dags igen, 35 \u00e5r senare. Vi beh\u00f6ver visa att kulturen inte kan bortprioriteras utan att det f\u00e5r konsekvenser f\u00f6r yttrandefriheten, demokratin och f\u00f6r m\u00e4nniskors sj\u00e4lsliga h\u00e4lsa. De smygande f\u00f6rskjutningarna och neddragningarna \u00e4r lika farliga som de drastiska, s\u00e4ger Isabel Cruz Liljegren, dramatiker och en av initiativtagarna till Tre tysta minuter.<\/p>\n<p>Tre tysta minuter vill visa att det finns en stark vilja att samarbeta f\u00f6r att f\u00f6rsvara kulturen och konsten. Den 1 september 2023, klockan 20.15 tystnar d\u00e4rf\u00f6r Scenkonstsverige i tre minuter. F\u00f6r en h\u00e5llbar och l\u00e5ngsiktig kulturpolitik. F\u00f6r b\u00e4ttre ekonomiska och strukturella villkor. F\u00f6r bevarandet av kulturens ekosystem. Vi sluter \u00e5ter upp i tider av kris och kr\u00e4ver en f\u00f6r\u00e4ndring!<\/p>\n","protected":false},"excerpt":{"rendered":"<p>Den svenska scenkonsten har f\u00e5tt nog! Nu samlar sig hela scenkonstbranschen f\u00f6r en nationell manifestation. Den 1 september mellan klockan 20.15 och 20.18 h\u00e5lls tre gemensamma tysta minuter f\u00f6r kulturen, konsten och yttrandefriheten. Alla publika evenemang s\u00e4tts p\u00e5 paus f\u00f6r att demonstrera hur tomt Sverige blir utan kultur. Ett pressmeddelande ber\u00e4ttar: Tre tysta minuter \u00e4r [&hellip;]<\/p>\n","protected":false},"author":2,"featured_media":0,"comment_status":"closed","ping_status":"closed","sticky":false,"template":"","format":"standard","meta":{"_genesis_hide_title":false,"_genesis_hide_breadcrumbs":false,"_genesis_hide_singular_image":false,"_genesis_hide_footer_widgets":false,"_genesis_custom_body_class":"","_genesis_custom_post_class":"","_genesis_layout":"","footnotes":""},"categories":[62,13624],"tags":[14669,6481],"class_list":{"0":"post-169859","1":"post","2":"type-post","3":"status-publish","4":"format-standard","6":"category-medie-och-kulturpolitik","7":"category-toppnytt","8":"tag-tre-tysta-minuter","9":"tag-yttrandfrihet","10":"entry"},"_links":{"self":[{"href":"https:\/\/kulturbloggen.com\/index.php?rest_route=\/wp\/v2\/posts\/169859","targetHints":{"allow":["GET"]}}],"collection":[{"href":"https:\/\/kulturbloggen.com\/index.php?rest_route=\/wp\/v2\/posts"}],"about":[{"href":"https:\/\/kulturbloggen.com\/index.php?rest_route=\/wp\/v2\/types\/post"}],"author":[{"embeddable":true,"href":"https:\/\/kulturbloggen.com\/index.php?rest_route=\/wp\/v2\/users\/2"}],"replies":[{"embeddable":true,"href":"https:\/\/kulturbloggen.com\/index.php?rest_route=%2Fwp%2Fv2%2Fcomments&post=169859"}],"version-history":[{"count":4,"href":"https:\/\/kulturbloggen.com\/index.php?rest_route=\/wp\/v2\/posts\/169859\/revisions"}],"predecessor-version":[{"id":169864,"href":"https:\/\/kulturbloggen.com\/index.php?rest_route=\/wp\/v2\/posts\/169859\/revisions\/169864"}],"wp:attachment":[{"href":"https:\/\/kulturbloggen.com\/index.php?rest_route=%2Fwp%2Fv2%2Fmedia&parent=169859"}],"wp:term":[{"taxonomy":"category","embeddable":true,"href":"https:\/\/kulturbloggen.com\/index.php?rest_route=%2Fwp%2Fv2%2Fcategories&post=169859"},{"taxonomy":"post_tag","embeddable":true,"href":"https:\/\/kulturbloggen.com\/index.php?rest_route=%2Fwp%2Fv2%2Ftags&post=169859"}],"curies":[{"name":"wp","href":"https:\/\/api.w.org\/{rel}","templated":true}]}}