{"id":169597,"date":"2023-08-01T09:24:00","date_gmt":"2023-08-01T08:24:00","guid":{"rendered":"https:\/\/kulturbloggen.com\/?p=169597"},"modified":"2023-08-01T11:12:34","modified_gmt":"2023-08-01T10:12:34","slug":"bokrecension-den-oavslutade-litteraturen-av-kristoffer-leandoer-fascinerande-inspirerande-och-ger-sadan-laslust","status":"publish","type":"post","link":"https:\/\/kulturbloggen.com\/?p=169597","title":{"rendered":"Bokrecension: Den oavslutade litteraturen av Kristoffer Leandoer &#8211; Fascinerande, inspirerande och ger s\u00e5dan l\u00e4slust"},"content":{"rendered":"<p><img loading=\"lazy\" decoding=\"async\" class=\"aligncenter size-full wp-image-169602\" src=\"https:\/\/kulturbloggen.com\/wp-content\/uploads\/2023\/07\/Denoavslutade-litteraturen-9789127170001.jpg\" alt=\"\" width=\"446\" height=\"650\" srcset=\"https:\/\/kulturbloggen.com\/wp-content\/uploads\/2023\/07\/Denoavslutade-litteraturen-9789127170001.jpg 446w, https:\/\/kulturbloggen.com\/wp-content\/uploads\/2023\/07\/Denoavslutade-litteraturen-9789127170001-206x300.jpg 206w\" sizes=\"auto, (max-width: 446px) 100vw, 446px\" \/><\/p>\n<p><a href=\"https:\/\/www.bokus.com\/bok\/9789127170001\/den-oavslutade-litteraturen-en-essa-om-allt-som-inte-blev-klart\/\">Den oavslutade litteraturen &#8211; en ess\u00e4 om allt som inte blev klart<\/a><br \/>\nF\u00f6rfattare Kristoffer Leandoer<br \/>\n<a href=\"https:\/\/www.adlibris.com\/se\/bok\/den-oavslutade-litteraturen-en-essa-om-allt-som-inte-blev-klart-9789127170001\">Utgivningsdatum 2023-01-05<\/a><br \/>\nF\u00f6rlag <a href=\"https:\/\/www.nok.se\/titlar\/a7\/den-oavslutade-litteraturen\/\">Natur &amp; Kultur<\/a><br \/>\nISBN 9789127170001<\/p>\n<p>En djupdykning i litteraturen ur alla t\u00e4nkbara synvinklar. Fascinerande. L\u00e4rorikt. Inspirerande. Jag vill rusa till biblioteket och l\u00e5na alla b\u00f6cker som n\u00e4mns.<\/p>\n<p>Kristoffer Leandoer \u00e4r f\u00f6rfattare och litteraturkritiker. Denna bok \u00e4r en ess\u00e4 och litteratur som inte blev f\u00e4rdigskriven men om mycket mer. Det \u00e4r en betraktelse \u00f6ver vad en ber\u00e4ttelse \u00e4r eller inte \u00e4r.<\/p>\n<p>I beskrivningen av boken st\u00e5r:<br \/>\n<em>Vissa b\u00f6cker blir aldrig klara. \u00c4nd\u00e5 r\u00e4knas de till v\u00e5ra klassiker. Hit h\u00f6r Vergilius Aeneiden, Chaucers Canterburys\u00e4gner, Gogols D\u00f6da sj\u00e4lar, Musils Mannen utan egenskaper och otaliga andra.<\/em><\/p>\n<p>Men egentligen: varje ber\u00e4ttelse v\u00e4xer ju inne i den som tar emot den och d\u00e4rmed tolkar och format den. D\u00e4rf\u00f6r finns inte ett enda avslut eftersom alla ber\u00e4ttelser forts\u00e4tter att leva inne i den som h\u00f6r den eller l\u00e4ser den.<\/p>\n<p>Den h\u00e4r ess\u00e4n tar sin tid att l\u00e4sa. Det \u00e4r inte en bok jag klarade att l\u00e4sa \u00f6ver en helg. Varje kapitel tog tid, jag beh\u00f6vde t\u00e4nka och fundera sj\u00e4lv. Det \u00e4r en ess\u00e4 n\u00e4r den \u00e4r som b\u00e4st och som starkast. Den \u00e4r smart skriven, den \u00e4r briljant och en sak \u00e4r s\u00e4ker: n\u00e4r jag l\u00e4st de b\u00f6cker och f\u00f6rfattare som tas upp i ess\u00e4n och som jag inte tidigare l\u00e4st: d\u00e5 kommer jag att l\u00e4sa om denna ess\u00e4. Och jag t\u00e4nker ocks\u00e5 l\u00e4sa alla de f\u00f6rfattare som tas upp och som jag tidigare l\u00e4st. F\u00f6r nu har Leandoer satt nytt ljus p\u00e5 dem.<\/p>\n<p><strong>Fakta on f\u00f6rfattaren:<\/strong><br \/>\n<a href=\"https:\/\/www.nok.se\/forfattare\/l\/kristoffer-leandoer\/0fc2f039-a035-498a-9d7b-4dca2501d429\">Kristoffer Leandoer<\/a> \u00e4r f\u00f6rfattare och litteraturkritiker, n\u00e4r boken skrevs och gavs ut var han bosatt i Tirana. Han har nominerats till Augustpriset tv\u00e5 g\u00e5nger, senast f\u00f6r ess\u00e4boken L\u00e4ngta hem, l\u00e4ngta bort (2020), och tilldelats \u00e5tskilliga priser och utm\u00e4rkelser, senast Madeleine Gustafsson-priset f\u00f6r litteratur kritik av h\u00f6gsta kvalitet.<br \/>\nP\u00e5 Natur &amp; Kultur har han utgivit romanerna September och De f\u00f6rsvunna b\u00f6ckernas bibliotek.<\/p>\n","protected":false},"excerpt":{"rendered":"<p>Den oavslutade litteraturen &#8211; en ess\u00e4 om allt som inte blev klart F\u00f6rfattare Kristoffer Leandoer Utgivningsdatum 2023-01-05 F\u00f6rlag Natur &amp; Kultur ISBN 9789127170001 En djupdykning i litteraturen ur alla t\u00e4nkbara synvinklar. Fascinerande. L\u00e4rorikt. Inspirerande. Jag vill rusa till biblioteket och l\u00e5na alla b\u00f6cker som n\u00e4mns. Kristoffer Leandoer \u00e4r f\u00f6rfattare och litteraturkritiker. Denna bok \u00e4r en [&hellip;]<\/p>\n","protected":false},"author":2,"featured_media":0,"comment_status":"closed","ping_status":"closed","sticky":false,"template":"","format":"standard","meta":{"_genesis_hide_title":false,"_genesis_hide_breadcrumbs":false,"_genesis_hide_singular_image":false,"_genesis_hide_footer_widgets":false,"_genesis_custom_body_class":"","_genesis_custom_post_class":"","_genesis_layout":"","footnotes":""},"categories":[43,3,16,13624],"tags":[],"class_list":{"0":"post-169597","1":"post","2":"type-post","3":"status-publish","4":"format-standard","6":"category-bokrecension","7":"category-litteratur","8":"category-recension","9":"category-toppnytt","10":"entry"},"_links":{"self":[{"href":"https:\/\/kulturbloggen.com\/index.php?rest_route=\/wp\/v2\/posts\/169597","targetHints":{"allow":["GET"]}}],"collection":[{"href":"https:\/\/kulturbloggen.com\/index.php?rest_route=\/wp\/v2\/posts"}],"about":[{"href":"https:\/\/kulturbloggen.com\/index.php?rest_route=\/wp\/v2\/types\/post"}],"author":[{"embeddable":true,"href":"https:\/\/kulturbloggen.com\/index.php?rest_route=\/wp\/v2\/users\/2"}],"replies":[{"embeddable":true,"href":"https:\/\/kulturbloggen.com\/index.php?rest_route=%2Fwp%2Fv2%2Fcomments&post=169597"}],"version-history":[{"count":12,"href":"https:\/\/kulturbloggen.com\/index.php?rest_route=\/wp\/v2\/posts\/169597\/revisions"}],"predecessor-version":[{"id":169610,"href":"https:\/\/kulturbloggen.com\/index.php?rest_route=\/wp\/v2\/posts\/169597\/revisions\/169610"}],"wp:attachment":[{"href":"https:\/\/kulturbloggen.com\/index.php?rest_route=%2Fwp%2Fv2%2Fmedia&parent=169597"}],"wp:term":[{"taxonomy":"category","embeddable":true,"href":"https:\/\/kulturbloggen.com\/index.php?rest_route=%2Fwp%2Fv2%2Fcategories&post=169597"},{"taxonomy":"post_tag","embeddable":true,"href":"https:\/\/kulturbloggen.com\/index.php?rest_route=%2Fwp%2Fv2%2Ftags&post=169597"}],"curies":[{"name":"wp","href":"https:\/\/api.w.org\/{rel}","templated":true}]}}