{"id":16954,"date":"2010-01-25T10:12:36","date_gmt":"2010-01-25T09:12:36","guid":{"rendered":"http:\/\/kulturbloggen.com\/?p=16954"},"modified":"2010-01-25T10:12:36","modified_gmt":"2010-01-25T09:12:36","slug":"elektra-valkommen-tillbaka-i-host","status":"publish","type":"post","link":"https:\/\/kulturbloggen.com\/?p=16954","title":{"rendered":"Elektra- v\u00e4lkommen tillbaka i h\u00f6st!"},"content":{"rendered":"<p><img loading=\"lazy\" decoding=\"async\" src=\"http:\/\/kulturbloggen.com\/wp-content\/uploads\/2010\/01\/elektrakungligaoperan-300x150.jpg\" alt=\"elektrakungligaoperan\" title=\"elektrakungligaoperan\" width=\"300\" height=\"150\" class=\"alignleft size-medium wp-image-16955\" \/><br \/>\nH\u00e4romkv\u00e4llen var jag med om en mycket speciell operah\u00e4ndelse. Jag var n\u00e4mligen p\u00e5 Kungliga Operan och s\u00e5g och h\u00f6rde Richard Strauss Elektra.Jag s\u00e5g f\u00f6rest\u00e4llningen tillsammans med A. en god v\u00e4n fr\u00e5n, som det heter bloggosf\u00e4ren och jag tror att vi b\u00e5da tv\u00e5 var gripna av f\u00f6rest\u00e4llningen.<\/p>\n<p>Det \u00e4r inte n\u00e5gon helt l\u00e4tttillg\u00e4nglig opera \u00e4ven om den \u00e4r kortare \u00e4n en normal akt i Richard Wagners olika delar av Nibelungens ring.<\/p>\n<p>Det \u00e4r, tror jag, andra g\u00e5ngen jag ser Elektra f\u00f6rsta tillf\u00e4llet var p\u00e5 Den Kongelige Teater i K\u00f6penhamn n\u00e4r jag s\u00e5g Peter Konwitschnys version. Med badkar, plastankor och minns jag moderna k-pistar. Det var en f\u00f6rest\u00e4llning som jag inte riktigt tyckte om \u00e4ven om det inte fanns n\u00e5got att anm\u00e4rka p\u00e5 s\u00e5ngarinsatser eller liknande.<\/p>\n<p>Det har ju sedan dess g\u00e5tt n\u00e5gra \u00e5r och bland annat har jag sett en del andra verk av Strauss bl.a Salome, Ariadne p\u00e5 Naxos, Capriccio, Die Frauen Ohne Schatten, Arabella, och inte minst Rosenkavaljeren.<\/p>\n<p>Stockholmoperans version \u00e4r signerad radarparet Staffan Valdemar Holm och Bente Lykke-M\u00f6ller, samma par som svarade f\u00f6r Nibelungens ring. En helt fantastisk upps\u00e4ttning om jag bortser fr\u00e5n scenografin, som jag tyckte var helt obegriplig.<\/p>\n<p>Jag hade tyv\u00e4rr inte m\u00f6jlighet att \u00f6vervara premi\u00e4ren och dessutom missade jag en chans att se en av generalrepetitionerna, men jag lyssnade i alla fall p\u00e5 direktuts\u00e4ndningen i Sveriges Radio.<\/p>\n<p>Det var en mycket kraftfull upplevelse redan det. Under tiden har jag b\u00e5de l\u00e4st recensioner och lyssnat p\u00e5 min gode operav\u00e4n J som s\u00e5g f\u00f6rest\u00e4llningen mellan jul och ny\u00e5r och av detta f\u00f6rst\u00e5tt att det var en speciell upps\u00e4ttning som man n\u00e4stan kan kalla minimalistisk i sin scenbild.<\/p>\n<p>Det var en oerh\u00f6rd stark upplevelse och efter f\u00f6rest\u00e4llningen orkade jag i stort sett inte g\u00f6ra annat \u00e4n str\u00f6l\u00e4sa i Alex Schulmans nyutkomna bok \u201dSkynda att \u00e4lska\u201d, som handlar om hans far, den k\u00e4nde tv-producenten Allan Schulman, och deras liv tillsammans.<\/p>\n<p>Medverkande:<br \/>\nKlytaimnestra:           Marianne Ekl\u00f6f<br \/>\nElektra:                      Katarina Dalayman<br \/>\nChrysothemis:           Emma Vetter<br \/>\nAigisthos:                  Magnus Kyhle<br \/>\nOrestes:                     Johan Edholm<br \/>\nUppfostraren:           John-Erik Eleby<br \/>\nDen f\u00f6rtrogna:         Agneta Lundgren<br \/>\nSl\u00e4pb\u00e4rerskan:         Barbro Hillerud<br \/>\nEn ung tj\u00e4nare:        Niklas Bj\u00f6rling-Rygert<br \/>\nEn gammal tj\u00e4nare: Tomas Bergstr\u00f6m<br \/>\nVakterskan:              Angela Rotondo<br \/>\nFem tj\u00e4narinnor<br \/>\nSex tj\u00e4nstekvinnor<\/p>\n<p>Scenografi och kostym: Bente Lykke-M\u00f6ller<br \/>\nLjusdesign: Torben Lendorph<br \/>\nDramaturg: Stefan Johansson<br \/>\nRegi: Staffan Valdemar Holm<br \/>\nDirigent: Pier Giorgio Morandi<\/p>\n<p>Det var som tidigare konstaterat  en oerh\u00f6rd stor upplevelse att se och h\u00f6ra Elektra \u00e4ven om jag har sv\u00e5rt att precisera det som var bra och d\u00e5ligt eller r\u00e4ttare sagt mindre bra, men det som jag omedelbart kan konstatera \u00e4r att Kungliga Hovkapellet var helt fantastiska \u00e4ven denna afton. N\u00e4r jag f\u00f6rs\u00f6ker formulera mina uppfattningar och motivera dessa s\u00e5 \u00e4r det ofr\u00e5nkomligt att jag j\u00e4mf\u00f6r kv\u00e4llen med tidigare sedda f\u00f6rest\u00e4llningar.<\/p>\n<p>S\u00e5ngligt sett har jag inte n\u00e5gra allvarliga erinringar, men jag m\u00e5ste s\u00e4ga att Susanne Resmark \u00f6vergl\u00e4nste Marianne Ekl\u00f6f som Klytaimnestra, medan Eva Johansson som Elektra var fullt j\u00e4mf\u00f6rbar med Katarina Dalayman, men sj\u00e4lvfallet kan jag i detta senare fall missminna mig. Det jag tyckte brast var Katarina Dalaymans agerande i slutscen med den hysteriska dansen som jag inte alls fann s\u00e4rskilt hysteriskt. Tv\u00e4rtom.<\/p>\n<p>Det \u00e4r dock ingen \u00f6verdrift att p\u00e5st\u00e5 att kv\u00e4llens stora beh\u00e5llning var Emma Vetter som Chrysothemis. Det var en helt fantastisk bedrift \u00e4ven om hon beh\u00f6ll skorna p\u00e5 hela tiden.<\/p>\n<p>Jag tror att det som st\u00f6rde mig absolut var scenografin och denna g\u00e5ng \u00e4ven regin. Jag s\u00e4tter ett stort fr\u00e5getecken inf\u00f6r dessa delar. Varf\u00f6r skulle Orestes spela s\u00f6mndrycken och obeslutsam? Varf\u00f6r skulle man h\u00e5lla p\u00e5 och ta av och s\u00e4tta p\u00e5 skorna p\u00e5 Klytaimnestra? Varf\u00f6r skulle Aigisthos spela onykter?<\/p>\n<p>Det \u00e4r mycket m\u00f6jligt att jag lider av bristande fantasi, men jag tror \u00e4nd\u00e5 jag har f\u00f6rm\u00e5ga att uppskatta framf\u00f6rallt Strauss fantastiska musik. Jag tycker att jag ibland h\u00f6r inslag, om \u00e4n korta, av hans kommande produktion till exempel Rosenkavaljeren. Ja, det \u00e4r en salig blandning fr\u00e5n b\u00f6rjan till slut, men musiken blir bara b\u00e4ttre och b\u00e4ttre under operans g\u00e5ng.<\/p>\n<p>Avslutningsvis vill jag ge f\u00f6rest\u00e4llningen fyra av fem m\u00f6jliga stj\u00e4rnor och att denna f\u00f6rsta operaresa till Kungliga Operan blir en minnesv\u00e4rd upplevelse om \u00e4n med stora kontraster, men det \u00e4r precis s\u00e5 det skall vara i operans v\u00e4rld.<\/p>\n<p>L\u00e4s \u00e4ven andra bloggares \u00e5sikter om <a href=\"http:\/\/bloggar.se\/om\/Elektra\" rel=\"tag\">Elektra<\/a>, <a href=\"http:\/\/bloggar.se\/om\/Kungliga+Operan\" rel=\"tag\">Kungliga Operan<\/a>, <a href=\"http:\/\/bloggar.se\/om\/Richard+Strauss\" rel=\"tag\">Richard Strauss<\/a>, <a href=\"http:\/\/bloggar.se\/om\/Katarina+Dalyman\" rel=\"tag\">Katarina Dalyman<\/a>, <a href=\"http:\/\/bloggar.se\/om\/Marianne+Ekl%F6f\" rel=\"tag\">Marianne Ekl\u00f6f<\/a>, <a href=\"http:\/\/bloggar.se\/om\/Emma+Vetter\" rel=\"tag\">Emma Vetter<\/a><\/p>\n","protected":false},"excerpt":{"rendered":"<p>H\u00e4romkv\u00e4llen var jag med om en mycket speciell operah\u00e4ndelse. Jag var n\u00e4mligen p\u00e5 Kungliga Operan och s\u00e5g och h\u00f6rde Richard Strauss Elektra.Jag s\u00e5g f\u00f6rest\u00e4llningen tillsammans med A. en god v\u00e4n fr\u00e5n, som det heter bloggosf\u00e4ren och jag tror att vi b\u00e5da tv\u00e5 var gripna av f\u00f6rest\u00e4llningen. Det \u00e4r inte n\u00e5gon helt l\u00e4tttillg\u00e4nglig opera \u00e4ven om [&hellip;]<\/p>\n","protected":false},"author":13,"featured_media":0,"comment_status":"open","ping_status":"open","sticky":false,"template":"","format":"standard","meta":{"_genesis_hide_title":false,"_genesis_hide_breadcrumbs":false,"_genesis_hide_singular_image":false,"_genesis_hide_footer_widgets":false,"_genesis_custom_body_class":"","_genesis_custom_post_class":"","_genesis_layout":"","footnotes":""},"categories":[7],"tags":[1473,4147,4742],"class_list":{"0":"post-16954","1":"post","2":"type-post","3":"status-publish","4":"format-standard","6":"category-musik","7":"tag-elektra","8":"tag-opera","9":"tag-richard-strauss","10":"entry"},"_links":{"self":[{"href":"https:\/\/kulturbloggen.com\/index.php?rest_route=\/wp\/v2\/posts\/16954","targetHints":{"allow":["GET"]}}],"collection":[{"href":"https:\/\/kulturbloggen.com\/index.php?rest_route=\/wp\/v2\/posts"}],"about":[{"href":"https:\/\/kulturbloggen.com\/index.php?rest_route=\/wp\/v2\/types\/post"}],"author":[{"embeddable":true,"href":"https:\/\/kulturbloggen.com\/index.php?rest_route=\/wp\/v2\/users\/13"}],"replies":[{"embeddable":true,"href":"https:\/\/kulturbloggen.com\/index.php?rest_route=%2Fwp%2Fv2%2Fcomments&post=16954"}],"version-history":[{"count":0,"href":"https:\/\/kulturbloggen.com\/index.php?rest_route=\/wp\/v2\/posts\/16954\/revisions"}],"wp:attachment":[{"href":"https:\/\/kulturbloggen.com\/index.php?rest_route=%2Fwp%2Fv2%2Fmedia&parent=16954"}],"wp:term":[{"taxonomy":"category","embeddable":true,"href":"https:\/\/kulturbloggen.com\/index.php?rest_route=%2Fwp%2Fv2%2Fcategories&post=16954"},{"taxonomy":"post_tag","embeddable":true,"href":"https:\/\/kulturbloggen.com\/index.php?rest_route=%2Fwp%2Fv2%2Ftags&post=16954"}],"curies":[{"name":"wp","href":"https:\/\/api.w.org\/{rel}","templated":true}]}}