{"id":16931,"date":"2010-01-24T10:59:21","date_gmt":"2010-01-24T09:59:21","guid":{"rendered":"http:\/\/kulturbloggen.com\/?p=16931"},"modified":"2010-01-24T10:59:21","modified_gmt":"2010-01-24T09:59:21","slug":"svds-ledare-visar-att-nu-ar-det-panik-i-hogern","status":"publish","type":"post","link":"https:\/\/kulturbloggen.com\/?p=16931","title":{"rendered":"SVD:s ledare visar att nu \u00e4r det panik i h\u00f6gern"},"content":{"rendered":"<p><a href=\"http:\/\/kulturbloggen.com\/wp-content\/uploads\/2010\/01\/gudmundson.jpg\"><img loading=\"lazy\" decoding=\"async\" src=\"http:\/\/kulturbloggen.com\/wp-content\/uploads\/2010\/01\/gudmundson-300x226.jpg\" alt=\"gudmundson\" title=\"gudmundson\" width=\"300\" height=\"226\" class=\"aligncenter size-medium wp-image-16932\" \/><\/a><\/p>\n<p><a href=\"http:\/\/www.svd.se\/nyheter\/inrikes\/rodgrona-leder-med-10-procent_4138621.svd\">\u00c4nnu en opinionsunders\u00f6kning<\/a> visar att svenska v\u00e4ljare \u00e4r tr\u00f6tt p\u00e5 utvecklingen av samh\u00e4llet. De \u00e4r tr\u00f6tta p\u00e5 fler \u00f6vervakningslagar som FRA och ipred, de \u00e4r tr\u00f6tta p\u00e5 att sjuka inte f\u00e5r del av f\u00f6rs\u00e4kringssystemet n\u00e4r de blir l\u00e5ngtidssjuka i sv\u00e5ra sjukdomar, de \u00e4r tr\u00f6tta p\u00e5 general Bj\u00f6rklund som vill l\u00f6sa alla problem i skolan med att peka med hela armen, de \u00e4r tr\u00f6tta p\u00e5 att klyftorna \u00f6kar: inte f\u00f6r att de rika blir rikare utan f\u00f6r att de fattiga blir fattigare, att a-kassan urholkas &#8230;<\/p>\n<p>Det h\u00e4r \u00e4r f\u00f6rst\u00e5s sv\u00e5rt att ta f\u00f6r de m\u00e4n som hyllar h\u00f6gerregeringen. S\u00e5 klart. Det \u00e4r tungt.<br \/>\nS\u00e5 det l\u00e5tar r\u00e4tt panikartat att l\u00e4sa f\u00f6ljande rubrik:<\/p>\n<blockquote><p><a href=\"http:\/\/www.svd.se\/opinion\/ledarsidan\/vem-tror-att-de-kan-halla-emot-v-och-mp_4139415.svd\">Pension\u00e4rerna har valt sida. N\u00e4r f\u00f6rst\u00e5r ungdomarna att de ska f\u00f6lja efter?<\/a><\/p><\/blockquote>\n<p>F\u00f6r det f\u00f6rsta: meningen med livet \u00e4r v\u00e4l inte att ungdomar ska g\u00e5 i pension\u00e4rernas sp\u00e5r? Det \u00e4r en riktigt usel rubrik. Gudmundson f\u00f6rs\u00f6ker sudda bort opinionssiffrorna, men han har ett skr\u00e4mmande po\u00e4ng:<\/p>\n<blockquote><p>Oppositionen leder med 51,8 procent mot Alliansens 41,5 procent, vilket allts\u00e5 ger ett f\u00f6rspr\u00e5ng p\u00e5 lite drygt tio procentenheter f\u00f6r de r\u00f6dgr\u00f6na. Socialdemokraterna har 36,9 procent, Milj\u00f6partiet 9,4 och V\u00e4nsterpartiet 5,5. Moderaterna tar 25,8 procent, Folkpartiet f\u00e5r 6,7, Centerpartiet ligger p\u00e5 5,0 och Kristdemokraterna har 4,0.<\/p>\n<p>F\u00f6r ett helt j\u00e4mnt l\u00e4ge skulle det kr\u00e4vas att de borgerliga vunne \u00f6ver omkring 300.000 v\u00e4ljare fr\u00e5n de r\u00f6dgr\u00f6na. Men eftersom Sverigedemokraterna h\u00e4r uppm\u00e4ts till 5,0 procent, och eftersom SD s\u00e4ger sig st\u00f6dja varken det ena eller andra blocket, s\u00e5 r\u00e4cker det med att Alliansen norpar 150.000 v\u00e4ljare fr\u00e5n de r\u00f6dgr\u00f6na f\u00f6r att det efter valet skulle uppst\u00e5 en oklar parlamentarisk situation, snarare \u00e4n en r\u00f6dgr\u00f6n majoritet. <\/p><\/blockquote>\n<p>Eftersom vi inte f\u00e5tt riktigt tydliga besked fr\u00e5n h\u00f6gerns partier om de kan t\u00e4nka sig reagera med hj\u00e4lp av SD:s r\u00f6ster &#8211; \u00e4r det ett skr\u00e4mmande scenario Gudmundson pekar p\u00e5.<\/p>\n<p>En annan av SVD:s ledarskribent har tagit till storsl\u00e4ggan, s\u00e5 nu \u00e4r det valr\u00f6relsen som har startat. <a href=\"http:\/\/www.svd.se\/opinion\/ledarsidan\/tillbaka-till-systemskiftet_4139407.svd\">PJ Anders Linder skr\u00e4mmer f\u00f6r h\u00f6gskattepolitiken<\/a>:<\/p>\n<blockquote><p>H\u00f6gskattepolitiken k\u00e4nns lika k\u00e4rnsvensk som midsommar och melankoli, men den \u00e4r ingen urgammal tradition. Under den l\u00e5nga tillv\u00e4xtperiod d\u00e5 vi blev en av v\u00e4rldens rikaste nationer l\u00e5g skatterna p\u00e5 ungef\u00e4r samma niv\u00e5 som i andra industril\u00e4nder. Vid 1960-talets mitt var skattetrycket fortfarande inte h\u00f6gre \u00e4n dagens OECD-genomsnitt p\u00e5 cirka 35 procent av BNP.<\/p>\n<p>H\u00f6gskattepolitiken \u00e4r ett barn av \u201ddet l\u00e5nga 1970-talet\u201d: av Socialdemokraternas radikalisering och makt respektive borgerlighetens f\u00f6rvirring och vanmakt. Pl\u00f6tsligt fanns inga gr\u00e4nser f\u00f6r hur snabbt samh\u00e4llet skulle politiseras och inga gr\u00e4nser f\u00f6r vad politiseringen fick kosta. Moms, arbetsgivaravgifter och marginalskatter s\u00e5gs som ymnighetshorn ur vilka \u00f6kande resurser f\u00f6r alltid skulle fl\u00f6da.<\/p><\/blockquote>\n<p>PJ Anders Linder \u00e4r rutinerad. Han vet vad som \u00e4r den svaga punkt som kan hindra <a href=\"http:\/\/www.rodgron.se\/kategori\/bloggen\/\">de r\u00f6dgr\u00f6na<\/a>. M\u00e4nniskor har vant sig vid jobbskatteavdraget, som g\u00f6r att m\u00e5nga f\u00e5r ut mellan 1.000 till drygt 2.000 mer i m\u00e5naden. Utmaningen f\u00f6r de r\u00f6dgr\u00f6na \u00e4r att f\u00f6rdela samh\u00e4llets resurser s\u00e5 vi har trygghet vid sjukdom, trygghet vid arbetsl\u00f6shet, lika skatter f\u00f6r pension\u00e4rer som andra  och s\u00e5 vidare, men utan att h\u00f6ja skatterna.<\/p>\n<p>Relaterade bloggar:<br \/>\n<a href=\"http:\/\/bloggarna.se\/webedit\/ace\/aa.asp?sidaid=460#10jan24\">Bloggarna.se<\/a>, <a href=\"http:\/\/kentpersson.wordpress.com\/2010\/01\/24\/vem-lockas-av-systemskiften-och-aterstallare\/\">Kent Persson<\/a>, <a href=\"http:\/\/robsten.blogspot.com\/2010\/01\/pensionarernas-politiska-ororlighet.html\">Robstens blog<\/a>, <a href=\"http:\/\/krassman-inyourface.blogspot.com\/2010\/01\/far-vi-se-persson-kopian-ikvall.html\">In your Face<\/a> och <a href=\"http:\/\/anderspihlblad.nyhetskanalen.se\/2010\/01\/24\/alliansens-farg-ar-gra\/\">Anders Pihlblad<\/a><\/p>\n<p>Relaterat: <a href=\"http:\/\/www.aftonbladet.se\/nyheter\/article6480011.ab\">Aftonbladet 1<\/a>, <a href=\"http:\/\/www.aftonbladet.se\/nyheter\/article6479801.ab\">Aftonbladet 2<\/a>, <a href=\"http:\/\/www.dn.se\/nyheter\/valet2010\/rodgron-ledning-med-drygt-10-procent-1.1032283\">Dagens Nyheter<\/a>, <a href=\"http:\/\/www.expressen.se\/Nyheter\/1.1855815\/har-ar-reinfeldts-hemliga-taktik#\">Expressen 1<\/a>, <a href=\"http:\/\/www.expressen.se\/Nyheter\/1.1855816\/minskat-forsprang-for-de-rodgrona#\">Expressen 2<\/a> och <a href=\"http:\/\/www.gp.se\/nyheter\/sverige\/1.295677-fortsatt-rodgron-ledning\">G\u00f6teborgsposten<\/a>.<\/p>\n<p>L\u00e4s \u00e4ven andra bloggares \u00e5sikter om <a href=\"http:\/\/bloggar.se\/om\/opinion\" rel=\"tag\">opinion<\/a>, <a href=\"http:\/\/bloggar.se\/om\/val2010\" rel=\"tag\">val2010<\/a>, <a href=\"http:\/\/bloggar.se\/om\/h%F6gerregeringen\" rel=\"tag\">h\u00f6gerregeringen<\/a>, <a href=\"http:\/\/bloggar.se\/om\/Svenska+dagbladet\" rel=\"tag\">Svenska dagbladet<\/a>, <a href=\"http:\/\/bloggar.se\/om\/Gudmundson\" rel=\"tag\">Gudmundson<\/a>, <a href=\"http:\/\/bloggar.se\/om\/panik\" rel=\"tag\">panik<\/a><\/p>\n","protected":false},"excerpt":{"rendered":"<p>\u00c4nnu en opinionsunders\u00f6kning visar att svenska v\u00e4ljare \u00e4r tr\u00f6tt p\u00e5 utvecklingen av samh\u00e4llet. De \u00e4r tr\u00f6tta p\u00e5 fler \u00f6vervakningslagar som FRA och ipred, de \u00e4r tr\u00f6tta p\u00e5 att sjuka inte f\u00e5r del av f\u00f6rs\u00e4kringssystemet n\u00e4r de blir l\u00e5ngtidssjuka i sv\u00e5ra sjukdomar, de \u00e4r tr\u00f6tta p\u00e5 general Bj\u00f6rklund som vill l\u00f6sa alla problem i skolan med [&hellip;]<\/p>\n","protected":false},"author":2,"featured_media":0,"comment_status":"open","ping_status":"open","sticky":false,"template":"","format":"standard","meta":{"_genesis_hide_title":false,"_genesis_hide_breadcrumbs":false,"_genesis_hide_singular_image":false,"_genesis_hide_footer_widgets":false,"_genesis_custom_body_class":"","_genesis_custom_post_class":"","_genesis_layout":"","footnotes":""},"categories":[62],"tags":[2385,4191,6163],"class_list":{"0":"post-16931","1":"post","2":"type-post","3":"status-publish","4":"format-standard","6":"category-medie-och-kulturpolitik","7":"tag-hogerregeringen","8":"tag-opinion","9":"tag-val2010","10":"entry"},"_links":{"self":[{"href":"https:\/\/kulturbloggen.com\/index.php?rest_route=\/wp\/v2\/posts\/16931","targetHints":{"allow":["GET"]}}],"collection":[{"href":"https:\/\/kulturbloggen.com\/index.php?rest_route=\/wp\/v2\/posts"}],"about":[{"href":"https:\/\/kulturbloggen.com\/index.php?rest_route=\/wp\/v2\/types\/post"}],"author":[{"embeddable":true,"href":"https:\/\/kulturbloggen.com\/index.php?rest_route=\/wp\/v2\/users\/2"}],"replies":[{"embeddable":true,"href":"https:\/\/kulturbloggen.com\/index.php?rest_route=%2Fwp%2Fv2%2Fcomments&post=16931"}],"version-history":[{"count":0,"href":"https:\/\/kulturbloggen.com\/index.php?rest_route=\/wp\/v2\/posts\/16931\/revisions"}],"wp:attachment":[{"href":"https:\/\/kulturbloggen.com\/index.php?rest_route=%2Fwp%2Fv2%2Fmedia&parent=16931"}],"wp:term":[{"taxonomy":"category","embeddable":true,"href":"https:\/\/kulturbloggen.com\/index.php?rest_route=%2Fwp%2Fv2%2Fcategories&post=16931"},{"taxonomy":"post_tag","embeddable":true,"href":"https:\/\/kulturbloggen.com\/index.php?rest_route=%2Fwp%2Fv2%2Ftags&post=16931"}],"curies":[{"name":"wp","href":"https:\/\/api.w.org\/{rel}","templated":true}]}}