{"id":16926,"date":"2010-01-24T08:12:04","date_gmt":"2010-01-24T07:12:04","guid":{"rendered":"http:\/\/kulturbloggen.com\/?p=16926"},"modified":"2010-01-24T08:12:04","modified_gmt":"2010-01-24T07:12:04","slug":"editors-till-stockholm","status":"publish","type":"post","link":"https:\/\/kulturbloggen.com\/?p=16926","title":{"rendered":"Editors till Stockholm"},"content":{"rendered":"<p><a href=\"http:\/\/kulturbloggen.com\/wp-content\/uploads\/2010\/01\/editors_lug.jpg\"><img loading=\"lazy\" decoding=\"async\" src=\"http:\/\/kulturbloggen.com\/wp-content\/uploads\/2010\/01\/editors_lug-300x166.jpg\" alt=\"editors_lug\" title=\"editors_lug\" width=\"300\" height=\"166\" class=\"aligncenter size-medium wp-image-16927\" \/><\/a><\/p>\n<p>5 maj &#8211; Stockholm, Berns<\/p>\n<p>Miljoner med kr\u00e4ngda skivor, uts\u00e5lda turn\u00e9er och maniskt m\u00f6rka fans; ja, kanske inneh\u00e5ller inte varje m\u00e5ndag, tisdag eller annan veckodag dessa ingredienser men likv\u00e4l har Editors tappat en k\u00e4lla som inf\u00f6rlivar de m\u00e4nniskor v\u00e4rlden \u00f6ver med en k\u00e4nsla av sammanhang och tillh\u00f6rande. Och om det \u00e4r inte ett gott betyg nog s\u00e5 st\u00e4mmer v\u00e5r jordglobs kritiker in i ett rungande \u201dja\u201d. Men vi beh\u00f6ver inte kritiker f\u00f6r att veta n\u00e4r n\u00e5got \u00e4r bra. End of story liksom.<\/p>\n<p>Om livet \u00e4r s\u00e5 m\u00f6rkt som det ter sig via Tom Smiths texter s\u00e5 st\u00e5r man med f\u00f6rundran \u00f6ver att han inte hoppat fr\u00e5n bron \u00e4n men kanske \u00e4r det n\u00e5got vi ska vara glada \u00f6ver. Med deras tredje album \u201dIn This Light And On This Evening\u201d s\u00e5 flyr Editors gitarrerna och beger sig in i ett landskap av analoga synthar, krautiga beats och tyska element flyter l\u00e4ngs med det s\u00e5 engelska navet i ber\u00e4ttelserna som \u00e4r Smiths hj\u00e4rtebarn. Det \u00e4r kargt och monotont men likv\u00e4l s\u00e5 k\u00e4nner man att man hittat hem.<\/p>\n<p>Och hem \u00e4r det vi kallar l\u00e4ngst fram vid scen d\u00e4r vi k\u00e4nner varje ljud tr\u00e4nga in i skallen och etsa sig sin egen plats. Hem \u00e4r ocks\u00e5 det vi kallar den euforiska k\u00e4nslan vi f\u00e5r n\u00e4r f\u00f6rsta tonen g\u00f6r att vi gl\u00f6mmer allt. Hem \u00e4r d\u00e4r vi vilar v\u00e5ra huvuden.<\/p>\n<p>L\u00e4s \u00e4ven andra bloggares \u00e5sikter om <a href=\"http:\/\/bloggar.se\/om\/Berns\" rel=\"tag\">Berns<\/a>, <a href=\"http:\/\/bloggar.se\/om\/Stockholm\" rel=\"tag\">Stockholm<\/a>, <a href=\"http:\/\/bloggar.se\/om\/konsserter\" rel=\"tag\">konsserter<\/a>, <a href=\"http:\/\/bloggar.se\/om\/indie\" rel=\"tag\">indie<\/a>, <a href=\"http:\/\/bloggar.se\/om\/alternative\" rel=\"tag\">alternative<\/a>, <a href=\"http:\/\/bloggar.se\/om\/musik\" rel=\"tag\">musik<\/a>, <a href=\"http:\/\/bloggar.se\/om\/The+Editors\" rel=\"tag\">The Editors<\/a><\/p>\n","protected":false},"excerpt":{"rendered":"<p>5 maj &#8211; Stockholm, Berns Miljoner med kr\u00e4ngda skivor, uts\u00e5lda turn\u00e9er och maniskt m\u00f6rka fans; ja, kanske inneh\u00e5ller inte varje m\u00e5ndag, tisdag eller annan veckodag dessa ingredienser men likv\u00e4l har Editors tappat en k\u00e4lla som inf\u00f6rlivar de m\u00e4nniskor v\u00e4rlden \u00f6ver med en k\u00e4nsla av sammanhang och tillh\u00f6rande. Och om det \u00e4r inte ett gott betyg [&hellip;]<\/p>\n","protected":false},"author":13,"featured_media":0,"comment_status":"open","ping_status":"open","sticky":false,"template":"","format":"standard","meta":{"_genesis_hide_title":false,"_genesis_hide_breadcrumbs":false,"_genesis_hide_singular_image":false,"_genesis_hide_footer_widgets":false,"_genesis_custom_body_class":"","_genesis_custom_post_class":"","_genesis_layout":"","footnotes":""},"categories":[7],"tags":[234,601,2467,3008,12282,5400],"class_list":{"0":"post-16926","1":"post","2":"type-post","3":"status-publish","4":"format-standard","6":"category-musik","7":"tag-alternative","8":"tag-berns","9":"tag-indie","10":"tag-konsserter","11":"tag-musik","12":"tag-stockholm","13":"entry"},"_links":{"self":[{"href":"https:\/\/kulturbloggen.com\/index.php?rest_route=\/wp\/v2\/posts\/16926","targetHints":{"allow":["GET"]}}],"collection":[{"href":"https:\/\/kulturbloggen.com\/index.php?rest_route=\/wp\/v2\/posts"}],"about":[{"href":"https:\/\/kulturbloggen.com\/index.php?rest_route=\/wp\/v2\/types\/post"}],"author":[{"embeddable":true,"href":"https:\/\/kulturbloggen.com\/index.php?rest_route=\/wp\/v2\/users\/13"}],"replies":[{"embeddable":true,"href":"https:\/\/kulturbloggen.com\/index.php?rest_route=%2Fwp%2Fv2%2Fcomments&post=16926"}],"version-history":[{"count":0,"href":"https:\/\/kulturbloggen.com\/index.php?rest_route=\/wp\/v2\/posts\/16926\/revisions"}],"wp:attachment":[{"href":"https:\/\/kulturbloggen.com\/index.php?rest_route=%2Fwp%2Fv2%2Fmedia&parent=16926"}],"wp:term":[{"taxonomy":"category","embeddable":true,"href":"https:\/\/kulturbloggen.com\/index.php?rest_route=%2Fwp%2Fv2%2Fcategories&post=16926"},{"taxonomy":"post_tag","embeddable":true,"href":"https:\/\/kulturbloggen.com\/index.php?rest_route=%2Fwp%2Fv2%2Ftags&post=16926"}],"curies":[{"name":"wp","href":"https:\/\/api.w.org\/{rel}","templated":true}]}}