{"id":168763,"date":"2023-07-02T09:04:06","date_gmt":"2023-07-02T08:04:06","guid":{"rendered":"https:\/\/kulturbloggen.com\/?p=168763"},"modified":"2023-07-02T09:04:06","modified_gmt":"2023-07-02T08:04:06","slug":"lyssna-titta-fabrizio-paterlini-be-in-the-moment","status":"publish","type":"post","link":"https:\/\/kulturbloggen.com\/?p=168763","title":{"rendered":"Lyssna\/titta: Fabrizio Paterlini &#8211; Be in the Moment"},"content":{"rendered":"<p><img loading=\"lazy\" decoding=\"async\" class=\"aligncenter size-full wp-image-168766\" src=\"https:\/\/kulturbloggen.com\/wp-content\/uploads\/2023\/07\/unnamed.jpg\" alt=\"\" width=\"650\" height=\"365\" srcset=\"https:\/\/kulturbloggen.com\/wp-content\/uploads\/2023\/07\/unnamed.jpg 650w, https:\/\/kulturbloggen.com\/wp-content\/uploads\/2023\/07\/unnamed-300x168.jpg 300w\" sizes=\"auto, (max-width: 650px) 100vw, 650px\" \/><\/p>\n<p>Pianisten Fabrizio Paterlini sl\u00e4ppte en ny singel och video, Be in the Moment, den 30 juni 2023.<\/p>\n<p>Ett pressmail ber\u00e4ttar:<br \/>\nFabrizio Paterlini \u00e4r en beg\u00e5vad musiker med \u00f6ver 165 miljoner streams p\u00e5 olika plattformar, inklusive Spotify och Apple Music \u2013 och nu kan han \u00e5terigen dela sin musik med fans p\u00e5 global niv\u00e5. I ett intervall mellan neoklassisk, ambient, minimalistisk och klassisk musik, skapar Fabrizios unika uttryck en bred palett av k\u00e4nslor hos lyssnaren.<\/p>\n<p>Fabrizio har spelat piano sedan han var sex \u00e5r gammal och studerade i norra Italien vid Mantua Academy of Arts. Med ett mantra att uttrycka sig genom pianot har han f\u00e5tt mycket ber\u00f6m f\u00f6r sina tidigare album LifeBlood och The Studio Sessions. Hans ambientmusik har \u00e4ven anv\u00e4nts i ett hav av kortfilmer, dokument\u00e4rer och reklamfilmer.<\/p>\n<p>P\u00e5 nya singeln f\u00e5ngar han de universella m\u00e4nskliga k\u00e4nslorna p\u00e5 sitt eget s\u00e4tt och uppmuntrar oss att se tillbaka, uppskatta \u00f6gonblicket och omfamna livets vackra gl\u00e4dje\u00e4mnen. Kompositionens delikata konstruktion skapar en k\u00e4nsla av sk\u00f6rhet och intimitet som f\u00f6r lyssnaren in i ett dr\u00f6mskt universum och mycket n\u00e4ra artisten. &#8221;Be In The Moment&#8221; ger tr\u00f6st och vila till den som f\u00f6rdjupar sig i musiken.<\/p>\n<p>Fabrizio Paterlini om videon:<br \/>\n<em>&#8211; While talking about art in motion, I like the idea of not explaining everything and leaving room for thought and imagination.<br \/>\nHowever, the concept I wanted to convey with this video from the beginning was &#8221;fluidity,&#8221; transformation\/movement\/evolution, and these have many meanings.<br \/>\nLike procedural forces break down forms in a disorderly manner and reveal a new beauty within them, we rethink abstract ways to capture meanings that arise from fortuitous combinations of movement\u2019<br \/>\nThe video was produced with the help of a specific AI tool which synchronises in real time images and sound, without the need of any post production.&lt;(em&gt;<\/em><\/p>\n<p>Med den nya singeln kan Fabrizio \u00e4ven tillk\u00e4nnage en efterl\u00e4ngtad turn\u00e9 i England och Europa, d\u00e4r han bland annat kommer att headlina tv\u00e5 shower i Conway Hall i London och Stoller Hall i Manchester.<\/p>\n<p><strong>UK och European Tour Dates 2023 och 2024:<\/strong><br \/>\nOct 25th, Barcelona (ES) : Auditori Barradas<br \/>\nOct 27th, Madrid (ES) : Caf\u00e8 Berlin<br \/>\nNov 9th, London (UK) : Conway Hall<br \/>\nNov 10th, Manchester (UK) : Stoller Hall<br \/>\nNov 24th, Rivoli (IT) : TBA<br \/>\nDec. 01st, Istanbul (TR) : TBA<br \/>\nDec. 02nd, Istanbul (TR) : TBA<br \/>\nJan 11th, Groeningen (NL) : Oosterpoort<br \/>\nJan 12th, Heerlen (NL) : Limburg Theaters<br \/>\nJan 14th, Utrecht (NL) : Tivoli Vredenburg<br \/>\nJun 1st, Luxembourg (LU) : Cube 521<br \/>\nLive 2024<\/p>\n<p>Jan 11th, Groeningen (NL) : Oosterpoort<br \/>\nJan 12th, Heerlen (NL) : Limburg Theaters<br \/>\nJan 14th, Utrecht (NL) : Tivoli Vredenburg<br \/>\nJun 1st, Luxembourg (LU) : Cube 521<\/p>\n<p><iframe style=\"border-radius:12px\" src=\"https:\/\/open.spotify.com\/embed\/album\/4nbi49mVkoZMEVETySmBjO?utm_source=generator\" width=\"100%\" height=\"352\" frameborder=\"0\" allowfullscreen=\"\" allow=\"autoplay; clipboard-write; encrypted-media; fullscreen; picture-in-picture\" loading=\"lazy\"><\/iframe><\/p>\n<p><iframe loading=\"lazy\" width=\"560\" height=\"315\" src=\"https:\/\/www.youtube.com\/embed\/HUpV_CoTmE4\" title=\"YouTube video player\" frameborder=\"0\" allow=\"accelerometer; autoplay; clipboard-write; encrypted-media; gyroscope; picture-in-picture; web-share\" allowfullscreen=\"\"><\/iframe><\/p>\n","protected":false},"excerpt":{"rendered":"<p>Pianisten Fabrizio Paterlini sl\u00e4ppte en ny singel och video, Be in the Moment, den 30 juni 2023. Ett pressmail ber\u00e4ttar: Fabrizio Paterlini \u00e4r en beg\u00e5vad musiker med \u00f6ver 165 miljoner streams p\u00e5 olika plattformar, inklusive Spotify och Apple Music \u2013 och nu kan han \u00e5terigen dela sin musik med fans p\u00e5 global niv\u00e5. I ett [&hellip;]<\/p>\n","protected":false},"author":13,"featured_media":0,"comment_status":"closed","ping_status":"closed","sticky":false,"template":"","format":"standard","meta":{"_genesis_hide_title":false,"_genesis_hide_breadcrumbs":false,"_genesis_hide_singular_image":false,"_genesis_hide_footer_widgets":false,"_genesis_custom_body_class":"","_genesis_custom_post_class":"","_genesis_layout":"","footnotes":""},"categories":[7,13624],"tags":[14642,3387,3868,14643,14644,13618],"class_list":{"0":"post-168763","1":"post","2":"type-post","3":"status-publish","4":"format-standard","6":"category-musik","7":"category-toppnytt","8":"tag-fabrizio-paterlini","9":"tag-lyssna","10":"tag-musikvideo","11":"tag-pianist","12":"tag-pianomusik","13":"tag-titta","14":"entry"},"_links":{"self":[{"href":"https:\/\/kulturbloggen.com\/index.php?rest_route=\/wp\/v2\/posts\/168763","targetHints":{"allow":["GET"]}}],"collection":[{"href":"https:\/\/kulturbloggen.com\/index.php?rest_route=\/wp\/v2\/posts"}],"about":[{"href":"https:\/\/kulturbloggen.com\/index.php?rest_route=\/wp\/v2\/types\/post"}],"author":[{"embeddable":true,"href":"https:\/\/kulturbloggen.com\/index.php?rest_route=\/wp\/v2\/users\/13"}],"replies":[{"embeddable":true,"href":"https:\/\/kulturbloggen.com\/index.php?rest_route=%2Fwp%2Fv2%2Fcomments&post=168763"}],"version-history":[{"count":6,"href":"https:\/\/kulturbloggen.com\/index.php?rest_route=\/wp\/v2\/posts\/168763\/revisions"}],"predecessor-version":[{"id":168770,"href":"https:\/\/kulturbloggen.com\/index.php?rest_route=\/wp\/v2\/posts\/168763\/revisions\/168770"}],"wp:attachment":[{"href":"https:\/\/kulturbloggen.com\/index.php?rest_route=%2Fwp%2Fv2%2Fmedia&parent=168763"}],"wp:term":[{"taxonomy":"category","embeddable":true,"href":"https:\/\/kulturbloggen.com\/index.php?rest_route=%2Fwp%2Fv2%2Fcategories&post=168763"},{"taxonomy":"post_tag","embeddable":true,"href":"https:\/\/kulturbloggen.com\/index.php?rest_route=%2Fwp%2Fv2%2Ftags&post=168763"}],"curies":[{"name":"wp","href":"https:\/\/api.w.org\/{rel}","templated":true}]}}