{"id":168716,"date":"2023-07-02T14:37:48","date_gmt":"2023-07-02T13:37:48","guid":{"rendered":"https:\/\/kulturbloggen.com\/?p=168716"},"modified":"2023-07-02T14:37:49","modified_gmt":"2023-07-02T13:37:49","slug":"staende-och-valfortjanta-ovationer-for-emil-och-hans-hyss-i-kubik-i-lonneberga","status":"publish","type":"post","link":"https:\/\/kulturbloggen.com\/?p=168716","title":{"rendered":"St\u00e5ende och v\u00e4lf\u00f6rtj\u00e4nta ovationer f\u00f6r Emil och hans hyss i kubik i L\u00f6nneberga"},"content":{"rendered":"\n<figure class=\"wp-block-image size-full is-style-rounded\"><img decoding=\"async\" src=\"https:\/\/kulturbloggen.com\/wp-content\/uploads\/2023\/07\/20230701_140930.jpg\" alt=\"\" class=\"wp-image-168751\"\/><figcaption class=\"wp-element-caption\">(Emils m\u00e5nga hyss i L\u00f6nneberga, h\u00e4r sitter han hj\u00e4lpl\u00f6st fast med huvudet i soppsk\u00e5len..)<\/figcaption><\/figure>\n\n\n\n<p>Emil i L\u00f6nneberga, Bellevueparken, Karlshamn, 2023<\/p>\n\n\n\n<p>Ca tv\u00e5 timmars f\u00f6rest\u00e4llning inklusive paus<\/p>\n\n\n\n<p>Betyg: 5<\/p>\n\n\n\n<p>Medverkande:<\/p>\n\n\n\n<p>M\u00e5rten Bring, \u201dPecka\u201d Gustafsson, Mattias Herbst, Anna Melander, Ann-Sofie Oth\u00e9n, Moa Petersson, Ola Rydberg, Elin Sandelius, Joakim Sundman, Linda Thureson och som IDA: Olivia Burgos Copcutt och EMIL: Elliott Rydberg<\/p>\n\n\n\n<p>Dramatisering: Elin &amp; Mats Sandelius<br>Musik: Georg Riedel &amp; Fredrik \u00c5kerblom<br>S\u00e5ngtexter: Astrid Lindgren<\/p>\n\n\n\n<p>F\u00f6rest\u00e4llningar:<\/p>\n\n\n\n<p>29 juni t o m 5 augusti<\/p>\n\n\n\n<p>En ljummen och sk\u00f6n kv\u00e4ll i slutet av juni begav jag mig till Bellevueparken i Karlshamn f\u00f6r att se premi\u00e4ren p\u00e5 Sandelius Kultur och N\u00f6jes familjemusikal &#8221;Emil i L\u00f6nneberga&#8221;. Det \u00e4r s\u00e5 att Emils hyss nu firar 60 \u00e5r sedan Astrid Lindgren f\u00f6rst b\u00f6rjade ge ut bokserien om livet i Katthult, L\u00f6nneberga socken. Och det har filmatiserats om Emil och hans m\u00e5nga hyss och satts upp p\u00e5 scen f\u00f6rut, hur skulle detta falla ut? Mycket v\u00e4l, skulle det visa sig t\u00e4mligen omg\u00e5ende n\u00e4r v\u00e4l f\u00f6rest\u00e4llningen b\u00f6rjade. Det var m\u00e5nga yngre i publiken, och deras fokus kom snabbt att ligga p\u00e5 pojken Emil, som sprang fr\u00e5n sin far Anton efter ett hyss. Snyggt att f\u00e5nga uppm\u00e4rksamheten s\u00e5.<\/p>\n\n\n\n<p>Det \u00e4r en bra och tydlig kombination av scenkl\u00e4der och en distinkt sm\u00e5l\u00e4ndsk dialekt hos sk\u00e5despelarna, som jag tycker, gav en tydlig koppling till Lindgrens beskrivning av byn och dess inv\u00e5nare. P\u00e5 scenen kunde man t ex se f\u00f6rem\u00e5l som Emils t\u00e4ljda tr\u00e4gubbar efter alla bes\u00f6ken i Snickerboa. F\u00f6r det \u00e4r inte bara att s\u00e4tta upp en s\u00e5dan f\u00f6rest\u00e4llning utan den kr\u00e4ver sitt av den 12 stycken samlade ensemblen p\u00e5 scen och koreografin likas\u00e5. Flera av de ber\u00e4ttelser fr\u00e5n klassikern finns med i teatern. Ett av de f\u00f6rsta av Emils klassiska hyss som vi fick se, \u00e4r n\u00e4r han helt sonika fastnar i soppsk\u00e5len. Den scenen minns man ju v\u00e4l. Men sn\u00e5la pappa Anton kom ju trots allt billigt undan akutbes\u00f6ket hos doktorn i Mariannelund, eller gjorde han egentligen det? <\/p>\n\n\n\n<p>\u00c4ven pigan Linas f\u00f6rtjusning f\u00f6r dr\u00e4ngen Alfred \u00e4r n\u00e5got som genomsyrar hela ber\u00e4ttelsen p\u00e5 scen. Och inte ens efter en 20 minuters fikapaus verkar Linas f\u00f6rtjusning direkt ha runnit ut. N\u00e5got som kanske inte Alfred \u00e4r helt entusiastisk f\u00f6r. B\u00e5de Lina som spelas av Anna Melander och Alfred som spelas av Joakim Sundman bj\u00f6d p\u00e5 flera bra solos\u00e5nger och appl\u00e5derna fr\u00e5n publiken l\u00e5g p\u00e5 en h\u00f6g ljudniv\u00e5, och appl\u00e5dera vi fick mer \u00e4n g\u00e4rna g\u00f6ra X antal g\u00e5nger. Folket fr\u00e5n byn stod ofta f\u00f6r b\u00e5de s\u00e5ng och dans och trots den avskalade scenen visste man i publiken precis vart man hamnat, vare sig man befann sig i Snickerboa eller hos doktorn i Mariannelund. Lina som spelas av Anna Melander tog oss genom de skiftande \u00e5rstiderna och h\u00e4ndelserna i L\u00f6nneberga. N\u00e5got som syntes i \u00e4ndring av kl\u00e4der och rekvisita p\u00e5 scen, det ger ett bra sammantaget intryck.<\/p>\n\n\n\n<p>Pappa Anton och sonen Emils relation, som vi v\u00e4l k\u00e4nner till, den s\u00e4tter ton redan fr\u00e5n f\u00f6rsta inledande scen. \u00c4ven om Anton ofta \u00e4r ordentligt arg p\u00e5 sonen Emil, s\u00e5 \u00e4lskar mamma Alma som spelas av Linda Thureson alltid sin son, oavsett hur m\u00e5nga hyss det \u00e4n blir p\u00e5 en dag. Anton spelas av Ola Rydberg och Emil spelas av Elliot Rydberg, som \u00e4r far och son i verkligheten ocks\u00e5. Det ger det hela en speciell och bra touch till sj\u00e4lva handlingen och sk\u00e5despeleriet dem emellan.<\/p>\n\n\n\n<p>Lugna systern Ida som spelas av Olivia Burgos Copcutt \u00e4r en tydlig kontrast gentemot syskonet Emil, som alltid \u00e4r i farten med sina uppt\u00e5g. Men \u00e4ven oaktat detta faktum, s\u00e5 kan Ida f\u00e5 f\u00f6r sig att vara med p\u00e5 Emils hyss, t ex att bli upphissad i flaggst\u00e5ngen. Det \u00e4r ocks\u00e5 flera v\u00e4lk\u00e4nda karakt\u00e4rer fr\u00e5n klassikern vi fick se p\u00e5 scen. S\u00e5 som t ex Kr\u00f6sa-Maja och Kommendoran som styrde och st\u00e4llde i fattighuset (ja, vem minns inte henne?) som spelades av Elin Sandelius. \u00c4ven en och en annan fattighjon, f\u00f6r s\u00e5 s\u00e5g det ut d\u00e5 det begav sig n\u00e4r fattigdom skulle v\u00e5rdas bort.<\/p>\n\n\n\n<p>N\u00e4r f\u00f6rest\u00e4llningen var till \u00e4nda gav publiken en st\u00e5ende ovation i den ljumma och ljusa junikv\u00e4llen och man kunde se m\u00e5nga k\u00e4nslor fr\u00e5n sk\u00e5despelarna, som f\u00f6rtj\u00e4nar att f\u00e5 st\u00e5ende ovationer f\u00f6r denna f\u00f6rest\u00e4llning f\u00f6r hela familjen \u00e4r mycket bra. Det \u00e4r s\u00e5ledes bara att ta sig till <a href=\"https:\/\/www.sandelius.se\/aktuellaforestallningar\/familjemusikalen!\">Bellevueparken i Karlshamn<\/a> denna sommar och med stor sannolikhet kommer ni att f\u00e5 vara med alltifr\u00e5n st\u00e5ende ovationer och appl\u00e5der och underh\u00e5llande dr\u00e5pligheter allt inramat i en f\u00f6rest\u00e4llning v\u00e4l i linje med Lindgrens bokserie. \u00c4nda fram till den 5 augusti g\u00e5r det att se Emils hyss i kubik i L\u00f6nneberga.<\/p>\n","protected":false},"excerpt":{"rendered":"<p>Emil i L\u00f6nneberga, Bellevueparken, Karlshamn, 2023 Ca tv\u00e5 timmars f\u00f6rest\u00e4llning inklusive paus Betyg: 5 Medverkande: M\u00e5rten Bring, \u201dPecka\u201d Gustafsson, Mattias Herbst, Anna Melander, Ann-Sofie Oth\u00e9n, Moa Petersson, Ola Rydberg, Elin Sandelius, Joakim Sundman, Linda Thureson och som IDA: Olivia Burgos Copcutt och EMIL: Elliott Rydberg Dramatisering: Elin &amp; Mats SandeliusMusik: Georg Riedel &amp; Fredrik \u00c5kerblomS\u00e5ngtexter: [&hellip;]<\/p>\n","protected":false},"author":57,"featured_media":0,"comment_status":"closed","ping_status":"closed","sticky":false,"template":"","format":"standard","meta":{"_genesis_hide_title":false,"_genesis_hide_breadcrumbs":false,"_genesis_hide_singular_image":false,"_genesis_hide_footer_widgets":false,"_genesis_custom_body_class":"","_genesis_custom_post_class":"","_genesis_layout":"","footnotes":""},"categories":[16,20,30,31,13624],"tags":[441,13006,14640,13034,3084,3831,12285,14336,14332,7643],"class_list":{"0":"post-168716","1":"post","2":"type-post","3":"status-publish","4":"format-standard","6":"category-recension","7":"category-film","8":"category-teater","9":"category-teaterrecension","10":"category-toppnytt","11":"tag-astrid-lindgren","12":"tag-blekinge","13":"tag-emil-i-lonneberga","14":"tag-karlshamn","15":"tag-kulturbloggen","16":"tag-musikal","17":"tag-recension","18":"tag-sandelius-kultur-och-noje","19":"tag-sommarteater","20":"tag-teaterkritik","21":"entry"},"_links":{"self":[{"href":"https:\/\/kulturbloggen.com\/index.php?rest_route=\/wp\/v2\/posts\/168716","targetHints":{"allow":["GET"]}}],"collection":[{"href":"https:\/\/kulturbloggen.com\/index.php?rest_route=\/wp\/v2\/posts"}],"about":[{"href":"https:\/\/kulturbloggen.com\/index.php?rest_route=\/wp\/v2\/types\/post"}],"author":[{"embeddable":true,"href":"https:\/\/kulturbloggen.com\/index.php?rest_route=\/wp\/v2\/users\/57"}],"replies":[{"embeddable":true,"href":"https:\/\/kulturbloggen.com\/index.php?rest_route=%2Fwp%2Fv2%2Fcomments&post=168716"}],"version-history":[{"count":38,"href":"https:\/\/kulturbloggen.com\/index.php?rest_route=\/wp\/v2\/posts\/168716\/revisions"}],"predecessor-version":[{"id":168786,"href":"https:\/\/kulturbloggen.com\/index.php?rest_route=\/wp\/v2\/posts\/168716\/revisions\/168786"}],"wp:attachment":[{"href":"https:\/\/kulturbloggen.com\/index.php?rest_route=%2Fwp%2Fv2%2Fmedia&parent=168716"}],"wp:term":[{"taxonomy":"category","embeddable":true,"href":"https:\/\/kulturbloggen.com\/index.php?rest_route=%2Fwp%2Fv2%2Fcategories&post=168716"},{"taxonomy":"post_tag","embeddable":true,"href":"https:\/\/kulturbloggen.com\/index.php?rest_route=%2Fwp%2Fv2%2Ftags&post=168716"}],"curies":[{"name":"wp","href":"https:\/\/api.w.org\/{rel}","templated":true}]}}