{"id":168490,"date":"2023-06-29T16:11:59","date_gmt":"2023-06-29T15:11:59","guid":{"rendered":"https:\/\/kulturbloggen.com\/?p=168490"},"modified":"2023-06-29T16:11:59","modified_gmt":"2023-06-29T15:11:59","slug":"debatt-ska-vi-ha-barn-i-ronneby-som-star-utanfor-och-inte-far-lana-bocker","status":"publish","type":"post","link":"https:\/\/kulturbloggen.com\/?p=168490","title":{"rendered":"Debatt: Ska vi ha barn i Ronneby som st\u00e5r utanf\u00f6r och inte f\u00e5r l\u00e5na b\u00f6cker?"},"content":{"rendered":"\n<figure class=\"wp-block-image size-full\"><img loading=\"lazy\" decoding=\"async\" width=\"650\" height=\"592\" src=\"https:\/\/kulturbloggen.com\/wp-content\/uploads\/2023\/06\/20230527_102237.jpg\" alt=\"\" class=\"wp-image-168489\" srcset=\"https:\/\/kulturbloggen.com\/wp-content\/uploads\/2023\/06\/20230527_102237.jpg 650w, https:\/\/kulturbloggen.com\/wp-content\/uploads\/2023\/06\/20230527_102237-300x273.jpg 300w\" sizes=\"auto, (max-width: 650px) 100vw, 650px\" \/><figcaption class=\"wp-element-caption\">Trots att bibliotekets personal i Ronneby tydligt g\u00e5ng p\u00e5 g\u00e5ng p\u00e5talar att avgift f\u00f6r barns biblioteksl\u00e5n inte \u00e4r bra, blir den kvar. (Foto: Martin Moberg, Kulturbloggen)<\/figcaption><\/figure>\n\n\n\n<p>Debatten om sittande styret Samling f\u00f6r Ronnebys beslut att inf\u00f6ra en avgift f\u00f6r barns biblioteksl\u00e5n, som sl\u00e5r till n\u00e4r l\u00e5n inte l\u00e4mnats tillbaka i tid eller om l\u00e5net f\u00f6rkommit &#8211; den forts\u00e4tter f\u00f6ras i <a href=\"https:\/\/www.blt.se\/ronneby\/pappersfakturor-och-arga-foraldrar-nya-avgiften-for-barns-bibliotekslan-har-blivit-en-borda-for-personalen-6edc0e75\/\">lokala medier.<\/a> Det efter att kommunfullm\u00e4ktige under v\u00e5ren har behandlat fr\u00e5gan och d\u00e4r styret r\u00f6stade igenom f\u00f6rslaget att, trots den ber\u00e4ttigade kritiken, fortsatt beh\u00e5lla avgiften. Men helt eniga var de inte denna g\u00e5ng, en kommunfullm\u00e4ktigeledamot fr\u00e5n Liberalerna (se bifogad sk\u00e4rmdump ovan) valde att l\u00e4gga ett f\u00f6rslag om att ta bort avgiften och fick i voteringen st\u00f6d av oppositionen S, V och MP. Majoritetsbeslutet g\u00e5r emot b\u00e4ttre sans och vett kan man konstatera, t ex \u00e4r bibliotekets personal som profession tydliga i sin kritik och det har man varit hela tiden. <\/p>\n\n\n\n<p>Kulturbloggen har tidigare <a href=\"https:\/\/kulturbloggen.com\/?p=167094\">den 6 maj i \u00e5r<\/a> uppm\u00e4rksammat detta och st\u00e4llde d\u00e5 fr\u00e5gan till SD, M, KD och L i Ronneby p\u00e5 vilket s\u00e4tt en s\u00e5dan avgift skulle vara l\u00e4sbefr\u00e4mjande? Det finns ett uttryck som s\u00e4ger att en inst\u00e4lld spelning ocks\u00e5 \u00e4r en spelning, ett uteblivet svar fr\u00e5n Ronneby kommuns styrande ledning \u00e4r i sig s\u00e5ledes ett sorts svar. Men barnen i kommunen f\u00f6rtj\u00e4nar betydligt b\u00e4ttre \u00e4n s\u00e5, en avgift p\u00e5 deras biblioteksl\u00e5n har redan f\u00e5tt konsekvenser. L\u00e5nefrekvensen g\u00e5r ned\u00e5t, eftersom f\u00f6r\u00e4ldrar \u00e4r oroade \u00f6ver att en s\u00e5dan bestraffande avgift inf\u00f6rts. Det sker i ett l\u00e4ge, n\u00e4r vi vet att det \u00e4r viktigt att barn och unga i Sverige l\u00e4ser mer. Ronneby kommun borde sannerligen t\u00e4nka om och g\u00f6ra r\u00e4tt. Ska vi ha barn i Ronneby som st\u00e5r utanf\u00f6r och inte f\u00e5r l\u00e5na b\u00f6cker? Sk\u00e4rpning!<\/p>\n","protected":false},"excerpt":{"rendered":"<p>Debatten om sittande styret Samling f\u00f6r Ronnebys beslut att inf\u00f6ra en avgift f\u00f6r barns biblioteksl\u00e5n, som sl\u00e5r till n\u00e4r l\u00e5n inte l\u00e4mnats tillbaka i tid eller om l\u00e5net f\u00f6rkommit &#8211; den forts\u00e4tter f\u00f6ras i lokala medier. Det efter att kommunfullm\u00e4ktige under v\u00e5ren har behandlat fr\u00e5gan och d\u00e4r styret r\u00f6stade igenom f\u00f6rslaget att, trots den ber\u00e4ttigade [&hellip;]<\/p>\n","protected":false},"author":57,"featured_media":0,"comment_status":"closed","ping_status":"closed","sticky":false,"template":"","format":"standard","meta":{"_genesis_hide_title":false,"_genesis_hide_breadcrumbs":false,"_genesis_hide_singular_image":false,"_genesis_hide_footer_widgets":false,"_genesis_custom_body_class":"","_genesis_custom_post_class":"","_genesis_layout":"","footnotes":""},"categories":[62,13624],"tags":[14609,616,14253,3084,3088,4832,14275,14638,14254],"class_list":{"0":"post-168490","1":"post","2":"type-post","3":"status-publish","4":"format-standard","6":"category-medie-och-kulturpolitik","7":"category-toppnytt","8":"tag-barnratt","9":"tag-bibliotek","10":"tag-blepol","11":"tag-kulturbloggen","12":"tag-kulturdebatt","13":"tag-ronneby","14":"tag-ronneby-kommun","15":"tag-samling-for-ronneby","16":"tag-svpol","17":"entry"},"_links":{"self":[{"href":"https:\/\/kulturbloggen.com\/index.php?rest_route=\/wp\/v2\/posts\/168490","targetHints":{"allow":["GET"]}}],"collection":[{"href":"https:\/\/kulturbloggen.com\/index.php?rest_route=\/wp\/v2\/posts"}],"about":[{"href":"https:\/\/kulturbloggen.com\/index.php?rest_route=\/wp\/v2\/types\/post"}],"author":[{"embeddable":true,"href":"https:\/\/kulturbloggen.com\/index.php?rest_route=\/wp\/v2\/users\/57"}],"replies":[{"embeddable":true,"href":"https:\/\/kulturbloggen.com\/index.php?rest_route=%2Fwp%2Fv2%2Fcomments&post=168490"}],"version-history":[{"count":32,"href":"https:\/\/kulturbloggen.com\/index.php?rest_route=\/wp\/v2\/posts\/168490\/revisions"}],"predecessor-version":[{"id":168522,"href":"https:\/\/kulturbloggen.com\/index.php?rest_route=\/wp\/v2\/posts\/168490\/revisions\/168522"}],"wp:attachment":[{"href":"https:\/\/kulturbloggen.com\/index.php?rest_route=%2Fwp%2Fv2%2Fmedia&parent=168490"}],"wp:term":[{"taxonomy":"category","embeddable":true,"href":"https:\/\/kulturbloggen.com\/index.php?rest_route=%2Fwp%2Fv2%2Fcategories&post=168490"},{"taxonomy":"post_tag","embeddable":true,"href":"https:\/\/kulturbloggen.com\/index.php?rest_route=%2Fwp%2Fv2%2Ftags&post=168490"}],"curies":[{"name":"wp","href":"https:\/\/api.w.org\/{rel}","templated":true}]}}