{"id":168393,"date":"2023-06-27T11:47:03","date_gmt":"2023-06-27T10:47:03","guid":{"rendered":"https:\/\/kulturbloggen.com\/?p=168393"},"modified":"2023-06-27T11:47:04","modified_gmt":"2023-06-27T10:47:04","slug":"tips-livestreamad-utstallning-som-belyser-situationen-for-svensktalande-afghaner-i-frankrike-ett-svar-eu-landernas-uppgorelse-om-asyl-och-migrationspolitiken","status":"publish","type":"post","link":"https:\/\/kulturbloggen.com\/?p=168393","title":{"rendered":"Tips: Livestreamad utst\u00e4llning som belyser situationen f\u00f6r svensktalande afghaner i Frankrike \u2013 ett svar EU-l\u00e4ndernas uppg\u00f6relse om asyl- och migrationspolitiken"},"content":{"rendered":"<p><img loading=\"lazy\" decoding=\"async\" class=\"aligncenter size-full wp-image-168398\" src=\"https:\/\/kulturbloggen.com\/wp-content\/uploads\/2023\/06\/poster_final-version.jpeg\" alt=\"\" width=\"455\" height=\"650\" srcset=\"https:\/\/kulturbloggen.com\/wp-content\/uploads\/2023\/06\/poster_final-version.jpeg 455w, https:\/\/kulturbloggen.com\/wp-content\/uploads\/2023\/06\/poster_final-version-210x300.jpeg 210w\" sizes=\"auto, (max-width: 455px) 100vw, 455px\" \/><\/p>\n<p>Livestreamade utst\u00e4llningen \u201dVad \u00e4r ljudet av ett hem?\u201d 7\u20138 juli 2023 belyser situationen f\u00f6r svensktalande afghaner i Frankrike \u2013 som ett svar EU-l\u00e4ndernas uppg\u00f6relse om asyl- och migrationspolitiken.<\/p>\n<p>Ett pressmeddelande ber\u00e4ttar:<br \/>\nDen svenska film- och kulturorganisationen Noncitizen skapar utst\u00e4llningen \u201dVad \u00e4r ljudet av ett hem?\u201d som \u00f6ppnar med ett tv\u00e5dagars visningsprogram och lives\u00e4ndningar om flykt och gr\u00e4nser fr\u00e5n konsthallen DOC! i Paris 7\u20138 juli.<br \/>\nUtg\u00e5ngspunkten \u00e4r de tusentals svensktalande afghaner som flytt fr\u00e5n Sverige till Frankrike. Deras liv och \u00f6den belyser paradoxerna i EU:s uppg\u00f6relse om asylpolitiken.<\/p>\n<p>Det \u00e4r p\u00e5 initiativ av Alireza Naghavi, svensk afghan i Paris, som film- och kulturkollektivet Noncitizen 7\u20138 juli anordnar det livestreamade eventet \u201dVad \u00e4r ljudet av ett hem?\u201d med fokus p\u00e5 migration, gr\u00e4nser och framf\u00f6r allt de svensktalande afghanska ungdomarnas situation i Frankrike och Europa.<br \/>\nTusentals svensktalande afghanska ungdomar bor i Frankrike. Det \u00e4r personer som har nekats asyl i Sverige men som f\u00e5tt uppeh\u00e5llstillst\u00e5nd i Frankrike. De flesta av dessa hann skapa sig en en stark relation till Sverige under sin tid i landet n\u00e4r de fick bo hos familjer som i praktiken adopterade dem. M\u00e5nga hann b\u00f6rja studera och planera f\u00f6r en ny tillvaro och framtid, innan de utvisades ur landet. Och fortfarande lever \u00e5tskilliga afghanska ungdomar i Sverige med ett utvisningshot h\u00e4ngande \u00f6ver sig.<br \/>\nGenom filmer, musik och konst- och fotoutst\u00e4llningar uppm\u00e4rksammar det livestreamade eventet \u201dVad \u00e4r ljudet av ett hem?\u201d de svensktalande afghanska ungdomarnas upplevelser och ber\u00e4ttelser, men det \u00e4r ocks\u00e5 ett svar p\u00e5 Tid\u00f6avtalet och EU-l\u00e4ndernas uppg\u00f6relse om asyl- och migrationspolitiken d\u00e4r den r\u00f6da tr\u00e5den \u00e4r att man vill ta emot f\u00e4rre migranter men \u00e4ven har m\u00f6jlighet att betala ungef\u00e4r en kvarts miljon kronor per migrant som man inte vill ta emot.<\/p>\n<p><em>\u201dDet \u00e4r sv\u00e5rt att vara p\u00e5 flykt. Att vara f\u00f6dd p\u00e5 flykt \u00e4r \u00e4nnu v\u00e4rre. Resan tar aldrig slut, mardr\u00f6mmen, den o\u00e4ndliga natten. Jag kollar ut genom f\u00f6nstret. Jag \u00e4r en resen\u00e4r, en person som letar efter hem. Jag vet inte vart jag \u00e4r p\u00e5 v\u00e4g. En dag var jag i Mellan\u00f6stern, nu \u00e4r jag den afghanska svensktalande i Paris. Var kommer jag att vara imorgon?<\/em>\u201d<br \/>\nAlireza Naghavi<\/p>\n<p><strong>Om Noncitizen<\/strong><br \/>\nF\u00f6reningen Noncitizen har sedan 2015 arbetat f\u00f6r att p\u00e5 olika lyfta fr\u00e5gor om migration och gr\u00e4nser genom film, media och konst. F\u00f6reningen best\u00e5r av etablerade dokument\u00e4rfilmare och personer som har erfarenhet av migration. Noncitizen har arrangerat filmvisningar och minifestivaler. P\u00e5 senare \u00e4r har Noncitizen arbetat med att ge m\u00f6jligheter och en plattform f\u00f6r personer som upplevt flykt och migration att syssla med film p\u00e5 olika s\u00e4tt. Antingen att l\u00e4ra sig eller att forts\u00e4tta och utveckla n\u00e5got som redan varit ett intresse eller arbete i hemlandet. De senaste Noncitizen-projekten genomf\u00f6rs med st\u00f6d fr\u00e5n Postkodstiftelsen.<\/p>\n<p><strong>Om Alireza Naghavi<\/strong><br \/>\n22-\u00e5rig svensktalande afghan som numera bor i Paris. Efter flera \u00e5r i Sverige tog han sig till Frankrike d\u00e4r han f\u00e5tt uppeh\u00e5llstillst\u00e5nd. Har g\u00e5tt p\u00e5 filmskolan L&#8217;\u00e9cole Kourtrajm\u00e9 utanf\u00f6r Paris och l\u00e4ser nu vid ansedda L\u2019universit\u00e9 Paris 8 i Saint-Denis i Paris samtidigt som han jobbar med en dokument\u00e4r om sitt liv som produceras av det svenska filmbolaget Story AB.<\/p>\n","protected":false},"excerpt":{"rendered":"<p>Livestreamade utst\u00e4llningen \u201dVad \u00e4r ljudet av ett hem?\u201d 7\u20138 juli 2023 belyser situationen f\u00f6r svensktalande afghaner i Frankrike \u2013 som ett svar EU-l\u00e4ndernas uppg\u00f6relse om asyl- och migrationspolitiken. Ett pressmeddelande ber\u00e4ttar: Den svenska film- och kulturorganisationen Noncitizen skapar utst\u00e4llningen \u201dVad \u00e4r ljudet av ett hem?\u201d som \u00f6ppnar med ett tv\u00e5dagars visningsprogram och lives\u00e4ndningar om flykt [&hellip;]<\/p>\n","protected":false},"author":13,"featured_media":0,"comment_status":"closed","ping_status":"closed","sticky":false,"template":"","format":"standard","meta":{"_genesis_hide_title":false,"_genesis_hide_breadcrumbs":false,"_genesis_hide_singular_image":false,"_genesis_hide_footer_widgets":false,"_genesis_custom_body_class":"","_genesis_custom_post_class":"","_genesis_layout":"","footnotes":""},"categories":[62,13624],"tags":[],"class_list":{"0":"post-168393","1":"post","2":"type-post","3":"status-publish","4":"format-standard","6":"category-medie-och-kulturpolitik","7":"category-toppnytt","8":"entry"},"_links":{"self":[{"href":"https:\/\/kulturbloggen.com\/index.php?rest_route=\/wp\/v2\/posts\/168393","targetHints":{"allow":["GET"]}}],"collection":[{"href":"https:\/\/kulturbloggen.com\/index.php?rest_route=\/wp\/v2\/posts"}],"about":[{"href":"https:\/\/kulturbloggen.com\/index.php?rest_route=\/wp\/v2\/types\/post"}],"author":[{"embeddable":true,"href":"https:\/\/kulturbloggen.com\/index.php?rest_route=\/wp\/v2\/users\/13"}],"replies":[{"embeddable":true,"href":"https:\/\/kulturbloggen.com\/index.php?rest_route=%2Fwp%2Fv2%2Fcomments&post=168393"}],"version-history":[{"count":7,"href":"https:\/\/kulturbloggen.com\/index.php?rest_route=\/wp\/v2\/posts\/168393\/revisions"}],"predecessor-version":[{"id":168401,"href":"https:\/\/kulturbloggen.com\/index.php?rest_route=\/wp\/v2\/posts\/168393\/revisions\/168401"}],"wp:attachment":[{"href":"https:\/\/kulturbloggen.com\/index.php?rest_route=%2Fwp%2Fv2%2Fmedia&parent=168393"}],"wp:term":[{"taxonomy":"category","embeddable":true,"href":"https:\/\/kulturbloggen.com\/index.php?rest_route=%2Fwp%2Fv2%2Fcategories&post=168393"},{"taxonomy":"post_tag","embeddable":true,"href":"https:\/\/kulturbloggen.com\/index.php?rest_route=%2Fwp%2Fv2%2Ftags&post=168393"}],"curies":[{"name":"wp","href":"https:\/\/api.w.org\/{rel}","templated":true}]}}