{"id":168380,"date":"2023-06-27T11:00:44","date_gmt":"2023-06-27T10:00:44","guid":{"rendered":"https:\/\/kulturbloggen.com\/?p=168380"},"modified":"2023-06-27T11:00:45","modified_gmt":"2023-06-27T10:00:45","slug":"battre-villkor-for-forfattare-och-litterara-upphovsman","status":"publish","type":"post","link":"https:\/\/kulturbloggen.com\/?p=168380","title":{"rendered":"B\u00e4ttre villkor f\u00f6r f\u00f6rfattare och litter\u00e4ra upphovsm\u00e4n"},"content":{"rendered":"<p><img loading=\"lazy\" decoding=\"async\" class=\"aligncenter size-full wp-image-168386\" src=\"https:\/\/kulturbloggen.com\/wp-content\/uploads\/2023\/06\/books-1655783_1280.jpg\" alt=\"\" width=\"650\" height=\"434\" srcset=\"https:\/\/kulturbloggen.com\/wp-content\/uploads\/2023\/06\/books-1655783_1280.jpg 650w, https:\/\/kulturbloggen.com\/wp-content\/uploads\/2023\/06\/books-1655783_1280-300x200.jpg 300w\" sizes=\"auto, (max-width: 650px) 100vw, 650px\" \/><\/p>\n<p>Regeringen h\u00f6jer biblioteksers\u00e4ttningen och m\u00f6jligg\u00f6r fler stipendier till litter\u00e4ra upphovspersoner f\u00f6r att st\u00e4rka f\u00f6rfattares och litter\u00e4ra upphovsm\u00e4ns ekonomiska villkor och f\u00f6r att skapa m\u00f6jligheter f\u00f6r konstn\u00e4rlig utveckling, ber\u00e4ttar ett pressmeddelande:<\/p>\n<p>Regeringen och f\u00f6retr\u00e4dare f\u00f6r de litter\u00e4ra upphovsm\u00e4nnens organisationer har kommit \u00f6verens om ett nytt avtal om biblioteksers\u00e4ttningen. Avtalet inneb\u00e4r en h\u00f6jning av grundbeloppet med 8 \u00f6re f\u00f6r 2024 och ytterligare 8 \u00f6re 2025, vilket ger ett totalt grundbelopp p\u00e5 2 kronor och 20 \u00f6re per utl\u00e5n. Regeringen avs\u00e4tter \u00e4ven 8,75 miljoner kronor 2024 och 2 miljoner kronor 2025 f\u00f6r att m\u00f6jligg\u00f6ra fler stipendier till f\u00f6rfattare, \u00f6vers\u00e4ttare och andra litter\u00e4ra upphovsm\u00e4n.<\/p>\n<p>\u2013 En h\u00f6jd biblioteksers\u00e4ttning st\u00e4rker de litter\u00e4ra upphovsm\u00e4nnens villkor och skapar f\u00f6ruts\u00e4ttningar f\u00f6r f\u00f6rfattare och litter\u00e4ra upphovspersoner att utveckla sitt konstn\u00e4rskap och den litter\u00e4ra verksamheten, s\u00e4ger kulturminister Parisa Liljestrand.<\/p>\n<p><strong>Bakgrund<\/strong><br \/>\nBiblioteksers\u00e4ttningen betalas \u00e5rligen ut av staten till Sveriges f\u00f6rfattarfond f\u00f6r att f\u00f6rfattares, \u00f6vers\u00e4ttare, illustrat\u00f6rers och fotografers verk f\u00e5r l\u00e5nas ut gratis p\u00e5 bibliotek. Regeringen har en \u00f6verenskommelse med Sveriges F\u00f6rfattarf\u00f6rbund, Svenska Tecknare och Svenska Fotografers F\u00f6rbund om att man ska f\u00f6rhandla om biblioteksers\u00e4ttningens grundbelopp. Fr\u00e5n och med \u00e5r 2015 avser f\u00f6rhandlingarna biblioteksers\u00e4ttningen f\u00f6r tv\u00e5 \u00e5r i taget.<\/p>\n","protected":false},"excerpt":{"rendered":"<p>Regeringen h\u00f6jer biblioteksers\u00e4ttningen och m\u00f6jligg\u00f6r fler stipendier till litter\u00e4ra upphovspersoner f\u00f6r att st\u00e4rka f\u00f6rfattares och litter\u00e4ra upphovsm\u00e4ns ekonomiska villkor och f\u00f6r att skapa m\u00f6jligheter f\u00f6r konstn\u00e4rlig utveckling, ber\u00e4ttar ett pressmeddelande: Regeringen och f\u00f6retr\u00e4dare f\u00f6r de litter\u00e4ra upphovsm\u00e4nnens organisationer har kommit \u00f6verens om ett nytt avtal om biblioteksers\u00e4ttningen. Avtalet inneb\u00e4r en h\u00f6jning av grundbeloppet med 8 [&hellip;]<\/p>\n","protected":false},"author":13,"featured_media":0,"comment_status":"closed","ping_status":"closed","sticky":false,"template":"","format":"standard","meta":{"_genesis_hide_title":false,"_genesis_hide_breadcrumbs":false,"_genesis_hide_singular_image":false,"_genesis_hide_footer_widgets":false,"_genesis_custom_body_class":"","_genesis_custom_post_class":"","_genesis_layout":"","footnotes":""},"categories":[62,3,13624],"tags":[],"class_list":{"0":"post-168380","1":"post","2":"type-post","3":"status-publish","4":"format-standard","6":"category-medie-och-kulturpolitik","7":"category-litteratur","8":"category-toppnytt","9":"entry"},"_links":{"self":[{"href":"https:\/\/kulturbloggen.com\/index.php?rest_route=\/wp\/v2\/posts\/168380","targetHints":{"allow":["GET"]}}],"collection":[{"href":"https:\/\/kulturbloggen.com\/index.php?rest_route=\/wp\/v2\/posts"}],"about":[{"href":"https:\/\/kulturbloggen.com\/index.php?rest_route=\/wp\/v2\/types\/post"}],"author":[{"embeddable":true,"href":"https:\/\/kulturbloggen.com\/index.php?rest_route=\/wp\/v2\/users\/13"}],"replies":[{"embeddable":true,"href":"https:\/\/kulturbloggen.com\/index.php?rest_route=%2Fwp%2Fv2%2Fcomments&post=168380"}],"version-history":[{"count":3,"href":"https:\/\/kulturbloggen.com\/index.php?rest_route=\/wp\/v2\/posts\/168380\/revisions"}],"predecessor-version":[{"id":168387,"href":"https:\/\/kulturbloggen.com\/index.php?rest_route=\/wp\/v2\/posts\/168380\/revisions\/168387"}],"wp:attachment":[{"href":"https:\/\/kulturbloggen.com\/index.php?rest_route=%2Fwp%2Fv2%2Fmedia&parent=168380"}],"wp:term":[{"taxonomy":"category","embeddable":true,"href":"https:\/\/kulturbloggen.com\/index.php?rest_route=%2Fwp%2Fv2%2Fcategories&post=168380"},{"taxonomy":"post_tag","embeddable":true,"href":"https:\/\/kulturbloggen.com\/index.php?rest_route=%2Fwp%2Fv2%2Ftags&post=168380"}],"curies":[{"name":"wp","href":"https:\/\/api.w.org\/{rel}","templated":true}]}}