{"id":16818,"date":"2010-01-20T08:22:40","date_gmt":"2010-01-20T07:22:40","guid":{"rendered":"http:\/\/kulturbloggen.com\/?p=16818"},"modified":"2010-01-20T08:22:40","modified_gmt":"2010-01-20T07:22:40","slug":"mina-minnen-fran-tt-och-stieg-larsson","status":"publish","type":"post","link":"https:\/\/kulturbloggen.com\/?p=16818","title":{"rendered":"Mina minnen fr\u00e5n TT och Stieg Larsson"},"content":{"rendered":"<p><a href=\"http:\/\/kulturbloggen.com\/wp-content\/uploads\/2010\/01\/stieglarssonmillenium.jpg\"><img loading=\"lazy\" decoding=\"async\" src=\"http:\/\/kulturbloggen.com\/wp-content\/uploads\/2010\/01\/stieglarssonmillenium-209x300.jpg\" alt=\"stieglarssonmillenium\" title=\"stieglarssonmillenium\" width=\"209\" height=\"300\" class=\"aligncenter size-medium wp-image-16820\" \/><\/a><br \/>\nJag fick en d\u00e5lig smak i munnen n\u00e4r jag h\u00f6rde att Kurdo Baksi tj\u00e4nar gott p\u00e5 att ha varit v\u00e4n eller bekant med Stieg Larsson, f\u00f6rfattaren till Milleniumb\u00f6ckerna som dog innan han fick uppleva den ekonomiska v\u00e4rldssucc\u00e9n. Kurdo Baksi \u00e4r aktuell nu f\u00f6r att han i dagarna gett ut en bok &#8211; &#8221;Min v\u00e4n Stieg Larsson&#8221; &#8211; d\u00e4r han ber\u00e4ttat om Stieg Larsson. I artiklarna om detta kommer det fram att Baksi dessutom rest v\u00e4rlden runt och h\u00e5llit f\u00f6redrag om sig och Stieg Larsson.<br \/>\nJag fick en obehaglig k\u00e4nsla av detta. Som en bild av hur m\u00e4nniskor utnyttjar andra. Fast finns det m\u00e4nniskor som \u00e4r beredda att betala f\u00f6r att h\u00f6ra Kurdo Baksi ber\u00e4tta om Stieg Larsson s\u00e5 \u00e4r det v\u00e4l ok. Fast jag kan \u00e4nd\u00e5 inte hj\u00e4lpa att jag tycker det k\u00e4nns som att samlas som gamar p\u00e5 n\u00e5got s\u00e4tt.<\/p>\n<p>Nu \u00e4r det br\u00e5k kring en del av det Baksi skrivit om Stieg Larsson. Baksi beskriver i boken Stieg Larsson som en journalist som t\u00e4njer p\u00e5 de yrkesetiska gr\u00e4nserna. Enligt Baksi har Stieg Larsson l\u00e5tit TT publicera artiklar d\u00e4r han intervjuat sina v\u00e4nner och drar sig inte f\u00f6r att skriva om \u00e4mnen d\u00e4r han sj\u00e4lv \u00e4r part i m\u00e5let, som artiklar om tidningen Expo.<\/p>\n<p>M\u00e5nga reagerade p\u00e5 detta. Kenneth Ahlborn, som under en period var Stieg Larssons n\u00e4rmaste chef p\u00e5 TT, reagerade starkt och f\u00f6rnekar \u00e5 det best\u00e4mdaste att Stieg Larsson skrev s\u00e5dana artiklar. <a href=\"http:\/\/www.dn.se\/kultur-noje\/debatt-essa\/journalisten-kenneth-ahlbom-stieg-larsson-var-ingen-kitslig-wannabe-1.1029392\">Ur Dagens Nyheter:<br \/>\n<\/a><\/p>\n<blockquote><p>Stieg skrev n\u00e4stan bara harml\u00f6sa men r\u00e4tt kul artiklar om deckarf\u00f6rfattare, illustrat\u00f6rer eller charmig, v\u00e4lresearchad trivia. Jag kan bara minnas ett par, tre artiklar om vad man kan kalla politik i vid mening. Han introducerade en brittisk organisation som h\u00f6ll koll p\u00e5 nynazister, och skrev en annan g\u00e5ng om en ung man som levt under-cover i nynazistkretsar i Sverige. En tredje artikel anm\u00e4lde en engelsk bok om hur extremh\u00f6gern infiltrerar supporterklubbar i fotboll.<\/p><\/blockquote>\n<p>Sj\u00e4lv har jag faktiskt ocks\u00e5 jobbat p\u00e5 TT samtidigt som Stieg Larsson. Jag satt p\u00e5 centralredaktionen d\u00e4r vi skickade ut senaste nyheterna inom inrikes, ekonomi och sport. Vi var som en sista granskade station som klickade p\u00e5 knappen och iv\u00e4g skickades nyheterna till olika redaktioner runt om i landet. Det var flera \u00e5r innan Internet ens fanns.<br \/>\nJag minns att en trappa ned fast det en kille som hette Stieg Larsson, som var en faktakollare. Om vi ville kolla n\u00e5gon fakta i en artikel innan den skickades ut, d\u00e5 bad vi honom kolla upp det.<br \/>\nTT hade en viktig roll d\u00e5: TT skulle vara snabbast och trov\u00e4rdigast. Vi fick en god tr\u00e4ning i att l\u00e4sa texterna med sk\u00e4rpa.<\/p>\n<p>Det var r\u00e4tt l\u00e4nge sedan och jag var d\u00e4r i ett \u00e5r innan jag fick vidare och jobbade p\u00e5 ett annat st\u00e4lle ett par \u00e5r och sedan kom jag tillbaka en kort period. Jag kan inte uttala mig om vad som \u00e4r sant eller inte, om hur m\u00e5nga artiklar Stieg Larsson skrivit p\u00e5 TT. Jag har detta i bakhuvudet n\u00e4r jag l\u00e4ser debatten nu. T\u00e4nker att den som utnyttjar och tj\u00e4nar pengar p\u00e5 n\u00e5gon som \u00e4r d\u00f6d, och inte kan svara f\u00f6r sig, f\u00f6r vara extremt noggrann med fakta.<\/p>\n<p>Om Baksi har r\u00e4tt eller fel i sak, om Stieg Larsson skrev artiklar d\u00e4r han bedrev politik f\u00f6r det han brann f\u00f6r, eller inte, det l\u00e4r vi s\u00e4kert veta mer om. Finns artiklarna kommer de att gr\u00e4vas fram.<\/p>\n<p>Relaterade artiklar: <a href=\"http:\/\/www.dn.se\/kultur-noje\/nyheter\/brak-kring-ny-bok-om-stieg-larsson-1.1029839\">Dagens Nyheter 1<\/a>,  <a href=\"http:\/\/www.dn.se\/dnbok\/eva-gabrielsson-om-ny-bok-rent-fortal-1.1029397\">Dagens Nyheter 2<\/a> och <a href=\"http:\/\/www.aftonbladet.se\/kultur\/bokrecensioner\/article6442743.ab\">Aftonbladet.<\/a><\/p>\n<p>L\u00e4s \u00e4ven andra bloggares \u00e5sikter om <a href=\"http:\/\/bloggar.se\/om\/b%F6cker\" rel=\"tag\">b\u00f6cker<\/a>, <a href=\"http:\/\/bloggar.se\/om\/deckare\" rel=\"tag\">deckare<\/a>, <a href=\"http:\/\/bloggar.se\/om\/journalistik\" rel=\"tag\">journalistik<\/a>, <a href=\"http:\/\/bloggar.se\/om\/Stieg+Larsson\" rel=\"tag\">Stieg Larsson<\/a>, <a href=\"http:\/\/bloggar.se\/om\/Kurdo+Baksi\" rel=\"tag\">Kurdo Baksi<\/a><\/p>\n","protected":false},"excerpt":{"rendered":"<p>Jag fick en d\u00e5lig smak i munnen n\u00e4r jag h\u00f6rde att Kurdo Baksi tj\u00e4nar gott p\u00e5 att ha varit v\u00e4n eller bekant med Stieg Larsson, f\u00f6rfattaren till Milleniumb\u00f6ckerna som dog innan han fick uppleva den ekonomiska v\u00e4rldssucc\u00e9n. Kurdo Baksi \u00e4r aktuell nu f\u00f6r att han i dagarna gett ut en bok &#8211; &#8221;Min v\u00e4n Stieg [&hellip;]<\/p>\n","protected":false},"author":2,"featured_media":0,"comment_status":"open","ping_status":"open","sticky":false,"template":"","format":"standard","meta":{"_genesis_hide_title":false,"_genesis_hide_breadcrumbs":false,"_genesis_hide_singular_image":false,"_genesis_hide_footer_widgets":false,"_genesis_custom_body_class":"","_genesis_custom_post_class":"","_genesis_layout":"","footnotes":""},"categories":[62],"tags":[907,1197,2765],"class_list":{"0":"post-16818","1":"post","2":"type-post","3":"status-publish","4":"format-standard","6":"category-medie-och-kulturpolitik","7":"tag-bocker","8":"tag-deckare","9":"tag-journalistik","10":"entry"},"_links":{"self":[{"href":"https:\/\/kulturbloggen.com\/index.php?rest_route=\/wp\/v2\/posts\/16818","targetHints":{"allow":["GET"]}}],"collection":[{"href":"https:\/\/kulturbloggen.com\/index.php?rest_route=\/wp\/v2\/posts"}],"about":[{"href":"https:\/\/kulturbloggen.com\/index.php?rest_route=\/wp\/v2\/types\/post"}],"author":[{"embeddable":true,"href":"https:\/\/kulturbloggen.com\/index.php?rest_route=\/wp\/v2\/users\/2"}],"replies":[{"embeddable":true,"href":"https:\/\/kulturbloggen.com\/index.php?rest_route=%2Fwp%2Fv2%2Fcomments&post=16818"}],"version-history":[{"count":0,"href":"https:\/\/kulturbloggen.com\/index.php?rest_route=\/wp\/v2\/posts\/16818\/revisions"}],"wp:attachment":[{"href":"https:\/\/kulturbloggen.com\/index.php?rest_route=%2Fwp%2Fv2%2Fmedia&parent=16818"}],"wp:term":[{"taxonomy":"category","embeddable":true,"href":"https:\/\/kulturbloggen.com\/index.php?rest_route=%2Fwp%2Fv2%2Fcategories&post=16818"},{"taxonomy":"post_tag","embeddable":true,"href":"https:\/\/kulturbloggen.com\/index.php?rest_route=%2Fwp%2Fv2%2Ftags&post=16818"}],"curies":[{"name":"wp","href":"https:\/\/api.w.org\/{rel}","templated":true}]}}