{"id":16793,"date":"2010-01-19T09:13:33","date_gmt":"2010-01-19T08:13:33","guid":{"rendered":"http:\/\/kulturbloggen.com\/?p=16793"},"modified":"2010-01-19T09:13:33","modified_gmt":"2010-01-19T08:13:33","slug":"camilla-lackbergs-stenhuggaren-nu-pa-dvd","status":"publish","type":"post","link":"https:\/\/kulturbloggen.com\/?p=16793","title":{"rendered":"Camilla L\u00e4ckbergs Stenhuggaren &#8211; nu p\u00e5 dvd"},"content":{"rendered":"<p><a href=\"http:\/\/kulturbloggen.com\/wp-content\/uploads\/2010\/01\/camillalackberg_stenhuggasren_dvd.jpg\"><img loading=\"lazy\" decoding=\"async\" src=\"http:\/\/kulturbloggen.com\/wp-content\/uploads\/2010\/01\/camillalackberg_stenhuggasren_dvd-210x300.jpg\" alt=\"camillalackberg_stenhuggasren_dvd\" title=\"camillalackberg_stenhuggasren_dvd\" width=\"210\" height=\"300\" class=\"aligncenter size-medium wp-image-16796\" \/><\/a><br \/>\n\u00c4r du ett fan av Camilla L\u00e4ckbergs b\u00f6cker och tycker du om att se dem p\u00e5 film och i tv-serier? D\u00e5 kan &#8221;Stenhuggaren&#8221; vara n\u00e5got f\u00f6r dig, speciellt om du missade n\u00e4r den s\u00e4ndes i SVT.<br \/>\nDen har sl\u00e4ppts p\u00e5 dvd nu.<br \/>\nEftersom jag missade n\u00e4r den tv-s\u00e4ndes var jag glad att f\u00e5 se dvd:n.<\/p>\n<p>Eftersom den s\u00e4nts som tv-serie \u00e4r den n\u00e5got l\u00e4ngre \u00e4n en vanlig film. F\u00f6r den som gillar boken \u00e4r det ett plus. Regiss\u00f6ren f\u00e5r med mer fr\u00e5n boken d\u00e5.<\/p>\n<p>Men en sak \u00e4r lite trist n\u00e4r det g\u00e4ller dessa filmer: Erica Falck f\u00e5r mycket mindre utrymme \u00e4n i b\u00f6ckerna. I filmerna har pl\u00f6tsligt hennes pojkv\u00e4n och senare make, polismannen Patrik Hedstr\u00f6m, blivit huvudpersonen som det mesta kretsar kring och som l\u00f6ser kriminalg\u00e5torna. Jag fattar inte varf\u00f6r det alltid m\u00e5ste bli s\u00e5. Det \u00e4r likadant med Elizabeth George deckare om Barbara Havers och kommissarie Thomas Lyngley, d\u00e4r han den manliga personen f\u00e5tt ta \u00f6ver p\u00e5 bekostnad av kvinnan, som egentligen \u00e4r huvudpersonen.<\/p>\n<p>I vilket fall som helst var det en njutning av se filmen f\u00f6r jag \u00e4lskar v\u00e4stkusten och dess karga \u00f6ar och vilda hav. Bara att se dessa milj\u00f6er och de slingringa sm\u00e5v\u00e4garna p\u00e5 den lilla byn i Bohusl\u00e4n d\u00e4r handlingen utspelar sig \u00e4r ett stort n\u00f6je f\u00f6r mig. Jag l\u00e4ngtar dig. Nu.<\/p>\n<p>Stenhuggaren \u00e4r den tredje deckaren i Camilla L\u00e4ckbergs serie och Erica Falck och Patrik Hedstr\u00f6m fr\u00e5n Fj\u00e4llbacka.<\/p>\n<p>Handlingen i korthet fr\u00e5n SF.s hemsida:<\/p>\n<blockquote><p>En hummerfiskare f\u00e5r upp ett barnlik och som f\u00f6rst tros vara offer f\u00f6r en drunkningsolycka. Men en n\u00e4rmare unders\u00f6kning visar att hon m\u00f6rdats. N\u00e5gon har dr\u00e4nkt flickan inomhus, kl\u00e4tt p\u00e5 henne och kastat henne i havet. Varf\u00f6r vill n\u00e5gon d\u00f6da ett barn?<br \/>\nPatrik Hedstr\u00f6m, vars sambo Erica Falck nyss f\u00f6tt deras f\u00f6rsta barn, blir tillsammans med sina kolleger p\u00e5 Tanumshede-polisen indragen i en komplicerad mordutredning. Bakom Fj\u00e4llbackas idylliska fasad d\u00f6ljer sig en annan verklighet \u2013 med grannfejder, familjekonflikter och barnporrh\u00e4rvor. H\u00e4ndelser i 1930-talets Fj\u00e4llbacka v\u00e4vs samman med nuet och det visar sig att g\u00e5tans l\u00f6sning ligger i det f\u00f6rflutna &#8230;<\/p><\/blockquote>\n<p>Handlingen pendlar ju mellan d\u00e5tid &#8211; 1930-talet &#8211;  och nutid. Det kan vara lite f\u00f6rvirrande. Speciellt om det \u00e4r en tittare fr\u00e5n n\u00e5got annat land som ser en version med annat spr\u00e5k. Jag \u00e4r inte s\u00e4ker p\u00e5 att det g\u00e5r fram att m\u00e4nniskorna har kl\u00e4der fr\u00e5n en \u00e4ldre tid och pratar med h\u00f6gttravande spr\u00e5k fr\u00e5n en svunnen tid.<\/p>\n<p><a href=\"http:\/\/svtplay.se\/v\/1808514\/lackberg_x_2\/stenhuggaren__del_1\">Man kan se avsnitten i SVT Play, men tyv\u00e4rr \u00e4r de bara tillg\u00e4ngliga d\u00e4r fram till 25 januari.<\/a><\/p>\n<p>Relaterat:<br \/>\n<a href=\"http:\/\/www.camillalackberg.se\/\">Camilla L\u00e4ckbergs webbplats.<\/a><\/p>\n<p>Fakta:<br \/>\nStenhuggaren fr\u00e5n Camilla L\u00e4ckbergs kriminalroman<br \/>\nRegi:\tEmiliano Goessens<br \/>\nManus:\tAlexander S\u00f6derberg<br \/>\nMedverkande:\tElisabet Carlsson, Niklas Hjulstr\u00f6m, Sven-\u00c5ke GustavssonMer<br \/>\nFilmtyp:\tTV-film<\/p>\n<p>L\u00e4s \u00e4ven andra bloggares \u00e5sikter om <a href=\"http:\/\/bloggar.se\/om\/deckare\" rel=\"tag\">deckare<\/a>, <a href=\"http:\/\/bloggar.se\/om\/Bohusl%E4n\" rel=\"tag\">Bohusl\u00e4n<\/a>, <a href=\"http:\/\/bloggar.se\/om\/Camilla+L%E4ckberg\" rel=\"tag\">Camilla L\u00e4ckberg<\/a>, <a href=\"http:\/\/bloggar.se\/om\/Stenhuggaren\" rel=\"tag\">Stenhuggaren<\/a>, <a href=\"http:\/\/bloggar.se\/om\/tv-serie\" rel=\"tag\">tv-serie<\/a>, <a href=\"http:\/\/bloggar.se\/om\/dvd\" rel=\"tag\">dvd<\/a>, <a href=\"http:\/\/bloggar.se\/om\/kriminalroman\" rel=\"tag\">kriminalroman<\/a><\/p>\n","protected":false},"excerpt":{"rendered":"<p>\u00c4r du ett fan av Camilla L\u00e4ckbergs b\u00f6cker och tycker du om att se dem p\u00e5 film och i tv-serier? D\u00e5 kan &#8221;Stenhuggaren&#8221; vara n\u00e5got f\u00f6r dig, speciellt om du missade n\u00e4r den s\u00e4ndes i SVT. Den har sl\u00e4ppts p\u00e5 dvd nu. Eftersom jag missade n\u00e4r den tv-s\u00e4ndes var jag glad att f\u00e5 se dvd:n. [&hellip;]<\/p>\n","protected":false},"author":13,"featured_media":0,"comment_status":"open","ping_status":"open","sticky":false,"template":"","format":"standard","meta":{"_genesis_hide_title":false,"_genesis_hide_breadcrumbs":false,"_genesis_hide_singular_image":false,"_genesis_hide_footer_widgets":false,"_genesis_custom_body_class":"","_genesis_custom_post_class":"","_genesis_layout":"","footnotes":""},"categories":[51,16,20],"tags":[770,1197],"class_list":{"0":"post-16793","1":"post","2":"type-post","3":"status-publish","4":"format-standard","6":"category-filmer","7":"category-recension","8":"category-film","9":"tag-bohuslan","10":"tag-deckare","11":"entry"},"_links":{"self":[{"href":"https:\/\/kulturbloggen.com\/index.php?rest_route=\/wp\/v2\/posts\/16793","targetHints":{"allow":["GET"]}}],"collection":[{"href":"https:\/\/kulturbloggen.com\/index.php?rest_route=\/wp\/v2\/posts"}],"about":[{"href":"https:\/\/kulturbloggen.com\/index.php?rest_route=\/wp\/v2\/types\/post"}],"author":[{"embeddable":true,"href":"https:\/\/kulturbloggen.com\/index.php?rest_route=\/wp\/v2\/users\/13"}],"replies":[{"embeddable":true,"href":"https:\/\/kulturbloggen.com\/index.php?rest_route=%2Fwp%2Fv2%2Fcomments&post=16793"}],"version-history":[{"count":0,"href":"https:\/\/kulturbloggen.com\/index.php?rest_route=\/wp\/v2\/posts\/16793\/revisions"}],"wp:attachment":[{"href":"https:\/\/kulturbloggen.com\/index.php?rest_route=%2Fwp%2Fv2%2Fmedia&parent=16793"}],"wp:term":[{"taxonomy":"category","embeddable":true,"href":"https:\/\/kulturbloggen.com\/index.php?rest_route=%2Fwp%2Fv2%2Fcategories&post=16793"},{"taxonomy":"post_tag","embeddable":true,"href":"https:\/\/kulturbloggen.com\/index.php?rest_route=%2Fwp%2Fv2%2Ftags&post=16793"}],"curies":[{"name":"wp","href":"https:\/\/api.w.org\/{rel}","templated":true}]}}