{"id":167289,"date":"2023-05-19T10:42:00","date_gmt":"2023-05-19T09:42:00","guid":{"rendered":"https:\/\/kulturbloggen.com\/?p=167289"},"modified":"2023-05-19T14:48:55","modified_gmt":"2023-05-19T13:48:55","slug":"malmo-stadsteater-satter-upp-fargsprakande-familjeforestallningen-kejsarens-nya-klader","status":"publish","type":"post","link":"https:\/\/kulturbloggen.com\/?p=167289","title":{"rendered":"Malm\u00f6 stadsteater s\u00e4tter upp f\u00e4rgsprakande familjef\u00f6rest\u00e4llningen Kejsarens nya kl\u00e4der"},"content":{"rendered":"<figure id=\"attachment_167294\" aria-describedby=\"caption-attachment-167294\" style=\"width: 650px\" class=\"wp-caption aligncenter\"><img loading=\"lazy\" decoding=\"async\" class=\"size-full wp-image-167294\" src=\"https:\/\/kulturbloggen.com\/wp-content\/uploads\/2023\/05\/unnamed-2-1.jpg\" alt=\"\" width=\"650\" height=\"365\" srcset=\"https:\/\/kulturbloggen.com\/wp-content\/uploads\/2023\/05\/unnamed-2-1.jpg 650w, https:\/\/kulturbloggen.com\/wp-content\/uploads\/2023\/05\/unnamed-2-1-300x168.jpg 300w\" sizes=\"auto, (max-width: 650px) 100vw, 650px\" \/><figcaption id=\"caption-attachment-167294\" class=\"wp-caption-text\">\u201dKejsarens nya kl\u00e4der\u201d blir \u00e5rets stora familjef\u00f6rest\u00e4llning p\u00e5 Malm\u00f6 Stadsteaters scen Hippodromen. Foto Emmalisa Pauly<\/figcaption><\/figure>\n<p>Kejsarens nya kl\u00e4der kan bli \u00e5rets f\u00e4rgsprakande familjef\u00f6rest\u00e4llning. Den s\u00e4tts upp p\u00e5 Malm\u00f6 stadsteater.<\/p>\n<p>I ett pressmeddelande skriver Malm\u00f6 stadsteater:<br \/>\n\u00c5rets familjef\u00f6rest\u00e4llning i den ombyggda Hippodromen blir en fartfylld och f\u00e4rgsprakande version av H.C. Andersens saga Kejsarens nya kl\u00e4der \u2013 en evigt aktuell ber\u00e4ttelse om grupptryck, att g\u00e5 emot str\u00f6mmen och v\u00e5ga st\u00e5 upp f\u00f6r det man tror p\u00e5. Premi\u00e4r blir det p\u00e5 Hippodromen den 24 november, och idag sl\u00e4pper vi biljetterna! F\u00f6rest\u00e4llningen riktar sig till alla fr\u00e5n 7 \u00e5r och upp\u00e5t.<\/p>\n<p>Kejsaren \u00e4r j\u00e4ttepopul\u00e4r, kl\u00e4r sig alltid i det senaste modet och \u00e4r en stj\u00e4rna p\u00e5 catwalken. Kejsaren har swag! Men modet f\u00f6r\u00e4ndrar sig snabbt. Det fantastiskt vackra fluffiga plagget kejsaren haft p\u00e5 sig p\u00e5 morgonen kan redan p\u00e5 kv\u00e4llen vara gr\u00e4sligt och omodernt. Precis som i den klassiska sagan kommer tv\u00e5 k\u00e4nda och coola skr\u00e4ddare till kejsarens stad. De har en riktigt slug plan och har best\u00e4mt sig f\u00f6r att spela hela hovet ett spratt\u2026<\/p>\n<p>Regiss\u00f6ren Viktor Tjerneld har bearbetat ber\u00e4ttelsen och tagit fasta p\u00e5 tematiken att v\u00e5ga st\u00e5 upp f\u00f6r det man tror p\u00e5:<\/p>\n<p>\u2013 I min version av Kejsarens nya kl\u00e4der tar jag utg\u00e5ngspunkt i en tematik som k\u00e4nns evigt aktuell: att v\u00e5ga st\u00e5 upp f\u00f6r det man tror p\u00e5, att inte bara slaviskt f\u00f6lja gruppen utan ha modet att s\u00e4ga ifr\u00e5n. Kejsaren \u00e4r ju naken! Detta utspelar sig i en sagov\u00e4rld, med f\u00e4rglada kostymer och h\u00e4rlig musik. Jag hoppas att handlingen i denna sagans skruvade v\u00e4rld kommer att skapa igenk\u00e4nning, skratt och eftertanke, f\u00f6r stora som sm\u00e5. Jag sj\u00e4lv har i alla fall haft v\u00e4ldigt roligt n\u00e4r jag skrivit den h\u00e4r versionen f\u00f6r Malm\u00f6 2023!, s\u00e4ger regiss\u00f6ren Viktor Tjerneld.<\/p>\n<p>Kejsarens nya kl\u00e4der filmades och streamades under pandemin, och nu f\u00e5r den \u00e4ntligen sin live-premi\u00e4r p\u00e5 Hippodromen. Medverkande sk\u00e5despelare \u00e4r Viktor Nystr\u00f6m Sk\u00f6ld, Sanna Persson-Halapi, Karin Lithman, Hans-Peter Edh, Kajsa Ericsson, Jesper Forsberg, Lydia Ahls\u00e9n samt elever fr\u00e5n Dans- och Musikalgymnasiet i Lund.<\/p>\n<p><strong>KEJSARENS NYA KL\u00c4DER<\/strong><br \/>\n<strong>Av Viktor Tjerneld, fritt efter sagan av H.C. Andersen<\/strong><\/p>\n<p>Premi\u00e4r p\u00e5 Hippodromen 24 november 2023<br \/>\nFamiljef\u00f6rest\u00e4llning f\u00f6r alla \u00f6ver 7 \u00e5r<\/p>\n<p>F\u00f6rlag: Colombine Teaterf\u00f6rlag<br \/>\nManus och regi: Viktor Tjerneld<br \/>\nScenografi, kostym och mask: Christian Albrechtsen<br \/>\nLjus: Kasper Daugberg<br \/>\nKoreografi: Melker S\u00f6rensen<br \/>\nKomposit\u00f6r och k\u00f6rarrangemang: Hampus Hallberg<br \/>\nK\u00f6rledare: Staffan Paulson<br \/>\nI rollerna: Viktor Nystr\u00f6m Sk\u00f6ld, Sanna Persson-Halapi, Karin Lithman, Hans-Peter Edh, Kajsa Ericsson, Jesper Forsberg, Lydia Ahls\u00e9n samt elever fr\u00e5n Dans- och Musikalgymnasiet i Lund.<\/p>\n","protected":false},"excerpt":{"rendered":"<p>Kejsarens nya kl\u00e4der kan bli \u00e5rets f\u00e4rgsprakande familjef\u00f6rest\u00e4llning. Den s\u00e4tts upp p\u00e5 Malm\u00f6 stadsteater. I ett pressmeddelande skriver Malm\u00f6 stadsteater: \u00c5rets familjef\u00f6rest\u00e4llning i den ombyggda Hippodromen blir en fartfylld och f\u00e4rgsprakande version av H.C. Andersens saga Kejsarens nya kl\u00e4der \u2013 en evigt aktuell ber\u00e4ttelse om grupptryck, att g\u00e5 emot str\u00f6mmen och v\u00e5ga st\u00e5 upp f\u00f6r [&hellip;]<\/p>\n","protected":false},"author":13,"featured_media":0,"comment_status":"closed","ping_status":"closed","sticky":false,"template":"","format":"standard","meta":{"_genesis_hide_title":false,"_genesis_hide_breadcrumbs":false,"_genesis_hide_singular_image":false,"_genesis_hide_footer_widgets":false,"_genesis_custom_body_class":"","_genesis_custom_post_class":"","_genesis_layout":"","footnotes":""},"categories":[20,13624],"tags":[],"class_list":{"0":"post-167289","1":"post","2":"type-post","3":"status-publish","4":"format-standard","6":"category-film","7":"category-toppnytt","8":"entry"},"_links":{"self":[{"href":"https:\/\/kulturbloggen.com\/index.php?rest_route=\/wp\/v2\/posts\/167289","targetHints":{"allow":["GET"]}}],"collection":[{"href":"https:\/\/kulturbloggen.com\/index.php?rest_route=\/wp\/v2\/posts"}],"about":[{"href":"https:\/\/kulturbloggen.com\/index.php?rest_route=\/wp\/v2\/types\/post"}],"author":[{"embeddable":true,"href":"https:\/\/kulturbloggen.com\/index.php?rest_route=\/wp\/v2\/users\/13"}],"replies":[{"embeddable":true,"href":"https:\/\/kulturbloggen.com\/index.php?rest_route=%2Fwp%2Fv2%2Fcomments&post=167289"}],"version-history":[{"count":7,"href":"https:\/\/kulturbloggen.com\/index.php?rest_route=\/wp\/v2\/posts\/167289\/revisions"}],"predecessor-version":[{"id":167428,"href":"https:\/\/kulturbloggen.com\/index.php?rest_route=\/wp\/v2\/posts\/167289\/revisions\/167428"}],"wp:attachment":[{"href":"https:\/\/kulturbloggen.com\/index.php?rest_route=%2Fwp%2Fv2%2Fmedia&parent=167289"}],"wp:term":[{"taxonomy":"category","embeddable":true,"href":"https:\/\/kulturbloggen.com\/index.php?rest_route=%2Fwp%2Fv2%2Fcategories&post=167289"},{"taxonomy":"post_tag","embeddable":true,"href":"https:\/\/kulturbloggen.com\/index.php?rest_route=%2Fwp%2Fv2%2Ftags&post=167289"}],"curies":[{"name":"wp","href":"https:\/\/api.w.org\/{rel}","templated":true}]}}