{"id":16718,"date":"2010-01-16T14:33:12","date_gmt":"2010-01-16T13:33:12","guid":{"rendered":"http:\/\/kulturbloggen.com\/?p=16718"},"modified":"2010-01-16T14:33:12","modified_gmt":"2010-01-16T13:33:12","slug":"teaterrecension-allmant-sno-tvingar-oss-att-tanka-vidare","status":"publish","type":"post","link":"https:\/\/kulturbloggen.com\/?p=16718","title":{"rendered":"Teaterrecension: Allm\u00e4nt sn\u00f6 tvingar oss att t\u00e4nka vidare"},"content":{"rendered":"<p><a href=\"http:\/\/kulturbloggen.com\/wp-content\/uploads\/2010\/01\/allmant.jpg\"><img loading=\"lazy\" decoding=\"async\" src=\"http:\/\/kulturbloggen.com\/wp-content\/uploads\/2010\/01\/allmant.jpg\" alt=\"allmant\" title=\"allmant\" width=\"200\" height=\"200\" class=\"aligncenter size-full wp-image-16724\" \/><\/a><\/p>\n<p>\u201dAtt vara p\u00e5 v\u00e4g ingenstans j\u00e4vligt fort \u201d \u00e4r undertiteln p\u00e5 \u00c5sa Olssons nyskrivna pj\u00e4s Allm\u00e4nt sn\u00f6, som torsdagen den 14 januari hade premi\u00e4r p\u00e5 Dramalabbet.<\/p>\n<p>Och det \u00e4r denna k\u00e4nsla av att livet rusar fram utan k\u00e4nd mening eller m\u00e5l som genomsyrar det ganska m\u00f6rka relationsdramat. Sk\u00e5despelarna \u2013 Sandra Andreis, Niklas Engdahl, Meliz Karlge och Erik Magnusson \u2013 g\u00f6r en trov\u00e4rdig tolkning av de unga m\u00e4nniskorna. Rollgestalterna och dialogen k\u00e4nns v\u00e4ldigt \u00e4kta. Man grips av deras pl\u00e5gsamma of\u00f6rm\u00e5ga att n\u00e5 varandra, som f\u00f6rst\u00e4rks ytterligare efter en gemensam sorg. En tragisk h\u00e4ndelse, som i st\u00e4llet f\u00f6r att f\u00f6ra samman personerna skapar en mur mellan dem.<\/p>\n<p>Pj\u00e4sen st\u00e4ller m\u00e5nga angel\u00e4gna existentiella fr\u00e5gor; kring den st\u00e4ndiga kampen f\u00f6r att passa in, r\u00e4cka till, f\u00f6rverkliga och tillfredsst\u00e4lla sig sj\u00e4lv och omv\u00e4rlden; om vad som egentligen \u00e4r viktigt i livet och om vad k\u00e4rlek \u00e4r.<\/p>\n<p>D\u00e4remot ger den inga direkta svar. De tvingas vi i publiken sj\u00e4lva fundera vidare p\u00e5.<\/p>\n<p>Allm\u00e4nt sn\u00f6 kommer att uppf\u00f6ras 15 kv\u00e4llar mellan den 16 januari och den 17 februari. Vid sju av speltillf\u00e4llena kommer olika konstn\u00e4rer att tolka pj\u00e4sen genom en m\u00e5lning med publik efter f\u00f6rest\u00e4llningen. Tv\u00e5 fotografer g\u00f6r sin tolkning genom ett bildspel som visas i foaj\u00e9n p\u00e5 teatern varje kv\u00e4ll. Det ska bli sp\u00e4nnande att se alla konstverken som kommer att st\u00e4llas ut under en kv\u00e4ll p\u00e5 Wetterling Gallery n\u00e4r spelperioden \u00e4r \u00f6ver.<\/p>\n<p>F\u00f6r mer information, se <a href=\"http:\/\/www.allmantsno.se\">www.allmantsno.se<\/a><\/p>\n<p>L\u00e4s \u00e4ven andra bloggares \u00e5sikter om <a href=\"http:\/\/bloggar.se\/om\/teater\" rel=\"tag\">teater<\/a>, <a href=\"http:\/\/bloggar.se\/om\/Stockholm\" rel=\"tag\">Stockholm<\/a>, <a href=\"http:\/\/bloggar.se\/om\/scen\" rel=\"tag\">scen<\/a>, <a href=\"http:\/\/bloggar.se\/om\/premi%E4r\" rel=\"tag\">premi\u00e4r<\/a>, <a href=\"http:\/\/bloggar.se\/om\/allm%E4nt+sn%F6\" rel=\"tag\">allm\u00e4nt sn\u00f6<\/a><\/p>\n","protected":false},"excerpt":{"rendered":"<p>\u201dAtt vara p\u00e5 v\u00e4g ingenstans j\u00e4vligt fort \u201d \u00e4r undertiteln p\u00e5 \u00c5sa Olssons nyskrivna pj\u00e4s Allm\u00e4nt sn\u00f6, som torsdagen den 14 januari hade premi\u00e4r p\u00e5 Dramalabbet. Och det \u00e4r denna k\u00e4nsla av att livet rusar fram utan k\u00e4nd mening eller m\u00e5l som genomsyrar det ganska m\u00f6rka relationsdramat. Sk\u00e5despelarna \u2013 Sandra Andreis, Niklas Engdahl, Meliz Karlge [&hellip;]<\/p>\n","protected":false},"author":13,"featured_media":0,"comment_status":"open","ping_status":"open","sticky":false,"template":"","format":"standard","meta":{"_genesis_hide_title":false,"_genesis_hide_breadcrumbs":false,"_genesis_hide_singular_image":false,"_genesis_hide_footer_widgets":false,"_genesis_custom_body_class":"","_genesis_custom_post_class":"","_genesis_layout":"","footnotes":""},"categories":[16,30],"tags":[4457,12286,5400,12288],"class_list":{"0":"post-16718","1":"post","2":"type-post","3":"status-publish","4":"format-standard","6":"category-recension","7":"category-teater","8":"tag-premiar","9":"tag-film","10":"tag-stockholm","11":"tag-teater","12":"entry"},"_links":{"self":[{"href":"https:\/\/kulturbloggen.com\/index.php?rest_route=\/wp\/v2\/posts\/16718","targetHints":{"allow":["GET"]}}],"collection":[{"href":"https:\/\/kulturbloggen.com\/index.php?rest_route=\/wp\/v2\/posts"}],"about":[{"href":"https:\/\/kulturbloggen.com\/index.php?rest_route=\/wp\/v2\/types\/post"}],"author":[{"embeddable":true,"href":"https:\/\/kulturbloggen.com\/index.php?rest_route=\/wp\/v2\/users\/13"}],"replies":[{"embeddable":true,"href":"https:\/\/kulturbloggen.com\/index.php?rest_route=%2Fwp%2Fv2%2Fcomments&post=16718"}],"version-history":[{"count":0,"href":"https:\/\/kulturbloggen.com\/index.php?rest_route=\/wp\/v2\/posts\/16718\/revisions"}],"wp:attachment":[{"href":"https:\/\/kulturbloggen.com\/index.php?rest_route=%2Fwp%2Fv2%2Fmedia&parent=16718"}],"wp:term":[{"taxonomy":"category","embeddable":true,"href":"https:\/\/kulturbloggen.com\/index.php?rest_route=%2Fwp%2Fv2%2Fcategories&post=16718"},{"taxonomy":"post_tag","embeddable":true,"href":"https:\/\/kulturbloggen.com\/index.php?rest_route=%2Fwp%2Fv2%2Ftags&post=16718"}],"curies":[{"name":"wp","href":"https:\/\/api.w.org\/{rel}","templated":true}]}}