{"id":16705,"date":"2010-01-16T09:46:39","date_gmt":"2010-01-16T08:46:39","guid":{"rendered":"http:\/\/kulturbloggen.com\/?p=16705"},"modified":"2010-01-16T09:46:39","modified_gmt":"2010-01-16T08:46:39","slug":"heja-gudrun-som-visar-att-manniskor-over-femtio-duger","status":"publish","type":"post","link":"https:\/\/kulturbloggen.com\/?p=16705","title":{"rendered":"Heja Gudrun som visar att m\u00e4nniskor \u00f6ver femtio duger"},"content":{"rendered":"<p><img loading=\"lazy\" decoding=\"async\" src=\"http:\/\/kulturbloggen.com\/wp-content\/uploads\/2010\/01\/gudrunschymanletsdance.jpg\" alt=\"gudrunschymanletsdance\" title=\"gudrunschymanletsdance\" width=\"300\" height=\"197\" class=\"aligncenter size-full wp-image-16710\" \/><br \/>\nGudrun Schyman dansar bra. Hon gjorde sin andra dans i tv4:s n\u00f6jesprogram Let\u00b4s Dance p\u00e5 fredagskv\u00e4llen. Hon fick ber\u00f6m och bra po\u00e4ng av domarna.<br \/>\nF\u00f6rra \u00e5rets var det nyhetsreporten Elisabeth H\u00f6glund som visade att damer i medel\u00e5ldern kan prestera bra ocks\u00e5. Men Gudrun Schyman \u00e4r \u00e4nnu b\u00e4ttre.<\/p>\n<p>I dagens s\u00e5 t\u00e4vlingsfixerade och ungdoms fixerade samh\u00e4lle beh\u00f6vs det f\u00f6rebild som visar att m\u00e4nniskor kan en hel del n\u00e4r de \u00e4r \u00f6ver femtio ocks\u00e5. Internationellt och utomlands kan m\u00e4nniskor som \u00e4r \u00f6ver femtio v\u00e4rderas, men i Sverige \u00e4r vi extremt fixerade vi att alla ska vara unga, vackra och beg\u00e5vade &#8211; och st\u00e4ndigt ska det t\u00e4vlas.<\/p>\n<p>Egentligen \u00e4r det t\u00e4vling n\u00e4stan j\u00e4mt och \u00f6verallt i samh\u00e4llet. Ocks\u00e5 Lets Dance \u00e4r ju en t\u00e4vling och den som \u00e5kte ur f\u00f6rsta g\u00e5ngen var fotbollsspelaren  Victoria Sandell Svensson. Hon \u00e5kte ut inte f\u00f6r att hon dansade s\u00e4mst utan <a href=\"http:\/\/www.aftonbladet.se\/nojesbladet\/tv\/letsdance\/article6436611.ab\">hade l\u00e5gt st\u00f6d av tittarna som ringer in<\/a>.<\/p>\n<p>P\u00e5 s\u00e4tt och vis \u00e4r jag r\u00e4tt tr\u00f6tt p\u00e5 det h\u00e4r t\u00e4vlingsmomentet som ska med in i n\u00e4stan alla sammanhang. Tidigare p\u00e5 kv\u00e4llen hade jag varit p\u00e5 en musikfest p\u00e5 Fryshuset d\u00e4r tio unga band spelade och t\u00e4vlade om fyra platser till en final. Och <a href=\"http:\/\/wwwapp.aftonbladet.se\/bloggpriset\/\">Kulturbloggen \u00e4r med i Aftonbladets Stora Bloggpriset<\/a>. Ocks\u00e5 det en t\u00e4vling d\u00e4r det g\u00e4ller att f\u00e5 s\u00e5 m\u00e5nga som m\u00f6jligt att r\u00f6sta. Och inte bara r\u00f6sta utan de ska r\u00f6sta en g\u00e5ng om dagen. Rena uth\u00e5llighetst\u00e4vlingen. Det \u00e4r inte direkt s\u00e4kert att en bloggs bes\u00f6kare g\u00e5r till en dator varje dag och r\u00f6star. Men s\u00e5 \u00e4r det med t\u00e4vlingar. Det \u00e4r vissa regler.<\/p>\n<p>V\u00e4rlden \u00e4r r\u00e4tt h\u00e5rd idag, det g\u00e4ller att t\u00e4vla n\u00e4stan j\u00e4mt i alla sammanhang.<\/p>\n<p>N\u00e5, nu \u00e4r Lets Dance en underh\u00e5llande t\u00e4vling. Gudrun Schyman har f\u00e5tt gn\u00e4ll av en del som menar att hon ska f\u00f6rlora i politisk trov\u00e4rdighet f\u00f6r att hon st\u00e4ller upp. Pyttsan. Varf\u00f6r m\u00e5ste politiker vara tr\u00e5kiga j\u00e4mt? Politikerna ska v\u00e4l vara med och ta beslut som utvecklar samh\u00e4llet i en riktning d\u00e4r det blir roligt att leva. Eller? S\u00e5 l\u00e4nge hennes insats best\u00e5r i att seri\u00f6st anstr\u00e4nga sig och g\u00f6ra sitt b\u00e4sta f\u00f6rlorar hon absolut inte i n\u00e5gon trov\u00e4rdighet. Livet vore bra trist utan dans.<\/p>\n<p>Gudrun Schyman \u00e4r inte bara \u00f6ver femtio, hon \u00e4r \u00f6ver sextio.<br \/>\nLite fakta fr\u00e5n Wikipedia:<\/p>\n<blockquote><p>Gerd Gudrun Maria Schyman, f\u00f6dd 9 juni 1948 i T\u00e4by i Stockholms l\u00e4n, \u00e4r en svensk politiker (tidigare v\u00e4nsterpartist) och socionom. Hon var riksdagsledamot 1988\u20132006 och partiledare f\u00f6r v\u00e4nsterpartiet 1993\u20132003.<\/p>\n<p>Schyman l\u00e4mnade v\u00e4nsterpartiet 7 december 2004, och satt fram till valet 2006 som politisk vilde i riksdagen. Vid en presskonferens 4 april 2005 presenterades hon som en av styrelsemedlemmarna i det nybildade n\u00e4tverket Feministiskt initiativ.<\/p><\/blockquote>\n<p>Hon \u00e4r en enorm f\u00f6rebild. Heja Gudrun Schyman, heja, heja, heja &#8230;<\/p>\n<p>H\u00e4r kan du se Gudr\u00fan Schyman dansa tango.<br \/>\n<object width=\"424\" classid=\"clsid:D27CDB6E-AE6D-11cf-96B8-444553540000\" height=\"321\"><param name=\"movie\" value=\"http:\/\/cdn01.tv4.se\/polopoly_fs\/1.939636!approot\/embedvideo.swf?videoId=1.1443609\"><\/param><param name=\"allowfullscreen\" value=\"true\"><\/param><param name=\"allowScriptAccess\" value=\"always\"><\/param><param name=\"base\" value=\"http:\/\/cdn01.tv4.se\/polopoly_fs\/1.939636!approot\/\"><\/param><embed src=\"http:\/\/cdn01.tv4.se\/polopoly_fs\/1.939636!approot\/embedvideo.swf?videoId=1.1443609\" type=\"application\/x-shockwave-flash\" allowfullscreen=\"true\" base=\"http:\/\/cdn01.tv4.se\/polopoly_fs\/1.939636!approot\/\" allowScriptAccess=\"always\" width=\"424\" height=\"321\"><\/embed><\/object><\/p>\n<p>Relaterat:<br \/>\n<a href=\"http:\/\/gudrun.letsdance.tv4.se\/2010\/01\/15\/let_s_dance_goes_allsang\/\">Gudrun Schymans Lets Dance-blogg.<\/a><br \/>\n<a href=\"http:\/\/www.expressen.se\/noje\/letsdance\/1.1846669\/victoria-sandell-svensson-tvingas-lamna-let-s-dance#\">Expressen 1<\/a> och <a href=\"http:\/\/www.expressen.se\/noje\/letsdance\/1.1846625\/partnern-om-elin-kling-kunde-inte-dansa-over-huvud-taget#\">Expressen 2.<\/a><br \/>\n<a href=\"http:\/\/www.aftonbladet.se\/nojesbladet\/tv\/letsdance\/article6435030.ab\">Aftonbladets direktrapport.<\/a><br \/>\n<a href=\"http:\/\/www.aftonbladet.se\/nojesbladet\/tv\/letsdance\/article6435030.ab\">Dagens Nyheter<\/a>.<\/p>\n<p>L\u00e4s \u00e4ven andra bloggares \u00e5sikter om <a href=\"http:\/\/bloggar.se\/om\/dans\" rel=\"tag\">dans<\/a>, <a href=\"http:\/\/bloggar.se\/om\/n%F6je\" rel=\"tag\">n\u00f6je<\/a>, <a href=\"http:\/\/bloggar.se\/om\/tv4\" rel=\"tag\">tv4<\/a>, <a href=\"http:\/\/bloggar.se\/om\/Lets+Dance\" rel=\"tag\">Lets Dance<\/a>, <a href=\"http:\/\/bloggar.se\/om\/Gudrun+Schyman\" rel=\"tag\">Gudrun Schyman<\/a>, <a href=\"http:\/\/bloggar.se\/om\/tango\" rel=\"tag\">tango<\/a><\/p>\n","protected":false},"excerpt":{"rendered":"<p>Gudrun Schyman dansar bra. Hon gjorde sin andra dans i tv4:s n\u00f6jesprogram Let\u00b4s Dance p\u00e5 fredagskv\u00e4llen. Hon fick ber\u00f6m och bra po\u00e4ng av domarna. F\u00f6rra \u00e5rets var det nyhetsreporten Elisabeth H\u00f6glund som visade att damer i medel\u00e5ldern kan prestera bra ocks\u00e5. Men Gudrun Schyman \u00e4r \u00e4nnu b\u00e4ttre. I dagens s\u00e5 t\u00e4vlingsfixerade och ungdoms fixerade samh\u00e4lle [&hellip;]<\/p>\n","protected":false},"author":2,"featured_media":0,"comment_status":"open","ping_status":"open","sticky":false,"template":"","format":"standard","meta":{"_genesis_hide_title":false,"_genesis_hide_breadcrumbs":false,"_genesis_hide_singular_image":false,"_genesis_hide_footer_widgets":false,"_genesis_custom_body_class":"","_genesis_custom_post_class":"","_genesis_layout":"","footnotes":""},"categories":[20],"tags":[1128,4095,6029],"class_list":{"0":"post-16705","1":"post","2":"type-post","3":"status-publish","4":"format-standard","6":"category-film","7":"tag-dans","8":"tag-noje","9":"tag-tv4","10":"entry"},"_links":{"self":[{"href":"https:\/\/kulturbloggen.com\/index.php?rest_route=\/wp\/v2\/posts\/16705","targetHints":{"allow":["GET"]}}],"collection":[{"href":"https:\/\/kulturbloggen.com\/index.php?rest_route=\/wp\/v2\/posts"}],"about":[{"href":"https:\/\/kulturbloggen.com\/index.php?rest_route=\/wp\/v2\/types\/post"}],"author":[{"embeddable":true,"href":"https:\/\/kulturbloggen.com\/index.php?rest_route=\/wp\/v2\/users\/2"}],"replies":[{"embeddable":true,"href":"https:\/\/kulturbloggen.com\/index.php?rest_route=%2Fwp%2Fv2%2Fcomments&post=16705"}],"version-history":[{"count":0,"href":"https:\/\/kulturbloggen.com\/index.php?rest_route=\/wp\/v2\/posts\/16705\/revisions"}],"wp:attachment":[{"href":"https:\/\/kulturbloggen.com\/index.php?rest_route=%2Fwp%2Fv2%2Fmedia&parent=16705"}],"wp:term":[{"taxonomy":"category","embeddable":true,"href":"https:\/\/kulturbloggen.com\/index.php?rest_route=%2Fwp%2Fv2%2Fcategories&post=16705"},{"taxonomy":"post_tag","embeddable":true,"href":"https:\/\/kulturbloggen.com\/index.php?rest_route=%2Fwp%2Fv2%2Ftags&post=16705"}],"curies":[{"name":"wp","href":"https:\/\/api.w.org\/{rel}","templated":true}]}}