{"id":16687,"date":"2010-01-15T01:34:23","date_gmt":"2010-01-15T00:34:23","guid":{"rendered":"http:\/\/kulturbloggen.com\/?p=16687"},"modified":"2010-01-15T01:34:23","modified_gmt":"2010-01-15T00:34:23","slug":"16687","status":"publish","type":"post","link":"https:\/\/kulturbloggen.com\/?p=16687","title":{"rendered":"Telia \u00e4r f\u00f6rst i v\u00e4rlden med 4G"},"content":{"rendered":"<figure id=\"attachment_16688\" aria-describedby=\"caption-attachment-16688\" style=\"width: 300px\" class=\"wp-caption aligncenter\"><a href=\"http:\/\/kulturbloggen.com\/wp-content\/uploads\/2010\/01\/telia_4G.jpg\"><img loading=\"lazy\" decoding=\"async\" class=\"size-medium wp-image-16688\" title=\"telia_4G\" src=\"http:\/\/kulturbloggen.com\/wp-content\/uploads\/2010\/01\/telia_4G-300x223.jpg\" alt=\"telia_4G\" width=\"300\" height=\"223\" \/><\/a><figcaption id=\"caption-attachment-16688\" class=\"wp-caption-text\">En d\u00e5lig bild p\u00e5 en glad Telia 4G-f\u00f6rs\u00e4ljare<\/figcaption><\/figure>\n<p>Ig\u00e5r skall de f\u00f6rsta modemen f\u00f6r 4G b\u00f6rja s\u00e4ljas av Telia. <a title=\"IDG\" href=\"http:\/\/www.idg.se\/2.1085\/1.284752\/ericsson-knuffar-ut-huawei-fran-oslo?utm_source=feedburner&amp;utm_medium=feed&amp;utm_campaign=Feed:+idg\/vzzs+(IDG.se:+Hetaste+IT-nyheterna+fr%C3%A5n+IDG.se)\">Ericsson<\/a> har f\u00e5tt jobbet att bygga upp n\u00e4tet \u00e5t Telia.<\/p>\n<p>Oslo och Stockholm \u00e4r de f\u00f6rsta st\u00e4derna d\u00e4r 4G blir tillg\u00e4ngligt. 4G \u00e4r en ny standard f\u00f6r mobil data\u00f6verf\u00f6ring och teoretiskt skall det g\u00e5 att komma upp i 100 megabits i sekunden. Det ni!<\/p>\n<p>Redan ig\u00e5r hade <a title=\"Tommy k Johanssons blogg\" href=\"http:\/\/blogg.tkj.se\/telia-4g-100-mbit\/\">Tommy k Johansson<\/a> ett inl\u00e4gg om detta med mer information.<\/p>\n<p>Tyv\u00e4rr blev det inga modem till de som <a title=\"IDG\" href=\"http:\/\/www.idg.se\/2.1085\/1.279452\/bara-utvalda-fick-kopa-4g-modem?utm_source=feedburner&amp;utm_medium=feed&amp;utm_campaign=Feed:+idg\/vzzs+(IDG.se:+Hetaste+IT-nyheterna+fr%C3%A5n+IDG.se)\">k\u00f6ade i kylan<\/a>. Det hundratal modem som fanns gick till utvalda kunder som f\u00f6ranm\u00e4lt sig. \u00d6vriga fick skriva upp sig p\u00e5 en intresseanm\u00e4lan.<\/p>\n<p><a title=\"Lilla Gumman\" href=\"http:\/\/www.lillagumman.se\/?p=5441\">Lilla Gumman \u00e4r glad<\/a><\/p>\n<p><a title=\"Intressant\" href=\"http:\/\/intressant.se\/intressant\">Intressant?<\/a> L\u00e4s \u00e4ven andra bloggares \u00e5sikter om <a rel=\"tag\" href=\"http:\/\/bloggar.se\/om\/Telia\">Telia<\/a>, <a rel=\"tag\" href=\"http:\/\/bloggar.se\/om\/4G\">4G<\/a>, <a rel=\"tag\" href=\"http:\/\/bloggar.se\/om\/mobilt+bredband\">mobilt bredband<\/a>, <a rel=\"tag\" href=\"http:\/\/bloggar.se\/om\/\"><\/a><\/p>\n","protected":false},"excerpt":{"rendered":"<p>Ig\u00e5r skall de f\u00f6rsta modemen f\u00f6r 4G b\u00f6rja s\u00e4ljas av Telia. Ericsson har f\u00e5tt jobbet att bygga upp n\u00e4tet \u00e5t Telia. Oslo och Stockholm \u00e4r de f\u00f6rsta st\u00e4derna d\u00e4r 4G blir tillg\u00e4ngligt. 4G \u00e4r en ny standard f\u00f6r mobil data\u00f6verf\u00f6ring och teoretiskt skall det g\u00e5 att komma upp i 100 megabits i sekunden. Det ni! [&hellip;]<\/p>\n","protected":false},"author":13,"featured_media":0,"comment_status":"open","ping_status":"open","sticky":false,"template":"","format":"standard","meta":{"_genesis_hide_title":false,"_genesis_hide_breadcrumbs":false,"_genesis_hide_singular_image":false,"_genesis_hide_footer_widgets":false,"_genesis_custom_body_class":"","_genesis_custom_post_class":"","_genesis_layout":"","footnotes":""},"categories":[20],"tags":[114,3722,5682],"class_list":{"0":"post-16687","1":"post","2":"type-post","3":"status-publish","4":"format-standard","6":"category-film","7":"tag-4g","8":"tag-mobilt-bredband","9":"tag-telia","10":"entry"},"_links":{"self":[{"href":"https:\/\/kulturbloggen.com\/index.php?rest_route=\/wp\/v2\/posts\/16687","targetHints":{"allow":["GET"]}}],"collection":[{"href":"https:\/\/kulturbloggen.com\/index.php?rest_route=\/wp\/v2\/posts"}],"about":[{"href":"https:\/\/kulturbloggen.com\/index.php?rest_route=\/wp\/v2\/types\/post"}],"author":[{"embeddable":true,"href":"https:\/\/kulturbloggen.com\/index.php?rest_route=\/wp\/v2\/users\/13"}],"replies":[{"embeddable":true,"href":"https:\/\/kulturbloggen.com\/index.php?rest_route=%2Fwp%2Fv2%2Fcomments&post=16687"}],"version-history":[{"count":0,"href":"https:\/\/kulturbloggen.com\/index.php?rest_route=\/wp\/v2\/posts\/16687\/revisions"}],"wp:attachment":[{"href":"https:\/\/kulturbloggen.com\/index.php?rest_route=%2Fwp%2Fv2%2Fmedia&parent=16687"}],"wp:term":[{"taxonomy":"category","embeddable":true,"href":"https:\/\/kulturbloggen.com\/index.php?rest_route=%2Fwp%2Fv2%2Fcategories&post=16687"},{"taxonomy":"post_tag","embeddable":true,"href":"https:\/\/kulturbloggen.com\/index.php?rest_route=%2Fwp%2Fv2%2Ftags&post=16687"}],"curies":[{"name":"wp","href":"https:\/\/api.w.org\/{rel}","templated":true}]}}