{"id":16679,"date":"2010-01-14T16:26:10","date_gmt":"2010-01-14T15:26:10","guid":{"rendered":"http:\/\/kulturbloggen.com\/?p=16679"},"modified":"2010-01-14T16:26:10","modified_gmt":"2010-01-14T15:26:10","slug":"missa-inte-evert-lundquist-%e2%80%93-utan-kostym-pa-moderna","status":"publish","type":"post","link":"https:\/\/kulturbloggen.com\/?p=16679","title":{"rendered":"Missa inte Evert Lundquist \u2013 utan kostym p\u00e5 Moderna"},"content":{"rendered":"<p><a href=\"http:\/\/kulturbloggen.com\/wp-content\/uploads\/2010\/01\/Evert-Lundquist-Kvinna-vid-den-vita-muren.jpg\"><img loading=\"lazy\" decoding=\"async\" src=\"http:\/\/kulturbloggen.com\/wp-content\/uploads\/2010\/01\/Evert-Lundquist-Kvinna-vid-den-vita-muren-249x300.jpg\" alt=\"Evert-Lundquist-Kvinna-vid-den-vita-muren\" title=\"Evert-Lundquist-Kvinna-vid-den-vita-muren\" width=\"249\" height=\"300\" class=\"aligncenter size-medium wp-image-16681\" \/><\/a><br \/>\nEtt fyrtiotal av konstn\u00e4ren Evert Lundquists m\u00e5lningar visas p\u00e5 Moderna museets utst\u00e4llning \u201dEvert Lundquist \u2013 utan kostym\u201d, som \u00f6ppnar p\u00e5 l\u00f6rdag den 16 januari.<br \/>\nEvert Lundquist (1904 \u2013 1994) \u00e4r en central gestalt inom det svenska m\u00e5leriet och det finns en etablerad uppfattning om honom som bland annat en ljusets m\u00e5lare med ett enhetligt konstn\u00e4rskap.  Moderna museet lyfter fram en ny bild av Evert Lundquist med perspektiv utifr\u00e5n dagens samh\u00e4lle och konst.<br \/>\nCurator Fredrik Liew, som \u00e4r mannen bakom Lundquist-utst\u00e4llningen, \u201ddrabbades\u201d sj\u00e4lv av Evert Lundquists m\u00e5lningar redan som mycket ung. Med den h\u00e4r utst\u00e4llningen vill Fredrik komma ifr\u00e5n den etablerade bilden av konstn\u00e4ren och i st\u00e4llet fokusera p\u00e5 sj\u00e4lva m\u00e5leriet och vad det ber\u00e4ttar.<br \/>\nEtt steg var att ta bort de tunga guldramar som oftast omsluter Evert Lundquists verk.  Fredrik Liew ser dem som ett slags skyddspapper som har omg\u00e4rdat konsten. De allm\u00e4nt r\u00e5dande uppfattningarna om Evert och hans konst \u00e4r andra skyddspapper som Fredrik har velat l\u00e4tta p\u00e5.<br \/>\nModerna museets utst\u00e4llning visar Evert Lundquist som motsatsernas m\u00e5lare \u2013 med b\u00e5de ljusa och m\u00f6rka sidor. Livet var inte alltid ljust f\u00f6r konstn\u00e4ren, som tidvis led av depressioner och vars ena son f\u00f6rsvann sp\u00e5rl\u00f6st 1965, 18 \u00e5r gammal. Everts oljem\u00e5lningar, som ofta \u00e4r gjorda i m\u00e5nga lager och d\u00e4r motivet har \u00e4ndrats under skapandets g\u00e5ng, speglar de m\u00e5nga bottnarna i Evert som person.<br \/>\nM\u00e5lningarna fr\u00e5n 1933 till 1988 \u00e4r inte h\u00e4ngda i kronologisk ordning utan i grupper som har gemensamma drag, oavsett n\u00e4r de \u00e4r skapade. Enligt Fredrik Liew finns det ingen konsekvent, metodisk eller rationell tidslinj\u00e4r tr\u00e5d i Evert Lundquists konstn\u00e4rskap. Snarare har konsten p\u00e5verkats av hans personliga erfarenheter och influenser som han tagit till sig utifr\u00e5n.<br \/>\nEvert Lundquists m\u00e5lningar befinner sig i ett gr\u00e4nsland mellan det figurativa och det abstrakta. Det finns alltid ett motiv, men det \u00e4r inte alltid \u00e4r helt sj\u00e4lvklart vad det \u00e4r. Evert Lundquist namngav alltid sina m\u00e5lningar, men att inte ens han alltid var helt best\u00e4md \u00f6ver vad motivet var visar den m\u00e5lning som p\u00e5 Moderna museet har namnet Torso. Den h\u00e4ngdes fr\u00e5n b\u00f6rjan horisontellt med namnet Stilleben och Evert d\u00f6pte om den n\u00e4r den av misstag h\u00e4ngdes vertikalt.<br \/>\nEvert Lundquist-utst\u00e4llningen p\u00e5 Moderna museet \u00e4r ett tydligt tecken p\u00e5 att m\u00e5leriet som konstart h\u00e5ller p\u00e5 att f\u00e5 uppr\u00e4ttelse, efter att en tid ha varit sedd lite \u00f6ver axeln av konstv\u00e4rlden. I v\u00e5r tid av digitala skapelser och dokus\u00e5por, d\u00e4r vi h\u00e5ller p\u00e5 att f\u00f6rlora k\u00e4nslan f\u00f6r vad som \u00e4r verkligt, \u00e4r en m\u00e5lad tavla n\u00e5got direkt, n\u00e4rvarande och \u00e4kta.<br \/>\nUtst\u00e4llningen Evert Lundquist \u2013 utan kostym \u2013 h\u00e5ller p\u00e5 mellan 16 januari och 11 april 2010. Den 28 februari ges en familjevisning av utst\u00e4llningen och sportlovsvisningar \u00e4ger rum 2 och 7 mars.<\/p>\n<p>F\u00f6r mer information, se <a href=\"http:\/\/www.moderna.museet.se\">www.moderna.museet.se<\/a><\/p>\n<p>Bild: Kvinna vid den vita muren, 1935<\/p>\n<p>L\u00e4s \u00e4ven andra bloggares \u00e5sikter om <a href=\"http:\/\/bloggar.se\/om\/konst\" rel=\"tag\">konst<\/a>, <a href=\"http:\/\/bloggar.se\/om\/Stockholm\" rel=\"tag\">Stockholm<\/a>, <a href=\"http:\/\/bloggar.se\/om\/Moderna+museet\" rel=\"tag\">Moderna museet<\/a>, <a href=\"http:\/\/bloggar.se\/om\/Evert+Lundquist\" rel=\"tag\">Evert Lundquist<\/a><\/p>\n","protected":false},"excerpt":{"rendered":"<p>Ett fyrtiotal av konstn\u00e4ren Evert Lundquists m\u00e5lningar visas p\u00e5 Moderna museets utst\u00e4llning \u201dEvert Lundquist \u2013 utan kostym\u201d, som \u00f6ppnar p\u00e5 l\u00f6rdag den 16 januari. Evert Lundquist (1904 \u2013 1994) \u00e4r en central gestalt inom det svenska m\u00e5leriet och det finns en etablerad uppfattning om honom som bland annat en ljusets m\u00e5lare med ett enhetligt konstn\u00e4rskap. [&hellip;]<\/p>\n","protected":false},"author":13,"featured_media":0,"comment_status":"open","ping_status":"open","sticky":false,"template":"","format":"standard","meta":{"_genesis_hide_title":false,"_genesis_hide_breadcrumbs":false,"_genesis_hide_singular_image":false,"_genesis_hide_footer_widgets":false,"_genesis_custom_body_class":"","_genesis_custom_post_class":"","_genesis_layout":"","footnotes":""},"categories":[20],"tags":[3009,3740,5400],"class_list":{"0":"post-16679","1":"post","2":"type-post","3":"status-publish","4":"format-standard","6":"category-film","7":"tag-konst","8":"tag-moderna-museet","9":"tag-stockholm","10":"entry"},"_links":{"self":[{"href":"https:\/\/kulturbloggen.com\/index.php?rest_route=\/wp\/v2\/posts\/16679","targetHints":{"allow":["GET"]}}],"collection":[{"href":"https:\/\/kulturbloggen.com\/index.php?rest_route=\/wp\/v2\/posts"}],"about":[{"href":"https:\/\/kulturbloggen.com\/index.php?rest_route=\/wp\/v2\/types\/post"}],"author":[{"embeddable":true,"href":"https:\/\/kulturbloggen.com\/index.php?rest_route=\/wp\/v2\/users\/13"}],"replies":[{"embeddable":true,"href":"https:\/\/kulturbloggen.com\/index.php?rest_route=%2Fwp%2Fv2%2Fcomments&post=16679"}],"version-history":[{"count":0,"href":"https:\/\/kulturbloggen.com\/index.php?rest_route=\/wp\/v2\/posts\/16679\/revisions"}],"wp:attachment":[{"href":"https:\/\/kulturbloggen.com\/index.php?rest_route=%2Fwp%2Fv2%2Fmedia&parent=16679"}],"wp:term":[{"taxonomy":"category","embeddable":true,"href":"https:\/\/kulturbloggen.com\/index.php?rest_route=%2Fwp%2Fv2%2Fcategories&post=16679"},{"taxonomy":"post_tag","embeddable":true,"href":"https:\/\/kulturbloggen.com\/index.php?rest_route=%2Fwp%2Fv2%2Ftags&post=16679"}],"curies":[{"name":"wp","href":"https:\/\/api.w.org\/{rel}","templated":true}]}}