{"id":166614,"date":"2023-05-03T08:24:32","date_gmt":"2023-05-03T07:24:32","guid":{"rendered":"https:\/\/kulturbloggen.com\/?p=166614"},"modified":"2023-05-03T08:24:32","modified_gmt":"2023-05-03T07:24:32","slug":"vanbot-man-ar-inte-forberedd-pa-nat","status":"publish","type":"post","link":"https:\/\/kulturbloggen.com\/?p=166614","title":{"rendered":"Vanbot: \u201c Man \u00e4r inte f\u00f6rberedd p\u00e5 n\u00e5t\u201d"},"content":{"rendered":"<p><img loading=\"lazy\" decoding=\"async\" class=\"alignnone size-medium wp-image-166670\" src=\"https:\/\/kulturbloggen.com\/wp-content\/uploads\/2023\/04\/2.Vanbot_synth-photo-Sara-Arnald-200x300.jpg\" alt=\"\" width=\"200\" height=\"300\" srcset=\"https:\/\/kulturbloggen.com\/wp-content\/uploads\/2023\/04\/2.Vanbot_synth-photo-Sara-Arnald-200x300.jpg 200w, https:\/\/kulturbloggen.com\/wp-content\/uploads\/2023\/04\/2.Vanbot_synth-photo-Sara-Arnald.jpg 433w\" sizes=\"auto, (max-width: 200px) 100vw, 200px\" \/><\/p>\n<p>Brytpunkter och uppbrott \u00e4r temat f\u00f6r electro-artisten Vanbots fj\u00e4rde full\u00e4ngdare &#8221;How Can I Prepare For This&#8221;. F\u00f6r Kulturbloggen ber\u00e4ttar hon om skrivkramp, synth-ljud och skrivande som antidos mot kraftig \u00e5ngest.<\/p>\n<p>Efter tre album med fluffig pop \u00e4r Ester Ideskog, alias Vanbot, tillbaka med ny pulveriserad synth-extas.<br \/>\n\u2013 Det \u00e4r s\u00e5 roligt att vara ig\u00e5ng igen. Det b\u00e4sta \u00e4r att f\u00e5 lyssnarnas positiva respons n\u00e4r n\u00e5got man skriver om sl\u00e5r an i dem.<\/p>\n<p>Temat p\u00e5 fj\u00e4rde plattan &#8221;How Can I Prepare For This&#8221; \u00e4r uppbrott och brytpunkter i livet. Samtliga l\u00e5tar handlar p\u00e5 olika plan om uppbrott, uppbrott p\u00e5 personligt och professionellt plan, nu och i perspektiv.<\/p>\n<p><strong>\u2013 <\/strong>Det \u00e4r tillbakablickar p\u00e5 gamla relationer, n\u00e4ra v\u00e4nners uppbrott och uppbrott fr\u00e5n staden. Jag flyttade fr\u00e5n Stockholm till sm\u00e5staden Lidk\u00f6ping d\u00e4r jag nu bor i en villa med sj\u00f6utsikt. Det \u00e4r skillnad att bo med naturen s\u00e5 n\u00e4ra till hands, en f\u00f6rh\u00f6jd livskvalitet helt klart.<\/p>\n<p><img loading=\"lazy\" decoding=\"async\" class=\"alignnone size-medium wp-image-166671\" src=\"https:\/\/kulturbloggen.com\/wp-content\/uploads\/2023\/04\/4.-VANBOT_VANBOT_album-photo-photo-Sune-Chee.jpg-jpg-300x169.jpg\" alt=\"\" width=\"300\" height=\"169\" srcset=\"https:\/\/kulturbloggen.com\/wp-content\/uploads\/2023\/04\/4.-VANBOT_VANBOT_album-photo-photo-Sune-Chee.jpg-jpg-300x169.jpg 300w, https:\/\/kulturbloggen.com\/wp-content\/uploads\/2023\/04\/4.-VANBOT_VANBOT_album-photo-photo-Sune-Chee.jpg-jpg.jpg 650w\" sizes=\"auto, (max-width: 300px) 100vw, 300px\" \/><\/p>\n<p>Uppm\u00e4rksamheten hos electro-artisten med f\u00f6rk\u00e4rlek till synthesizern har varit stor. Sajter som The Pitchfork och The Guardian har skrivit spaltmeter om Esters fluffiga electro-synth. Och artister som Petter Winnberg fr\u00e5n Amason och producenten Johannes Berglund, som arbetat med artister som The Knifes och Eva Dahlgren, har samrbetat med Vanbot. Men karri\u00e4ren har inte varit utan speed-bums.\u00a0 I samband med tredje skivsl\u00e4ppet &#8221;Sibiera&#8221; (2017) fick Ester skrivkramp och energin tog helt slut.<br \/>\n<strong>\u2013<\/strong> Jag var s\u00f6nderstressad och slutk\u00f6rd. F\u00f6r att orka backade jag ur allt som hade med musik att g\u00f6ra och jag gjorde bara det jag absolut beh\u00f6vde.<\/p>\n<p>D\u00e5 var Ester independent och gjorde allt fr\u00e5n marknadsf\u00f6ring till bokningar till releaser och fakturering p\u00e5 egen hand. Det var tuffa tider. Ester ber\u00e4ttar om hur hon efter releasefesten p\u00e5 klubben Ingrid kollapsade.<br \/>\n<strong>\u2013<\/strong> Jag var superglad, men s\u00e5 fort jag l\u00e4mnade klubben gick luften ur mig. D\u00e4refter tog jag en l\u00e5ng paus fr\u00e5n allt.<\/p>\n<p>Det tog cirka tv\u00e5 \u00e5r innan Ester greppade pennan igen. H<span style=\"font-size: revert; color: initial;\">ur fick du energi \u00e5ter? <\/span><\/p>\n<p><span style=\"font-size: revert; color: initial;\"><strong>\u2013 <\/strong><\/span><span style=\"font-size: revert; color: initial;\">Jag beh\u00f6vde vila och f\u00e5 \u00e5terh\u00e4mtning. Till slut \u00e5terv\u00e4nde lusten bara.<\/span><\/p>\n<p>F\u00f6r att undvika att hamna i samma sits f\u00f6rs\u00f6ker Ester att f\u00f6rbereda sig mer, \u00e4ven om det \u00e4r sv\u00e5rt. Saker som bokningar till skivsl\u00e4pp till intervjuer har en tendens att komma p\u00e5 en och samma g\u00e5ng.<br \/>\n<strong>\u2013<\/strong> Det blir l\u00e4tt s\u00e5. F\u00f6r att b\u00e4ttre hitta energin l\u00e4gger jag numera fokus p\u00e5 det roliga, skrivandet och skapandet, s\u00e5nt som f\u00e5r mig att bli glad. Framf\u00f6rallt undviker jag att st\u00e5ngas i on\u00f6dan med s\u00e5dant som \u00e4r tungt och som enbart dr\u00e4nerar mig p\u00e5 energi.<\/p>\n<p>Att ta sig ur skrivkrampen blev en brytpunkt f\u00f6r Ester. Idag t\u00e4nker hon mera p\u00e5 sitt v\u00e4lm\u00e5ende. Skrivandet anv\u00e4nds som verktyg f\u00f6r att det tackla jobbiga saker.<br \/>\n<strong>\u2013<\/strong> Jag skriver f\u00f6r att kunna hantera jobbiga k\u00e4nslor. Vi har alla brytpunkter i livet, situationer som skapar ett kaos. I sin tur genererar kaoset \u00e5ngest. N\u00e4r en linje bryts sl\u00e4pps \u00e5ngesten fri. Det blir en katalysator f\u00f6r skrivandet.<\/p>\n<p>Sista l\u00e5ten p\u00e5 skivan &#8221;Have Can I Prepare For This&#8221; bryter trenden med centrering kring uppbrott. Temat\u00a0 \u00e4r f\u00f6rnyelse och den stora f\u00f6r\u00e4lskelsen.<br \/>\n<strong>\u2013<\/strong>Jag ville skildra en fungerande k\u00e4rlekshistoria f\u00f6r det \u00e4r n\u00e5got man s\u00e4llan ser gestaltas inom popmusik. Den be skriver hur saker kan f\u00f6r\u00e4ndras, hur det ur det nya kan f\u00f6das n\u00e5got gott. Som vuxen tror man att man \u00e4r f\u00f6rberedd p\u00e5 det mesta, att man har koll och ingenting kan f\u00f6rv\u00e5na en. Sanningen \u00e4r att man inte \u00e4r f\u00f6rberedd p\u00e5 n\u00e5got.<\/p>\n<p>Det fick Vanbot uppleva n\u00e4r hon i februari fick se ryssarna attackera Ukraina. &#8221; The Weight of Rage&#8221; skrevs under de f\u00f6rsta dagarna f\u00f6r invasionen.<br \/>\n<strong>\u2013<\/strong>N\u00e4r jag s\u00e5g familjer kliva p\u00e5 t\u00e5gen, blidkade hur m\u00f6drar och deras barn gick p\u00e5 vagnarna medans f\u00e4derna l\u00e4mnades kvar blev jag starkt ber\u00f6rd.<\/p>\n<p>&#8221;The Weight of Rage&#8221; \u00e4r hennes tolkning av uppbrottet som kommer i och med ett krig, ett krig som skapar en spricka mellan m\u00e4nniskor, familjer och nationer.<br \/>\n<strong>\u2013<\/strong> Familjer splittrades. Som mamma med ett litet barn d\u00e4r hemma kan jag ana men aldrig greppa<br \/>\nden oerh\u00f6rda sm\u00e4rta de har upplever.<\/p>\n<p>Bland fluffiga popd\u00e4ngor sticker &#8221;The Weight of Rage&#8221; ut. Det \u00e4r ett maffigt arrangemang ackompanjerat av Erik Arvinder och hans orkester Stockholm Studio Orchestra. Ester som \u00e4r van att arbeta i mindre team, antingen sj\u00e4lv eller i ett band, fick pr\u00f6va p\u00e5 att samverka med en 24-manna str\u00e5korkester.<br \/>\n<strong>\u2013<\/strong> Det var fantastiskt. Jag vart som en bl\u00f6t p\u00f6l f\u00f6rsta g\u00e5ngen jag h\u00f6rde dem spela. De \u00e4r s\u00e5dana proffs med noll behov av repetition. De bara k\u00f6r.<\/p>\n<p>Soundet p\u00e5 nya skivan beskriver Ester som fluffig pop med betoning p\u00e5 synth. Samuel Starck, producent f\u00f6r och kompande musiker \u00e5t artister som Veronica Maggio och Jonathan Johansson, har varit med och format ljudbilden. F\u00f6rutom musiker \u00e4r Samuel en n\u00e4ra v\u00e4n till Ester.<br \/>\n<strong>\u2013<\/strong> Det var betryggande att arbeta med n\u00e5gon som \u00e4r s\u00e5 pass kunnig, men framf\u00f6rallt \u00e4r det roligt. V\u00e5ra m\u00f6ten har varit rofyllda. Jag tror vi pratar mera om mat \u00e4n musik, ler Ester.<\/p>\n<p>Soundet f\u00f6r fj\u00e4rde albumet skiljer sig fr\u00e5n tidigare alster. Experimentskivan &#8221;Siberia&#8221; (2017), hennes f\u00f6rra full\u00e4ngdare, spelades in p\u00e5 den Transiberiska j\u00e4rnv\u00e4gen. H\u00e4r fick Ester m\u00f6jlighet att utforska musikens gr\u00e4nser. Mot Siberia \u00e4r \u201dHow To Prepare for This\u201d ett mer klassisk album d\u00e4r artisten g\u00e5tt till tillbaka till r\u00f6tterna.<br \/>\n<strong>\u2013<\/strong> Det \u00e4r back to basic och \u00e4r skrivet p\u00e5 samma vis som n\u00e4r jag b\u00f6rjade g\u00f6ra musik, okonstlat med fokus p\u00e5 melodier och synth-ljud.<\/p>\n<p><img loading=\"lazy\" decoding=\"async\" class=\"alignnone size-medium wp-image-166673\" src=\"https:\/\/kulturbloggen.com\/wp-content\/uploads\/2023\/04\/5.-Vanbot_vit-Photo-Sara-Arnald-200x300.jpg\" alt=\"\" width=\"200\" height=\"300\" srcset=\"https:\/\/kulturbloggen.com\/wp-content\/uploads\/2023\/04\/5.-Vanbot_vit-Photo-Sara-Arnald-200x300.jpg 200w, https:\/\/kulturbloggen.com\/wp-content\/uploads\/2023\/04\/5.-Vanbot_vit-Photo-Sara-Arnald.jpg 433w\" sizes=\"auto, (max-width: 200px) 100vw, 200px\" \/><\/p>\n<p>Esters k\u00e4rlek till synthesizern \u00e4r stark. Hon \u00e4lskar att f\u00e5 skruva p\u00e5 spakarna och kunna framkalla nya sp\u00e4nnande l\u00e4ten p\u00e5 det elektriska pianot.<br \/>\n<strong>\u2013<\/strong> F\u00f6r mig \u00e4r det alltid melodin som \u00e4r det b\u00e4rande elementet f\u00f6r en l\u00e5t. Det \u00e4r ur musiken som sedan id\u00e9n v\u00e4xer fram f\u00f6r en text.<\/p>\n<p>Det \u00e4r i skrivstugan och i studion som Ester trivs som b\u00e4st d\u00e4refter kommer live-scenen.<br \/>\n<strong>\u2013<\/strong> Det roligaste \u00e4r att f\u00e5 skriva men det kommer inte tills sin r\u00e4tt f\u00f6rr\u00e4n man f\u00e5r spela det inf\u00f6r andra och se deras reaktioner.<\/p>\n<p>Det finaste \u00e4r enligt Ester n\u00e4r man som artist lyckas n\u00e5 ut, n\u00e4r fans fr\u00e5n hela v\u00e4rlden skriver meddelanden om hur de knyter an till texten.<br \/>\n<strong>\u2013<\/strong>Det \u00e4r h\u00e4ftigt att kunna n\u00e5 ut p\u00e5 det viset och att ens musik kan bli s\u00e5 betydande f\u00f6r andra personer. D\u00e4ri ligger musikens verkliga styrka.<\/p>\n<p><iframe title=\"Spotify Embed: The Weight Of Rage\" style=\"border-radius: 12px\" width=\"100%\" height=\"152\" frameborder=\"0\" allowfullscreen allow=\"autoplay; clipboard-write; encrypted-media; fullscreen; picture-in-picture\" loading=\"lazy\" src=\"https:\/\/open.spotify.com\/embed\/track\/6DCdxup8XR7pz91AYZfGrV?si=QrJDT7mIS5q7ej-8VH2Nxw&#038;utm_source=oembed\"><\/iframe><\/p>\n<p>Vanbots album &#8221; How Can I Prepare For This&#8221; sl\u00e4pps den femte maj.<\/p>\n<p>Petter Stjernstedt<\/p>\n","protected":false},"excerpt":{"rendered":"<p>Brytpunkter och uppbrott \u00e4r temat f\u00f6r electro-artisten Vanbots fj\u00e4rde full\u00e4ngdare &#8221;How Can I Prepare For This&#8221;. F\u00f6r Kulturbloggen ber\u00e4ttar hon om skrivkramp, synth-ljud och skrivande som antidos mot kraftig \u00e5ngest. Efter tre album med fluffig pop \u00e4r Ester Ideskog, alias Vanbot, tillbaka med ny pulveriserad synth-extas. \u2013 Det \u00e4r s\u00e5 roligt att vara ig\u00e5ng igen. [&hellip;]<\/p>\n","protected":false},"author":40,"featured_media":0,"comment_status":"closed","ping_status":"closed","sticky":false,"template":"","format":"standard","meta":{"_genesis_hide_title":false,"_genesis_hide_breadcrumbs":false,"_genesis_hide_singular_image":false,"_genesis_hide_footer_widgets":false,"_genesis_custom_body_class":"","_genesis_custom_post_class":"","_genesis_layout":"","footnotes":""},"categories":[5,13624],"tags":[14601,14602,14604,5569,14603],"class_list":{"0":"post-166614","1":"post","2":"type-post","3":"status-publish","4":"format-standard","6":"category-intervju","7":"category-toppnytt","8":"tag-ester-ideskog","9":"tag-samuel-starck","10":"tag-siberia","11":"tag-synth","12":"tag-vanbot","13":"entry"},"_links":{"self":[{"href":"https:\/\/kulturbloggen.com\/index.php?rest_route=\/wp\/v2\/posts\/166614","targetHints":{"allow":["GET"]}}],"collection":[{"href":"https:\/\/kulturbloggen.com\/index.php?rest_route=\/wp\/v2\/posts"}],"about":[{"href":"https:\/\/kulturbloggen.com\/index.php?rest_route=\/wp\/v2\/types\/post"}],"author":[{"embeddable":true,"href":"https:\/\/kulturbloggen.com\/index.php?rest_route=\/wp\/v2\/users\/40"}],"replies":[{"embeddable":true,"href":"https:\/\/kulturbloggen.com\/index.php?rest_route=%2Fwp%2Fv2%2Fcomments&post=166614"}],"version-history":[{"count":8,"href":"https:\/\/kulturbloggen.com\/index.php?rest_route=\/wp\/v2\/posts\/166614\/revisions"}],"predecessor-version":[{"id":166941,"href":"https:\/\/kulturbloggen.com\/index.php?rest_route=\/wp\/v2\/posts\/166614\/revisions\/166941"}],"wp:attachment":[{"href":"https:\/\/kulturbloggen.com\/index.php?rest_route=%2Fwp%2Fv2%2Fmedia&parent=166614"}],"wp:term":[{"taxonomy":"category","embeddable":true,"href":"https:\/\/kulturbloggen.com\/index.php?rest_route=%2Fwp%2Fv2%2Fcategories&post=166614"},{"taxonomy":"post_tag","embeddable":true,"href":"https:\/\/kulturbloggen.com\/index.php?rest_route=%2Fwp%2Fv2%2Ftags&post=166614"}],"curies":[{"name":"wp","href":"https:\/\/api.w.org\/{rel}","templated":true}]}}