{"id":166340,"date":"2023-04-20T18:48:47","date_gmt":"2023-04-20T17:48:47","guid":{"rendered":"https:\/\/kulturbloggen.com\/?p=166340"},"modified":"2023-04-20T18:56:29","modified_gmt":"2023-04-20T17:56:29","slug":"filmrecension-pa-hvitfeldtska-bodde-vi-tankevackande-viktig","status":"publish","type":"post","link":"https:\/\/kulturbloggen.com\/?p=166340","title":{"rendered":"Filmrecension: P\u00e5 Hvitfeldtska bodde vi &#8211; tankev\u00e4ckande, viktig"},"content":{"rendered":"<p><img loading=\"lazy\" decoding=\"async\" class=\"aligncenter size-full wp-image-166351\" src=\"https:\/\/kulturbloggen.com\/wp-content\/uploads\/2023\/04\/unnamed-3-2.jpg\" alt=\"\" width=\"650\" height=\"433\" srcset=\"https:\/\/kulturbloggen.com\/wp-content\/uploads\/2023\/04\/unnamed-3-2.jpg 650w, https:\/\/kulturbloggen.com\/wp-content\/uploads\/2023\/04\/unnamed-3-2-300x200.jpg 300w\" sizes=\"auto, (max-width: 650px) 100vw, 650px\" \/><\/p>\n<p>P\u00e5 Hvitfeldtska bodde vi<br \/>\nBetyg 4<br \/>\nSvensk biopremi\u00e4r 21 april 2023<br \/>\nRegi Nils Petter L\u00f6fstedt<\/p>\n<p>En synnerligen tankev\u00e4ckande dokument\u00e4r om h\u00e4ndelserna f\u00f6r drygt tjugo \u00e5r sedan d\u00e5 G\u00f6teborgspolisen st\u00e4ngde in hundratals aktivister p\u00e5 Hvitfeldtska skolan i G\u00f6teborg under EU-toppm\u00f6tet 2001 d\u00e4r den amerikanske presidenten George W Bush n\u00e4rvarade. Inst\u00e4ngningen av aktivisterna var ett stort \u00f6vergrepp av polisen. Det var mer tur \u00e4r skicklighet att det inte blev d\u00f6dsoffer. Polisens insp\u00e4rrning av och attacker mot de unga som bodde p\u00e5 skolan under toppm\u00f6tet ses som upptakten till det som exploderade i G\u00f6teborgskravallerna. Hur missbrukat uttrycket &#8221;viktig&#8221; \u00e4n \u00e4r om en film s\u00e5 m\u00e5ste denna dokument\u00e4r \u00e4nd\u00e5 kategoriseras som oerh\u00f6rt viktig.<\/p>\n<p>Nils Petter L\u00f6fstedt var en av de hundratals som var med p\u00e5 Hvitfeldtska. Han hade med sig sin kamera och var redan som ung st\u00e4ndigt dokumenterande allt med kameran. Han bodde p\u00e5 Hvitfeldtska gymnasiet tillsammans med en v\u00e4n. Hvitfeldtska skulle anv\u00e4ndas som \u00f6vernattning f\u00f6r tillresta. P\u00e5 morgonen sp\u00e4rrar polis av skolan och det kulminerar i attacker av ridande polisen med st\u00e5lbatonger mot aktivister som f\u00f6rs\u00f6ker ta sig ut f\u00f6r att vara med p\u00e5 den planerade demonstrationen. Efter tio timmar \u00e4r dramat \u00f6ver och 459 personer har gripits av polis. De allra flesta sl\u00e4pps dagen d\u00e4rp\u00e5.<\/p>\n<p>Nils Petter L\u00f6fstedt hade g\u00f6mt 15 filmrullar svartvit film i en kastrull p\u00e5 skolg\u00e5rden. Tjugo \u00e5r senare s\u00f6ker kan upp flera av de som han fotograferat f\u00f6r att prata om det som h\u00e4nde. F\u00f6r de flesta har kravallerna satt djupa s\u00e5r och en del vill inte ens prata om det.<\/p>\n<p>Att se denna dokument\u00e4r v\u00e4cker v\u00e4ldigt m\u00e5nga tankar. Jag var d\u00e4r, fast inte p\u00e5 Hvitfeldtska utan som journalist och jag bodde p\u00e5 ett hotell och var p\u00e5 Svenska m\u00e4ssan. Det var hemska dagar d\u00e4r mediebevakningen visade s\u00f6nderslagna butiker l\u00e4ngs med Avenyn. Det var under en tid d\u00e5 det fanns stort engagemang och kritik mot hur EU blev alltmer styrt av kapitalismen. Det var m\u00e5nga som reste runt f\u00f6r att demonstrera vid olika toppm\u00f6tet. Kanske var det en oro hos g\u00f6teborgsk polis att det skulle bli kravaller och d\u00e4rf\u00f6r sp\u00e4rrade de in aktivister och hindrade dem fr\u00e5n att delta i demonstrationen mot George W Bush.<\/p>\n<p>S\u00e5 h\u00e4r, tjugo \u00e5r senare, funderar jag p\u00e5 varf\u00f6r det var s\u00e5 lite bevakning av de traditionella medierna fr\u00e5n det som h\u00e4nde p\u00e5 Hvitfeldtska. Det var utan tvekan ett stort \u00f6vergrepp av polisen att sp\u00e4rra in hundratals aktivister fr\u00e5n hela v\u00e4rlden. Varf\u00f6r? Bristen i dokument\u00e4ren \u00e4r att vi inte f\u00e5r n\u00e5got svar p\u00e5 polisen: hur polisledningen f\u00f6rsvarade sina beslut.<\/p>\n<p>Dokument\u00e4ren v\u00e4cker m\u00e5nga minnen till liv. Det fanns ett stort engagemang bland framf\u00f6r allt unga med ocks\u00e5 andra. Idag h\u00f6r vi s\u00e4llan om lika stora demonstrationer. Vad har h\u00e4nt? Vart tog ungas engagemang f\u00f6r att bygga en mer r\u00e4ttvis v\u00e4rld v\u00e4gen? Under senaste \u00e5ret har medierna ist\u00e4llet f\u00e5tt rapportera om upplopp d\u00e4r m\u00e4nniskor i f\u00f6rorter kastar sten mot polis.<\/p>\n<p>I dokument\u00e4ren kommer flera av de som var med p\u00e5 plats p\u00e5 Hvitfeldtska till tals. Kul att f\u00e5 se musikern Emil Jensen ber\u00e4tta. Han var med d\u00e4r och \u00e4r k\u00e4nd som en artist som tar st\u00e4llning f\u00f6r till exempel klimatet, som n\u00e4r han gav sig ut p\u00e5 klimatturn\u00e9, p\u00e5 l\u00e5dcykel med sin f\u00f6rest\u00e4llning \u201d\u00c4n susar skogen \u2013 cykelturn\u00e9n\u201d runt s\u00f6dra Sverige. P\u00e5 en elcykel r\u00e4knade han med att trampa upp\u00e5t 400 mil.<\/p>\n<p>Varf\u00f6r \u00e4r m\u00e4nniskor inte lika aktiva och engagerade f\u00f6r att f\u00f6r\u00e4ndra samh\u00e4llet idag? Det \u00e4r fr\u00e5ga som jag inte kan g\u00f6mma undan. Visst har en del blivit f\u00f6r\u00e4ndrat \u00e5t det b\u00e4ttre sedan dess men oj vad mycket som f\u00f6rv\u00e4rrats. Vart tog det v\u00e4gen, det engagemanget som samlade s\u00e5 m\u00e5nga? Har unga idag sugits in i individualismen och dr\u00f6mmer om att bli k\u00e4nda och stenrika var och en sj\u00e4lv ist\u00e4llet?<\/p>\n<p><img loading=\"lazy\" decoding=\"async\" class=\"alignright size-medium wp-image-166353\" src=\"https:\/\/kulturbloggen.com\/wp-content\/uploads\/2023\/04\/unnamed-4-2-300x87.jpg\" alt=\"\" width=\"300\" height=\"87\" srcset=\"https:\/\/kulturbloggen.com\/wp-content\/uploads\/2023\/04\/unnamed-4-2-300x87.jpg 300w, https:\/\/kulturbloggen.com\/wp-content\/uploads\/2023\/04\/unnamed-4-2.jpg 650w\" sizes=\"auto, (max-width: 300px) 100vw, 300px\" \/>Delvis saknar jag viss objektivitet i denna dokument\u00e4r. Varf\u00f6r st\u00e4lls inte fr\u00e5gan till G\u00f6teborgspolisen vad de hade f\u00f6r underlag f\u00f6r att sp\u00e4rra in m\u00e4nniskorna? Och hur kunde polischefen bli friad i hovr\u00e4tten f\u00f6r att de helt utan giltiga juridiska sk\u00e4l grep mer \u00e4n 600 m\u00e4nniskor under dessa dagar? Att svensk hovr\u00e4tt ofta sk\u00e4mmer ut sig, speciellt under senare \u00e5r, det \u00e4r en sorg vi i Sverige just nu m\u00e5ste l\u00e4ra oss att hantera. Bild- och filmbevisen fr\u00e5n denna dokument\u00e4r \u00e4r tydliga &#8211; polisen stod f\u00f6r grava \u00f6vergrepp mot m\u00e4nniskorna som skulle p\u00e5 bo Hvidfeldtska under toppm\u00f6tet.<\/p>\n<p>Denna dokument\u00e4r s\u00e4tter ig\u00e5ng m\u00e5nga tankar och fr\u00e5gor.<\/p>\n<p><strong>Fakta om regiss\u00f6ren:<\/strong><br \/>\nRegiss\u00f6ren Nils Petter L\u00f6fstedt \u00e4r fotograf och filmare f\u00f6dd 1980 i Vadstena. Arbetade som foto-assistent till Jean Hermanson. Gjorde efter mentorns d\u00f6d 2012 den kritikerrosade filmen Himlens m\u00f6rkrum, som ramades in av den bildskatt Hermansson efterl\u00e4mnade.<\/p>\n<p><iframe loading=\"lazy\" title=\"YouTube video player\" src=\"https:\/\/www.youtube.com\/embed\/K_wpktp1XJ8\" width=\"560\" height=\"315\" frameborder=\"0\" allowfullscreen=\"allowfullscreen\"><\/iframe><\/p>\n","protected":false},"excerpt":{"rendered":"<p>P\u00e5 Hvitfeldtska bodde vi Betyg 4 Svensk biopremi\u00e4r 21 april 2023 Regi Nils Petter L\u00f6fstedt En synnerligen tankev\u00e4ckande dokument\u00e4r om h\u00e4ndelserna f\u00f6r drygt tjugo \u00e5r sedan d\u00e5 G\u00f6teborgspolisen st\u00e4ngde in hundratals aktivister p\u00e5 Hvitfeldtska skolan i G\u00f6teborg under EU-toppm\u00f6tet 2001 d\u00e4r den amerikanske presidenten George W Bush n\u00e4rvarade. Inst\u00e4ngningen av aktivisterna var ett stort \u00f6vergrepp [&hellip;]<\/p>\n","protected":false},"author":2,"featured_media":0,"comment_status":"closed","ping_status":"closed","sticky":false,"template":"","format":"standard","meta":{"_genesis_hide_title":false,"_genesis_hide_breadcrumbs":false,"_genesis_hide_singular_image":false,"_genesis_hide_footer_widgets":false,"_genesis_custom_body_class":"","_genesis_custom_post_class":"","_genesis_layout":"","footnotes":""},"categories":[50,51,16,20,13624],"tags":[1329,1728,1738,2159,14593],"class_list":{"0":"post-166340","1":"post","2":"type-post","3":"status-publish","4":"format-standard","6":"category-filmfilm","7":"category-filmer","8":"category-recension","9":"category-film","10":"category-toppnytt","11":"tag-dokumentar","12":"tag-filmkritik","13":"tag-filmrecension","14":"tag-goteborg","15":"tag-goteborgskravallerna","16":"entry"},"_links":{"self":[{"href":"https:\/\/kulturbloggen.com\/index.php?rest_route=\/wp\/v2\/posts\/166340","targetHints":{"allow":["GET"]}}],"collection":[{"href":"https:\/\/kulturbloggen.com\/index.php?rest_route=\/wp\/v2\/posts"}],"about":[{"href":"https:\/\/kulturbloggen.com\/index.php?rest_route=\/wp\/v2\/types\/post"}],"author":[{"embeddable":true,"href":"https:\/\/kulturbloggen.com\/index.php?rest_route=\/wp\/v2\/users\/2"}],"replies":[{"embeddable":true,"href":"https:\/\/kulturbloggen.com\/index.php?rest_route=%2Fwp%2Fv2%2Fcomments&post=166340"}],"version-history":[{"count":40,"href":"https:\/\/kulturbloggen.com\/index.php?rest_route=\/wp\/v2\/posts\/166340\/revisions"}],"predecessor-version":[{"id":166393,"href":"https:\/\/kulturbloggen.com\/index.php?rest_route=\/wp\/v2\/posts\/166340\/revisions\/166393"}],"wp:attachment":[{"href":"https:\/\/kulturbloggen.com\/index.php?rest_route=%2Fwp%2Fv2%2Fmedia&parent=166340"}],"wp:term":[{"taxonomy":"category","embeddable":true,"href":"https:\/\/kulturbloggen.com\/index.php?rest_route=%2Fwp%2Fv2%2Fcategories&post=166340"},{"taxonomy":"post_tag","embeddable":true,"href":"https:\/\/kulturbloggen.com\/index.php?rest_route=%2Fwp%2Fv2%2Ftags&post=166340"}],"curies":[{"name":"wp","href":"https:\/\/api.w.org\/{rel}","templated":true}]}}