{"id":166298,"date":"2023-04-20T11:37:09","date_gmt":"2023-04-20T10:37:09","guid":{"rendered":"https:\/\/kulturbloggen.com\/?p=166298"},"modified":"2023-04-24T11:11:57","modified_gmt":"2023-04-24T10:11:57","slug":"filmrecension-rebel-intensiv-och-djupt-berorande-tackevackande","status":"publish","type":"post","link":"https:\/\/kulturbloggen.com\/?p=166298","title":{"rendered":"Filmrecension: Rebel &#8211; intensiv och djupt ber\u00f6rande, tankev\u00e4ckande"},"content":{"rendered":"<p><img loading=\"lazy\" decoding=\"async\" class=\"aligncenter size-full wp-image-166303\" src=\"https:\/\/kulturbloggen.com\/wp-content\/uploads\/2023\/04\/unnamed-2-3.jpg\" alt=\"\" width=\"455\" height=\"650\" srcset=\"https:\/\/kulturbloggen.com\/wp-content\/uploads\/2023\/04\/unnamed-2-3.jpg 455w, https:\/\/kulturbloggen.com\/wp-content\/uploads\/2023\/04\/unnamed-2-3-210x300.jpg 210w\" sizes=\"auto, (max-width: 455px) 100vw, 455px\" \/><\/p>\n<p>Rebel<br \/>\nBetyg 4<br \/>\nSvensk biopremi\u00e4r 21 april 2023<br \/>\nRegi Adil El Arbi, Bilall Fallah<\/p>\n<p>En intensiv, v\u00e5ldsamt och djupt ber\u00f6rande ber\u00e4ttelse om krigets vanvett &#8211; och om IS (Daesh) i synnerhet. En film som nog ingen kan se utan att k\u00e4nna djupt att n\u00e5got \u00e4r fel i v\u00e4rlden n\u00e4r m\u00e4nniskor kan vara s\u00e5 grymma. Det \u00e4r en tankev\u00e4ckande film som ocks\u00e5 f\u00f6rhoppningsvis \u00f6ppnar \u00f6gonen f\u00f6r att allt inte \u00e4r svart eller vitt.<\/p>\n<p>Kamal \u00e4r en ung man som bor i Molenbeek utanf\u00f6r Bryssel, Belgien, med sin mamma Leila Wasaki och tolv\u00e5rige lillebror Nassim. De har kommit till Belgien som flyktingar fr\u00e5n Marocko. Kamal har inte riktigt lyckats etablera sig i tillvaron. Han driver runt och h\u00e4nger med ett motorcykelg\u00e4ng. N\u00e4r polisen hittar bevis p\u00e5 att han s\u00e4ljer droger drar han till det krigsdrabbade Syrien f\u00f6r att hj\u00e4lpa till i en bist\u00e5ndsorganisation. Han t\u00e4nker att han p\u00e5 s\u00e5 s\u00e4tt kan gottg\u00f6ra det strul han orsakat och att han kan bli en b\u00e4ttre f\u00f6rebild f\u00f6r sin lillebror.<\/p>\n<p>Livet blir inte alltid som man t\u00e4nker. F\u00f6r Kamal blir det katastrof. Han blir kidnappad av IS. Han kan r\u00e4dda sitt liv dels genom att han visar att han \u00e4r muslim och f\u00f6r att han kan vara till nytta, han \u00e4r duktig p\u00e5 att filma och klippa samman filmer. IS visar g\u00e4rna videoklipp fr\u00e5n sina attacker och n\u00e4r de d\u00f6dar syriska soldater eller v\u00e4sterl\u00e4nningar. Det \u00e4r dock inte m\u00f6jligt att vara med i IS utan att delta i v\u00e5ldet. N\u00e4r han tvingas vara med och avr\u00e4tta syriska soldater blir han filmad och visas i ett videoklipp som postas online och blir sett av m\u00e5nga i Belgien ocks\u00e5.<\/p>\n<p>Livet blir sv\u00e5rare f\u00f6r hans mamma och lillebror d\u00e5 omgivningen i Molenbeek ser videon som ett bevis p\u00e5 att Kamal radikaliserats och g\u00e5tt med i IS. Skolkamrater tar avst\u00e5nd fr\u00e5n Nassim. Det \u00e4r inte l\u00e4tt att vara tolv \u00e5r och k\u00e4nna sig \u00f6vergiven och ensam d\u00e5 storebror tycks ha g\u00e5tt till IS. Det finns dunkla krafter ocks\u00e5 i Molenbeek som anser att mediers rapportering om IS \u00e4r falsk. IS befriar muslimer fr\u00e5n v\u00e4stv\u00e4rldens f\u00f6rtryck, menar de. Luriga personer som erbjuder Nassim att f\u00e5 \u00e5terf\u00f6renas med sin bror.<\/p>\n<p>Det \u00e4r en mycket v\u00e4lgjord film som k\u00e4nns realistisk och som tittare blir jag engagerad och k\u00e4nner med mamman och hennes s\u00f6ner. Deras val k\u00e4nns begripliga \u00e4ven om det \u00e4r huvudl\u00f6sa val de g\u00f6r. Regiss\u00f6rerna har valt att ocks\u00e5 varva filmsekvenserna med hiphop-videor. Jag \u00e4r inte n\u00e5gon hiphop-lyssnare annars men dessa avsnitt fungerar mycket bra i helheten. Rapinslagen har mycket bra texter och jag k\u00e4nner ocks\u00e5 korresponderar med de mer poetiska arabiska visdomsorden som inleder varje nytt avsnitt i filmen.<\/p>\n<p>Sk\u00e5despelarna \u00e4r enast\u00e5ende. Mamman Leila Wasaki spelas av Lubna Azabal som \u00e5r aktuell p\u00e5 bio nu i den hyllade filmen Den bl\u00e5 kaftanen. Hon \u00e4r en oerh\u00f6rt duktig belgisk sk\u00e5despelare som bland annat ocks\u00e5 \u00e5r k\u00e4nd fr\u00e5n Nawals hemlighet (2010), Coriolanus (2011) och Body of Lies (2008).<br \/>\nAmir El Arbi som Nassim Wasaki \u00e4r en ung sk\u00e5despelare som vi s\u00e4kert kommer att f\u00e5 se mer av. Han \u00e4r imponerande. Aboubakr Bensaihi som spelar Kamal Wasaki st\u00e5r ocks\u00e5 f\u00f6r flera av hiphop-videorna. Det m\u00e4rks att han har en karri\u00e4r som s\u00e5ngare ocks\u00e5.  Han \u00e4r en belgisk sk\u00e5despelare och s\u00e5ngare av marockansk h\u00e4rkomst och \u00e4r k\u00e4nd f\u00f6r att ha spelat Marwan i den kritikerrosade filmen Black fr\u00e5n 2015.<\/p>\n<p>Rebel \u00e4r ett m\u00e4sterverk och en ovanlig krigsfilm som l\u00e5ter oss b\u00e5de k\u00e4nna avsky f\u00f6r v\u00e5ldet men ocks\u00e5 f\u00f6rst\u00e5 mekanismerna som driver m\u00e4nniskor. Lysande sk\u00e5despelare och en viktig ber\u00e4ttelse.<\/p>\n<p><strong>Fakta om regiss\u00f6rerna:<\/strong><br \/>\nRegiss\u00f6rsduon Adil El Arbi och Bilall Fallah slog igenom 2015 med Black. Genombrottet ledde till Hollywood och chansen att dra storpublik till biograferna med internationella megahiten Bad Boys For Life. De har \u00e4ven bidragit till Marvel Cinematic Universe genom att regissera ett par avsnitt av Ms. Marvel. Rebel \u00e4r deras \u00e5terkomst till Belgien och ett \u00e4mne m\u00e5nga ber\u00f6rts av och alla har en \u00e5sikt om.<\/p>\n<p><iframe loading=\"lazy\" title=\"YouTube video player\" src=\"https:\/\/www.youtube.com\/embed\/tZ09IFnTLYA\" width=\"560\" height=\"315\" frameborder=\"0\" allowfullscreen=\"allowfullscreen\"><\/iframe><\/p>\n","protected":false},"excerpt":{"rendered":"<p>Rebel Betyg 4 Svensk biopremi\u00e4r 21 april 2023 Regi Adil El Arbi, Bilall Fallah En intensiv, v\u00e5ldsamt och djupt ber\u00f6rande ber\u00e4ttelse om krigets vanvett &#8211; och om IS (Daesh) i synnerhet. En film som nog ingen kan se utan att k\u00e4nna djupt att n\u00e5got \u00e4r fel i v\u00e4rlden n\u00e4r m\u00e4nniskor kan vara s\u00e5 grymma. Det [&hellip;]<\/p>\n","protected":false},"author":2,"featured_media":0,"comment_status":"closed","ping_status":"closed","sticky":false,"template":"","format":"standard","meta":{"_genesis_hide_title":false,"_genesis_hide_breadcrumbs":false,"_genesis_hide_singular_image":false,"_genesis_hide_footer_widgets":false,"_genesis_custom_body_class":"","_genesis_custom_post_class":"","_genesis_layout":"","footnotes":""},"categories":[50,51,16,20,13624],"tags":[575,14592,1728,1738,14590,13663],"class_list":{"0":"post-166298","1":"post","2":"type-post","3":"status-publish","4":"format-standard","6":"category-filmfilm","7":"category-filmer","8":"category-recension","9":"category-film","10":"category-toppnytt","11":"tag-belgien","12":"tag-daesh","13":"tag-filmkritik","14":"tag-filmrecension","15":"tag-is","16":"tag-krigsfilm","17":"entry"},"_links":{"self":[{"href":"https:\/\/kulturbloggen.com\/index.php?rest_route=\/wp\/v2\/posts\/166298","targetHints":{"allow":["GET"]}}],"collection":[{"href":"https:\/\/kulturbloggen.com\/index.php?rest_route=\/wp\/v2\/posts"}],"about":[{"href":"https:\/\/kulturbloggen.com\/index.php?rest_route=\/wp\/v2\/types\/post"}],"author":[{"embeddable":true,"href":"https:\/\/kulturbloggen.com\/index.php?rest_route=\/wp\/v2\/users\/2"}],"replies":[{"embeddable":true,"href":"https:\/\/kulturbloggen.com\/index.php?rest_route=%2Fwp%2Fv2%2Fcomments&post=166298"}],"version-history":[{"count":28,"href":"https:\/\/kulturbloggen.com\/index.php?rest_route=\/wp\/v2\/posts\/166298\/revisions"}],"predecessor-version":[{"id":166548,"href":"https:\/\/kulturbloggen.com\/index.php?rest_route=\/wp\/v2\/posts\/166298\/revisions\/166548"}],"wp:attachment":[{"href":"https:\/\/kulturbloggen.com\/index.php?rest_route=%2Fwp%2Fv2%2Fmedia&parent=166298"}],"wp:term":[{"taxonomy":"category","embeddable":true,"href":"https:\/\/kulturbloggen.com\/index.php?rest_route=%2Fwp%2Fv2%2Fcategories&post=166298"},{"taxonomy":"post_tag","embeddable":true,"href":"https:\/\/kulturbloggen.com\/index.php?rest_route=%2Fwp%2Fv2%2Ftags&post=166298"}],"curies":[{"name":"wp","href":"https:\/\/api.w.org\/{rel}","templated":true}]}}