{"id":166290,"date":"2023-04-20T10:03:43","date_gmt":"2023-04-20T09:03:43","guid":{"rendered":"https:\/\/kulturbloggen.com\/?p=166290"},"modified":"2023-04-20T10:03:43","modified_gmt":"2023-04-20T09:03:43","slug":"multidisciplinara-festivalen-porsche-scopes-till-stockholm-26-28-maj","status":"publish","type":"post","link":"https:\/\/kulturbloggen.com\/?p=166290","title":{"rendered":"Multidisciplin\u00e4ra festivalen Porsche SCOPES till Stockholm 26-28 maj"},"content":{"rendered":"<p><img loading=\"lazy\" decoding=\"async\" class=\"aligncenter size-full wp-image-166295\" src=\"https:\/\/kulturbloggen.com\/wp-content\/uploads\/2023\/04\/SCOPES-.jpg\" alt=\"\" width=\"433\" height=\"650\" srcset=\"https:\/\/kulturbloggen.com\/wp-content\/uploads\/2023\/04\/SCOPES-.jpg 433w, https:\/\/kulturbloggen.com\/wp-content\/uploads\/2023\/04\/SCOPES--200x300.jpg 200w\" sizes=\"auto, (max-width: 433px) 100vw, 433px\" \/><\/p>\n<p>Efter Berlin, Warszawa, Tokyo, Amsterdam, Singapore och Tel Aviv landar SCOPES f\u00f6r f\u00f6rsta g\u00e5ngen i Stockholm helgen den 26-28 maj 2023. Den tre dagar l\u00e5nga multidisciplin\u00e4ra festivalen bjuder p\u00e5 framtr\u00e4danden och installationer av framst\u00e5ende lokala pionj\u00e4rer inom konst, musik, design och tech \u2013 med fri entr\u00e9 samtliga dagar, ber\u00e4ttar ett pressmeddelande:<\/p>\n<p>SCOPES, en global plattform f\u00f6r att st\u00f6dja kreativa sj\u00e4lar v\u00e4rlden \u00f6ver, lanserades i Berlin \u00e5r 2018 f\u00f6r att skapa utrymme f\u00f6r banbrytande lokala kreat\u00f6rer och meningsfullt inneh\u00e5ll. Den 26-28 maj tar tredagarsfestivalen med fokus p\u00e5 konst, musik, design och tech \u00e4ntligen plats i Stockholm.<\/p>\n<p>I den f\u00f6rsta delen av programmet som nu presenteras avsl\u00f6jas musik av bl.a. N\u00e1poles, Stella Explorer, Kimchii, Korantemaa, Harrison First och Arvida Bystr\u00f6m. Spektakul\u00e4ra konstinstallationer av bl.a. Swedish Girls, DANG\/HO &amp; Musoke Productions, Butch X Femme och Emotional Landscape, samt modevisning av Imaskopi som hyllades stort under debuten p\u00e5 modeveckan.<\/p>\n<p>Festivalen bjuder \u00e4ven p\u00e5 aktuella samtal med fokus p\u00e5 hur AI p\u00e5verkar kulturen s\u00e5v\u00e4l som h\u00e5llbarhet i modev\u00e4rlden, med profiler som Mathieu Wothke fr\u00e5n Somewhere Global, 3D-artisten Andreas Wannerstedt, Mohamed Mire\/Fotografiska och Iggy Jeans.<\/p>\n<p>Porsche SCOPES g\u00e5r av stapeln p\u00e5 V\u00e4rmeverket i s\u00f6dra Stockholm (Bred\u00e4ngsv\u00e4gen 203) \u2013 ett ideellt kreativt nav med hela 5000M2 dedikerat till samarbeten mellan kreat\u00f6rer och artister.<\/p>\n<p><strong>LINEUP<\/strong><br \/>\n<em>Music<\/em><br \/>\nAlex Kassian<br \/>\nArvida Bystr\u00f6m<br \/>\nEvigt M\u00f6rker<br \/>\nHarrison First<br \/>\nKimchii<br \/>\nKorantemaa<br \/>\nN\u00e1poles + Niki Awandee<br \/>\nSkudge<br \/>\nStella Explorer<\/p>\n<p><em>Konst &amp; design<\/em><br \/>\nBOZ ART<br \/>\nButch X Femme<br \/>\nEmotional Landscape<br \/>\nElin Passanisi<br \/>\nImaskopi<br \/>\nJulia Dang + Micky Ho + Paul Edwards + Ebba Gratte<br \/>\nKimberly Ihre<br \/>\nSwedish Girls<\/p>\n<p><em>Talks &amp; workshops<\/em><br \/>\nRH\u012aZ (Sara Araya + Emilia Engblad) + Iggy Jeans<br \/>\nSomewhere Global + Andreas Wannersted + Mohamed Mire\/ Fotografiska + Korey Stegared-Pace\/ Microsoft<\/p>\n<p><strong>Fakta:<\/strong><br \/>\nDatum: 26-28 maj 2023<br \/>\nPlats: V\u00e4rmeverket, Bred\u00e4ngsv\u00e4gen 203, Stockholm<br \/>\nEntr\u00e9: Fri<\/p>\n","protected":false},"excerpt":{"rendered":"<p>Efter Berlin, Warszawa, Tokyo, Amsterdam, Singapore och Tel Aviv landar SCOPES f\u00f6r f\u00f6rsta g\u00e5ngen i Stockholm helgen den 26-28 maj 2023. Den tre dagar l\u00e5nga multidisciplin\u00e4ra festivalen bjuder p\u00e5 framtr\u00e4danden och installationer av framst\u00e5ende lokala pionj\u00e4rer inom konst, musik, design och tech \u2013 med fri entr\u00e9 samtliga dagar, ber\u00e4ttar ett pressmeddelande: SCOPES, en global plattform [&hellip;]<\/p>\n","protected":false},"author":13,"featured_media":0,"comment_status":"closed","ping_status":"closed","sticky":false,"template":"","format":"standard","meta":{"_genesis_hide_title":false,"_genesis_hide_breadcrumbs":false,"_genesis_hide_singular_image":false,"_genesis_hide_footer_widgets":false,"_genesis_custom_body_class":"","_genesis_custom_post_class":"","_genesis_layout":"","footnotes":""},"categories":[62,3,20,13624],"tags":[12045,14589],"class_list":{"0":"post-166290","1":"post","2":"type-post","3":"status-publish","4":"format-standard","6":"category-medie-och-kulturpolitik","7":"category-litteratur","8":"category-film","9":"category-toppnytt","10":"tag-fri-entre","11":"tag-scopes","12":"entry"},"_links":{"self":[{"href":"https:\/\/kulturbloggen.com\/index.php?rest_route=\/wp\/v2\/posts\/166290","targetHints":{"allow":["GET"]}}],"collection":[{"href":"https:\/\/kulturbloggen.com\/index.php?rest_route=\/wp\/v2\/posts"}],"about":[{"href":"https:\/\/kulturbloggen.com\/index.php?rest_route=\/wp\/v2\/types\/post"}],"author":[{"embeddable":true,"href":"https:\/\/kulturbloggen.com\/index.php?rest_route=\/wp\/v2\/users\/13"}],"replies":[{"embeddable":true,"href":"https:\/\/kulturbloggen.com\/index.php?rest_route=%2Fwp%2Fv2%2Fcomments&post=166290"}],"version-history":[{"count":6,"href":"https:\/\/kulturbloggen.com\/index.php?rest_route=\/wp\/v2\/posts\/166290\/revisions"}],"predecessor-version":[{"id":166297,"href":"https:\/\/kulturbloggen.com\/index.php?rest_route=\/wp\/v2\/posts\/166290\/revisions\/166297"}],"wp:attachment":[{"href":"https:\/\/kulturbloggen.com\/index.php?rest_route=%2Fwp%2Fv2%2Fmedia&parent=166290"}],"wp:term":[{"taxonomy":"category","embeddable":true,"href":"https:\/\/kulturbloggen.com\/index.php?rest_route=%2Fwp%2Fv2%2Fcategories&post=166290"},{"taxonomy":"post_tag","embeddable":true,"href":"https:\/\/kulturbloggen.com\/index.php?rest_route=%2Fwp%2Fv2%2Ftags&post=166290"}],"curies":[{"name":"wp","href":"https:\/\/api.w.org\/{rel}","templated":true}]}}