{"id":1661,"date":"2008-09-15T19:00:30","date_gmt":"2008-09-15T19:00:30","guid":{"rendered":"http:\/\/kulturbloggen.com\/?p=1661"},"modified":"2008-09-15T19:00:30","modified_gmt":"2008-09-15T19:00:30","slug":"lyssna-pa-nagra-av-de-senaste-klippen-med-richard-wright-en-av-pink-floyds-grundare-som-nu-dott","status":"publish","type":"post","link":"https:\/\/kulturbloggen.com\/?p=1661","title":{"rendered":"Lyssna p\u00e5 n\u00e5gra av de senaste klippen med Richard Wright, en av Pink Floyds grundare som nu d\u00f6tt"},"content":{"rendered":"<p><a href='http:\/\/sodergren.com\/kulturbloggen\/wp-content\/uploads\/2008\/09\/richardwright260.jpg'><img loading=\"lazy\" decoding=\"async\" src=\"http:\/\/sodergren.com\/kulturbloggen\/wp-content\/uploads\/2008\/09\/richardwright260.jpg\" alt=\"\" title=\"richardwright260\" width=\"260\" height=\"150\" class=\"alignright size-full wp-image-1660\" \/><\/a>Richard Wright, en av grundarna till rockbandet Pink Floyd, har d\u00f6tt.<\/p>\n<p><a href=\"http:\/\/www.dn.se\/DNet\/jsp\/polopoly.jsp?d=2374&#038;a=828569\">K\u00e4lla DN<\/a>:<\/p>\n<blockquote><p>\nRichard Wright blev 65 \u00e5r och avled efter en kort tids kamp mot cancer, sade hans talesman p\u00e5 m\u00e5ndagen.<\/p><\/blockquote>\n<p>Den f\u00f6rsta upps\u00e4ttningen av Pink Floyd bestod av Syd Barrett (s\u00e5ng, kompgitarr), Bob Klose (sologitarr), Richard Wright (klaviatur\/s\u00e5ng), Roger Waters (elbas\/s\u00e5ng), och Nick Mason (trummor).<\/p>\n<p>Visste ni f\u00f6rresten att bandet som i b\u00f6rjan hade flera olika namn f\u00f6rst hette he Pink Floyd Sound.  The samt Sound f\u00f6rsvann dock innan f\u00f6rsta albumet.<\/p>\n<p>Richard Wright  &#8211; &#8221;Love scene V. 4&#8221;<\/p>\n<p><object width=\"425\" height=\"344\"><param name=\"movie\" value=\"http:\/\/www.youtube.com\/v\/xxC6kfrwBLs&#038;hl=en&#038;fs=1\"><\/param><param name=\"allowFullScreen\" value=\"true\"><\/param><embed src=\"http:\/\/www.youtube.com\/v\/xxC6kfrwBLs&#038;hl=en&#038;fs=1\" type=\"application\/x-shockwave-flash\" allowfullscreen=\"true\" width=\"425\" height=\"344\"><\/embed><\/object><\/p>\n<p>Breakthrough &#8211; Richard Wright &#038; David Gilmour<\/p>\n<p><object width=\"425\" height=\"344\"><param name=\"movie\" value=\"http:\/\/www.youtube.com\/v\/5Rnn2cV9NHA&#038;hl=en&#038;fs=1\"><\/param><param name=\"allowFullScreen\" value=\"true\"><\/param><embed src=\"http:\/\/www.youtube.com\/v\/5Rnn2cV9NHA&#038;hl=en&#038;fs=1\" type=\"application\/x-shockwave-flash\" allowfullscreen=\"true\" width=\"425\" height=\"344\"><\/embed><\/object><\/p>\n<p><a href=\"http:\/\/www.svd.se\/kulturnoje\/nyheter\/artikel_1726685.svd\">Relaterat: Svenska Dagbladet<\/a><br \/>\n<a href=\"http:\/\/www.aftonbladet.se\/nojesliv\/article3324041.ab\">Aftonbladet<\/a><\/p>\n<p>Andra bloggar om: <a href=\"http:\/\/bloggar.se\/om\/video\" rel=\"tag\">video<\/a>, <a href=\"http:\/\/bloggar.se\/om\/Pink+Floyd\" rel=\"tag\">Pink Floyd<\/a><\/p>\n","protected":false},"excerpt":{"rendered":"<p>Richard Wright, en av grundarna till rockbandet Pink Floyd, har d\u00f6tt. K\u00e4lla DN: Richard Wright blev 65 \u00e5r och avled efter en kort tids kamp mot cancer, sade hans talesman p\u00e5 m\u00e5ndagen. Den f\u00f6rsta upps\u00e4ttningen av Pink Floyd bestod av Syd Barrett (s\u00e5ng, kompgitarr), Bob Klose (sologitarr), Richard Wright (klaviatur\/s\u00e5ng), Roger Waters (elbas\/s\u00e5ng), och Nick [&hellip;]<\/p>\n","protected":false},"author":2,"featured_media":0,"comment_status":"open","ping_status":"open","sticky":false,"template":"","format":"standard","meta":{"_genesis_hide_title":false,"_genesis_hide_breadcrumbs":false,"_genesis_hide_singular_image":false,"_genesis_hide_footer_widgets":false,"_genesis_custom_body_class":"","_genesis_custom_post_class":"","_genesis_layout":"","footnotes":""},"categories":[7],"tags":[6230],"class_list":{"0":"post-1661","1":"post","2":"type-post","3":"status-publish","4":"format-standard","6":"category-musik","7":"tag-video","8":"entry"},"_links":{"self":[{"href":"https:\/\/kulturbloggen.com\/index.php?rest_route=\/wp\/v2\/posts\/1661","targetHints":{"allow":["GET"]}}],"collection":[{"href":"https:\/\/kulturbloggen.com\/index.php?rest_route=\/wp\/v2\/posts"}],"about":[{"href":"https:\/\/kulturbloggen.com\/index.php?rest_route=\/wp\/v2\/types\/post"}],"author":[{"embeddable":true,"href":"https:\/\/kulturbloggen.com\/index.php?rest_route=\/wp\/v2\/users\/2"}],"replies":[{"embeddable":true,"href":"https:\/\/kulturbloggen.com\/index.php?rest_route=%2Fwp%2Fv2%2Fcomments&post=1661"}],"version-history":[{"count":0,"href":"https:\/\/kulturbloggen.com\/index.php?rest_route=\/wp\/v2\/posts\/1661\/revisions"}],"wp:attachment":[{"href":"https:\/\/kulturbloggen.com\/index.php?rest_route=%2Fwp%2Fv2%2Fmedia&parent=1661"}],"wp:term":[{"taxonomy":"category","embeddable":true,"href":"https:\/\/kulturbloggen.com\/index.php?rest_route=%2Fwp%2Fv2%2Fcategories&post=1661"},{"taxonomy":"post_tag","embeddable":true,"href":"https:\/\/kulturbloggen.com\/index.php?rest_route=%2Fwp%2Fv2%2Ftags&post=1661"}],"curies":[{"name":"wp","href":"https:\/\/api.w.org\/{rel}","templated":true}]}}