{"id":1658,"date":"2008-09-15T15:43:33","date_gmt":"2008-09-15T15:43:33","guid":{"rendered":"http:\/\/kulturbloggen.com\/?p=1658"},"modified":"2008-09-15T15:43:33","modified_gmt":"2008-09-15T15:43:33","slug":"pa-tisdag-dags-for-anna-janssons-hjaltinna-i-ny-svensk-tv-deckare","status":"publish","type":"post","link":"https:\/\/kulturbloggen.com\/?p=1658","title":{"rendered":"P\u00e5 tisdag dags f\u00f6r Anna Janssons hj\u00e4ltinna i ny svensk tv-deckare"},"content":{"rendered":"<p><a href='http:\/\/sodergren.com\/kulturbloggen\/wp-content\/uploads\/2008\/09\/annajansson125.jpg'><img loading=\"lazy\" decoding=\"async\" src=\"http:\/\/sodergren.com\/kulturbloggen\/wp-content\/uploads\/2008\/09\/annajansson125.jpg\" alt=\"\" title=\"annajansson125\" width=\"125\" height=\"250\" class=\"alignright size-full wp-image-1657\" \/><\/a>\u00c4nnu en svensk deckare har blivit tv-serie och den har premi\u00e4r p\u00e5 tisdag kv\u00e4ll.<\/p>\n<blockquote><p>Nu rullar den svenska deckar\u00adv\u00e5gen in i rutan<br \/>\nDe senaste \u00e5ren har tv-serierna som bygger p\u00e5 b\u00f6cker blivit allt fler. P\u00e5 tisdagen \u00e4r det dags f\u00f6r Anna Janssons hj\u00e4ltinna Maria Wern. <a href=\"http:\/\/www.dn.se\/DNet\/jsp\/polopoly.jsp?d=2204&#038;a=828546\">K\u00e4lla DN<\/a>.<\/p><\/blockquote>\n<p>Det vore synd att s\u00e4ga att <a href=\"http:\/\/sv.wikipedia.org\/wiki\/Anna_Jansson\">Wikipedia har mycket information om Anna Jansson<\/a>.<\/p>\n<blockquote><p>Anna Maria Angelika Jansson, f\u00f6dd 13 februari 1958 i Visby, \u00e4r en svensk deckarf\u00f6rfattare. Hennes deckare, med polisassistent senare polisinspekt\u00f6r, Maria Wern som huvudperson. De f\u00f6rsta b\u00f6ckerna utspelar sig i och om kring den fiktiva staden Kronk\u00f6ping som ligger utanf\u00f6r Uppsala. De senare b\u00f6ckerna utspelar sig till st\u00f6rre del p\u00e5 Gotland. Boken Svart fj\u00e4ril utspelar mestadels i och omkring \u00d6rebro.<\/p>\n<p>Hon bor med man och tre barn i Vintrosa och arbetar som sjuksk\u00f6terska i \u00d6rebro.<\/p><\/blockquote>\n<p>Jag hoppas att allt g\u00e5r v\u00e4gen och att om n\u00e5got \u00e5r eller tv\u00e5 \u00e4r det dags f\u00f6r min kriminalroman att bli tv-serie.<\/p>\n","protected":false},"excerpt":{"rendered":"<p>\u00c4nnu en svensk deckare har blivit tv-serie och den har premi\u00e4r p\u00e5 tisdag kv\u00e4ll. Nu rullar den svenska deckar\u00adv\u00e5gen in i rutan De senaste \u00e5ren har tv-serierna som bygger p\u00e5 b\u00f6cker blivit allt fler. P\u00e5 tisdagen \u00e4r det dags f\u00f6r Anna Janssons hj\u00e4ltinna Maria Wern. K\u00e4lla DN. Det vore synd att s\u00e4ga att Wikipedia har [&hellip;]<\/p>\n","protected":false},"author":2,"featured_media":0,"comment_status":"open","ping_status":"open","sticky":false,"template":"","format":"standard","meta":{"_genesis_hide_title":false,"_genesis_hide_breadcrumbs":false,"_genesis_hide_singular_image":false,"_genesis_hide_footer_widgets":false,"_genesis_custom_body_class":"","_genesis_custom_post_class":"","_genesis_layout":"","footnotes":""},"categories":[3],"tags":[1197,3041,6021],"class_list":{"0":"post-1658","1":"post","2":"type-post","3":"status-publish","4":"format-standard","6":"category-litteratur","7":"tag-deckare","8":"tag-kriminalroman","9":"tag-tv-serier","10":"entry"},"_links":{"self":[{"href":"https:\/\/kulturbloggen.com\/index.php?rest_route=\/wp\/v2\/posts\/1658","targetHints":{"allow":["GET"]}}],"collection":[{"href":"https:\/\/kulturbloggen.com\/index.php?rest_route=\/wp\/v2\/posts"}],"about":[{"href":"https:\/\/kulturbloggen.com\/index.php?rest_route=\/wp\/v2\/types\/post"}],"author":[{"embeddable":true,"href":"https:\/\/kulturbloggen.com\/index.php?rest_route=\/wp\/v2\/users\/2"}],"replies":[{"embeddable":true,"href":"https:\/\/kulturbloggen.com\/index.php?rest_route=%2Fwp%2Fv2%2Fcomments&post=1658"}],"version-history":[{"count":0,"href":"https:\/\/kulturbloggen.com\/index.php?rest_route=\/wp\/v2\/posts\/1658\/revisions"}],"wp:attachment":[{"href":"https:\/\/kulturbloggen.com\/index.php?rest_route=%2Fwp%2Fv2%2Fmedia&parent=1658"}],"wp:term":[{"taxonomy":"category","embeddable":true,"href":"https:\/\/kulturbloggen.com\/index.php?rest_route=%2Fwp%2Fv2%2Fcategories&post=1658"},{"taxonomy":"post_tag","embeddable":true,"href":"https:\/\/kulturbloggen.com\/index.php?rest_route=%2Fwp%2Fv2%2Ftags&post=1658"}],"curies":[{"name":"wp","href":"https:\/\/api.w.org\/{rel}","templated":true}]}}