{"id":16506,"date":"2010-01-09T10:37:16","date_gmt":"2010-01-09T09:37:16","guid":{"rendered":"http:\/\/kulturbloggen.com\/?p=16506"},"modified":"2010-01-09T10:37:16","modified_gmt":"2010-01-09T09:37:16","slug":"nar-redaktioner-bedriver-politik-och-dagen-da-metro-bekande-farg","status":"publish","type":"post","link":"https:\/\/kulturbloggen.com\/?p=16506","title":{"rendered":"N\u00e4r redaktioner bedriver politik &#8211; och dagen d\u00e5 Metro bek\u00e4nde f\u00e4rg"},"content":{"rendered":"<p><a href=\"http:\/\/kulturbloggen.com\/wp-content\/uploads\/2010\/01\/Metro.JPG\"><img loading=\"lazy\" decoding=\"async\" src=\"http:\/\/kulturbloggen.com\/wp-content\/uploads\/2010\/01\/Metro-300x195.jpg\" alt=\"Metro\" title=\"Metro\" width=\"300\" height=\"195\" class=\"aligncenter size-medium wp-image-16509\" \/><\/a><br \/>\nEtt rykte spreds i flera redaktioner under fredagen den 8 januari: startat av <a href=\"http:\/\/www.metro.se\/se\/misc\/pdf\/2010\/01\/08\/SESTO_2010_01_08.pdf\">tidningen Metro<\/a>, som skrev om vad de kallar en hemlig plan f\u00f6r att peta Mona Sahlin inf\u00f6r valet i h\u00f6st. Flera socialdemokrater vill i st\u00e4llet se Margot Wallstr\u00f6m som statsministerkandidat.<\/p>\n<blockquote><p>I korta drag ska planen g\u00e5 ut p\u00e5 socialdemokraterna f\u00e5r ett delat ledarskap med Mona Sahlin och Margot Wallstr\u00f6m.<\/p><\/blockquote>\n<p>Det finns m\u00e5nga aspekter p\u00e5 detta.<br \/>\n<strong>F\u00f6r det f\u00f6rsta<\/strong> verkar det ju inte vara sant. Men att f\u00f6lja sanningen har v\u00e4l f\u00f6r l\u00e4nge sedan slutat vara viktigt n\u00e4r det g\u00e4ller att s\u00e4lja med l\u00f6psedlar.<br \/>\n<strong><br \/>\nF\u00f6r det andra<\/strong>: om ett parti som S har tv\u00e5 ypperligt kompetenta kvinnor som skulle kunna dela p\u00e5 topptj\u00e4nsterna inom partiet: so what.<br \/>\nOm det vore sant: So what?<br \/>\nMilj\u00f6partiet har delat ledarskap, fast p\u00e5 ett annat s\u00e4tt. Att vidareutveckla hur arbetet l\u00e4ggs upp \u00e4r v\u00e4l bara positivt? Vad s\u00e4ger att allt alltid m\u00e5ste g\u00f6ras p\u00e5 samma s\u00e4tt som det alltid har gjorts? Vad s\u00e4ger att partiledaren absolut m\u00e5ste vara statsminister?<\/p>\n<p><strong>F\u00f6r det tredje<\/strong>: Tidningarna som spred detta visar tydligt att de \u00e4r f\u00f6rdumsfulla som tycker det \u00e4r n\u00e5got s\u00e4rskilt om tv\u00e5 kompetenta personer skulle dela p\u00e5 en m\u00e4ngd arbetsuppgifter.<br \/>\nDet \u00e4r samma typ av f\u00f6rdumsfullhet som visar sig n\u00e4r tidningarna har stora rubriker om olika k\u00e4ndisar som tr\u00e4der fram med att de \u00e4r homosexuella. Som om det spelar n\u00e5gon roll vad en m\u00e4nniska har f\u00f6r sexuell l\u00e4ggning.<br \/>\nAtt g\u00f6ra rubriker p\u00e5 det \u00e4r lika dumt som att g\u00f6ra rubriker av om ett parti har tv\u00e5 kvinnor i toppen som delar p\u00e5 uppgifter. (Nu ska det ju inte g\u00f6ras, men om det vore s\u00e5, s\u00e5 var det inget s\u00e4rskilt med det.)<\/p>\n<p><strong>F\u00f6r det fj\u00e4rde<\/strong>: Det kan knappast finnas mer \u00e4n ett sk\u00e4l till att ett antal redaktioner drog fram detta och spred det s\u00e5 h\u00f6gljutt som m\u00f6jligt: De har ett politiskt syfte.<br \/>\nD\u00e4rmed har till exempel Metro liksom <a href=\"http:\/\/di.se\/Nyheter\/?page=\/Avdelningar\/Artikel.aspx%3Fstat%3D0%26ArticleID%3D2010%255C01%255C08%255C367545%26SectionId%3DEttan%26menusection%3DStartsidan%3BHuvudnyheter\">Dagens Industri<\/a>,  <a href=\"http:\/\/www.expressen.se\/1.1837912\">Expressen<\/a> och <a href=\"http:\/\/www.dagensps.se\/artiklar\/2010\/01\/08\/20873331\/index.xml\">Dagens PS<\/a> har \u00f6ppet visat att de st\u00e5r upp f\u00f6r h\u00f6geralliansen.<br \/>\nDet \u00e4r inget brott att h\u00e5lla p\u00e5 h\u00f6gerregeringen. Men det \u00e4r viktigt att vara \u00f6ppen och tydligt, s\u00e5 vi kan bed\u00f6ma de nyheter de kommer utifr\u00e5n den bakgrund de har. Expresen \u00e4r redan \u00f6ppet h\u00f6ger och har varit s\u00e5 l\u00e4nge den funnits. Men de \u00f6vriga har l\u00e5tsats vara opolitiska, vilket ju \u00e4r en om\u00f6jlighet. Vi tar alltid st\u00e4llning: antingen f\u00f6r eller emot, i fr\u00e5ga efter fr\u00e5ga.<br \/>\nDen helt objektiva journalisten, eller redaktionen, \u00e4r en illusion, en utopi. Eller kanske ingen utopi. Vill vi ens ha m\u00e4nniskor som inte vill n\u00e5got?<br \/>\nAtt st\u00e5 f\u00f6r en politisk inriktning \u00e4r att vilja n\u00e5got.<\/p>\n<p>Att alla inte vill samma sak \u00e4r bra f\u00f6r demokratin.<\/p>\n<p>Metro har bek\u00e4nt f\u00e4rg i och med att de s\u00e5 h\u00f6gt basunerade ut dessa falska rykten.<br \/>\n<a href=\"http:\/\/www.aftonbladet.se\/nyheter\/article6401005.ab\"><br \/>\nAftonbladet tar upp<\/a> hur dessa uppgifter fr\u00e5n Metro \u00e4r helt tagna ur luften.<br \/>\nEn annan fr\u00e5ga \u00e4r ju: hur kommer det sig att Metro basunerar ut det stort p\u00e5 sina papperstidningar och p\u00e5 l\u00f6psedlar \u00f6ver hela staden, men inte hittills verkar st\u00e5 f\u00f6r det p\u00e5 webben?<\/p>\n<p>Relaterat: <a href=\"http:\/\/www.politikerbloggen.se\/2010\/01\/08\/25325\/\">Politikerbloggen<\/a>, <a href=\"http:\/\/anderspihlblad.nyhetskanalen.se\/2010\/01\/08\/upproret-mot-sahlin\/\">Anders Pihlblad<\/a>, <a href=\"http:\/\/mitt-i-steget.blogspot.com\/2010\/01\/om-journalistik-med-gele-i-ryggraden.html\">Mitt i steget<\/a>, <a href=\"http:\/\/hbt-sossen.blogspot.com\/2010\/01\/skitsnack.html\">HBTsossen<\/a>, <a href=\"http:\/\/monicagreen.webblogg.se\/2010\/january\/vi-vinner-valet-med-mona-sahlin-och-var-polit.html\">Monica Green<\/a> och <a href=\"http:\/\/perankersjo.blogspot.com\/2010\/01\/misstroendet-mot-sahlin-hos-de-egna.html\">Stockholm enligt Ankersj\u00f6<\/a>.<\/p>\n<p>L\u00e4s \u00e4ven andra bloggares \u00e5sikter om <a href=\"http:\/\/bloggar.se\/om\/journalistik\" rel=\"tag\">journalistik<\/a>, <a href=\"http:\/\/bloggar.se\/om\/socialdemokraterna\" rel=\"tag\">socialdemokraterna<\/a>, <a href=\"http:\/\/bloggar.se\/om\/Metro\" rel=\"tag\">Metro<\/a>, <a href=\"http:\/\/bloggar.se\/om\/politik\" rel=\"tag\">politik<\/a>, <a href=\"http:\/\/bloggar.se\/om\/medier\" rel=\"tag\">medier<\/a>, <a href=\"http:\/\/bloggar.se\/om\/mediepolitik\" rel=\"tag\">mediepolitik<\/a>, <a href=\"http:\/\/bloggar.se\/om\/Margot+Wallstr%F6m\" rel=\"tag\">Margot Wallstr\u00f6m<\/a>, <a href=\"http:\/\/bloggar.se\/om\/Mona+Sahlin\" rel=\"tag\">Mona Sahlin<\/a>, <a href=\"http:\/\/bloggar.se\/om\/partiledare\" rel=\"tag\">partiledare<\/a>, <a href=\"http:\/\/bloggar.se\/om\/statsminister\" rel=\"tag\">statsminister<\/a><\/p>\n","protected":false},"excerpt":{"rendered":"<p>Ett rykte spreds i flera redaktioner under fredagen den 8 januari: startat av tidningen Metro, som skrev om vad de kallar en hemlig plan f\u00f6r att peta Mona Sahlin inf\u00f6r valet i h\u00f6st. Flera socialdemokrater vill i st\u00e4llet se Margot Wallstr\u00f6m som statsministerkandidat. I korta drag ska planen g\u00e5 ut p\u00e5 socialdemokraterna f\u00e5r ett delat [&hellip;]<\/p>\n","protected":false},"author":2,"featured_media":0,"comment_status":"open","ping_status":"open","sticky":false,"template":"","format":"standard","meta":{"_genesis_hide_title":false,"_genesis_hide_breadcrumbs":false,"_genesis_hide_singular_image":false,"_genesis_hide_footer_widgets":false,"_genesis_custom_body_class":"","_genesis_custom_post_class":"","_genesis_layout":"","footnotes":""},"categories":[62],"tags":[2765,3581,3582,3625,12284,5229],"class_list":{"0":"post-16506","1":"post","2":"type-post","3":"status-publish","4":"format-standard","6":"category-medie-och-kulturpolitik","7":"tag-journalistik","8":"tag-mediepolitik","9":"tag-medier","10":"tag-metro","11":"tag-politik","12":"tag-socialdemokraterna","13":"entry"},"_links":{"self":[{"href":"https:\/\/kulturbloggen.com\/index.php?rest_route=\/wp\/v2\/posts\/16506","targetHints":{"allow":["GET"]}}],"collection":[{"href":"https:\/\/kulturbloggen.com\/index.php?rest_route=\/wp\/v2\/posts"}],"about":[{"href":"https:\/\/kulturbloggen.com\/index.php?rest_route=\/wp\/v2\/types\/post"}],"author":[{"embeddable":true,"href":"https:\/\/kulturbloggen.com\/index.php?rest_route=\/wp\/v2\/users\/2"}],"replies":[{"embeddable":true,"href":"https:\/\/kulturbloggen.com\/index.php?rest_route=%2Fwp%2Fv2%2Fcomments&post=16506"}],"version-history":[{"count":0,"href":"https:\/\/kulturbloggen.com\/index.php?rest_route=\/wp\/v2\/posts\/16506\/revisions"}],"wp:attachment":[{"href":"https:\/\/kulturbloggen.com\/index.php?rest_route=%2Fwp%2Fv2%2Fmedia&parent=16506"}],"wp:term":[{"taxonomy":"category","embeddable":true,"href":"https:\/\/kulturbloggen.com\/index.php?rest_route=%2Fwp%2Fv2%2Fcategories&post=16506"},{"taxonomy":"post_tag","embeddable":true,"href":"https:\/\/kulturbloggen.com\/index.php?rest_route=%2Fwp%2Fv2%2Ftags&post=16506"}],"curies":[{"name":"wp","href":"https:\/\/api.w.org\/{rel}","templated":true}]}}