{"id":164984,"date":"2023-03-20T04:06:40","date_gmt":"2023-03-20T03:06:40","guid":{"rendered":"https:\/\/kulturbloggen.com\/?p=164984"},"modified":"2023-03-20T13:21:52","modified_gmt":"2023-03-20T12:21:52","slug":"detaljrikt-komplext-och-overtygande-om-valdsamma-manipulatorer-du-ar-min-nu-pa-goteborgs-stadsteater","status":"publish","type":"post","link":"https:\/\/kulturbloggen.com\/?p=164984","title":{"rendered":"Detaljrikt, komplext och \u00f6vertygande om v\u00e5ldsamma manipulat\u00f6rer &#8211; Du \u00e4r min nu p\u00e5 G\u00f6teborgs Stadsteater"},"content":{"rendered":"\n<figure class=\"wp-block-image size-full is-style-default\"><img loading=\"lazy\" decoding=\"async\" width=\"650\" height=\"433\" src=\"https:\/\/kulturbloggen.com\/wp-content\/uploads\/2023\/03\/04-du-ar-min-nu-pressbild-foto-ola-kjelbye-2022-2023.jpg\" alt=\"\" class=\"wp-image-164986\" srcset=\"https:\/\/kulturbloggen.com\/wp-content\/uploads\/2023\/03\/04-du-ar-min-nu-pressbild-foto-ola-kjelbye-2022-2023.jpg 650w, https:\/\/kulturbloggen.com\/wp-content\/uploads\/2023\/03\/04-du-ar-min-nu-pressbild-foto-ola-kjelbye-2022-2023-300x200.jpg 300w\" sizes=\"auto, (max-width: 650px) 100vw, 650px\" \/><figcaption class=\"wp-element-caption\">foto Ola Kjelbye   <br>                                            <\/figcaption><\/figure>\n\n\n\n<p>Av G\u00e9rard Watkins  (\u00f6vers\u00e4ttning Lisa Lindberg)<\/p>\n\n\n\n<p>Regi: G\u00e9rard Watkins<\/p>\n\n\n\n<p>Scenografi: Henrik Ekberg<\/p>\n\n\n\n<p>Ljusdesign: Anne Vaglio<\/p>\n\n\n\n<p>Kostymdesign: G\u00e9rard Watkins<\/p>\n\n\n\n<p>Ljuddesign: Kristoffer Svedberg<\/p>\n\n\n\n<p>Maskdesign: Yevgeniia Pakhomiva<\/p>\n\n\n\n<p>Komposit\u00f6r\/ \/musik: Karin de Frumerie<\/p>\n\n\n\n<p>Medverkande: Johan Gry, Caroline S\u00f6derstr\u00f6m, Hannah Alem Davidsson, Johan Hafezi och Karin De Frumerie<\/p>\n\n\n\n<p>Premi\u00e4r 17\/3 2023 p\u00e5 Studion<\/p>\n\n\n\n<p>Spelas till och med 27\/4 (varav nio datum med eftersamtal och 25\/3 arrangeras temadag)<\/p>\n\n\n\n<p>OBS Produktionen \u00e4r delfinansierad av EU. Att G\u00f6teborgs Stadsteater ing\u00e5r i ett n\u00e4tverk av institutionsteatrar i Europa inneb\u00e4r i detta fall att en regiassistent fr\u00e5n Wales ing\u00e5r i konstn\u00e4rliga teamet.<\/p>\n\n\n\n<p><\/p>\n\n\n\n<p>Underrubriken lyder &#8221;V\u00e5ld i n\u00e4ra relationer&#8221;, vilket ska f\u00f6rst\u00e5s som m\u00e4ns v\u00e5ld mot kvinnor de har relation med. \u00c4nd\u00e5 ska kvinnors v\u00e5ld mot m\u00e4n i n\u00e4ra relationer vara ungef\u00e4r lika vanligt f\u00f6rekommande och lika lite p\u00e5 tapeten \u00e4r v\u00e5ld i samk\u00f6nade relationer, n\u00e5got som \u00e4r ett reellt problem. Presenterade unders\u00f6kningar ger f\u00f6rvisso vid handen att kvinnor i f\u00f6r\u00f6varposition inte p\u00e5 l\u00e5ngt n\u00e4r st\u00e5r f\u00f6r samma fatala statistik.  P\u00e5pekanden som inte p\u00e5 n\u00e5got s\u00e4tt ska f\u00f6rringa ett gigantiskt samh\u00e4llsproblem, endast ses som behovet av en bredare bild. Inte utan att man \u00e5tskilliga g\u00e5nger uppr\u00f6rts \u00f6ver hur otillr\u00e4ckligt utsatta\/ anm\u00e4lare skyddats. Alltf\u00f6r ofta har deras v\u00e4djanden nonchalerats,  brottsliga handlingar inte renderat i konsekvenser f\u00f6r g\u00e4rningsmannen. <\/p>\n\n\n\n<p>  Under premi\u00e4rdagen publicerades tv\u00e5 uppseendev\u00e4ckande nyheter i media om kvinnliga f\u00f6r\u00f6vare. R\u00f6rde sig dels om en kvinnlig maffialedare i Italien, dels om de tv\u00e5 tjejenar i Vetlanda vilka \u00e5talas i det s\u00e5 kallade Tove-fallet f\u00f6r att ha orsakat dennes d\u00f6d. Och k\u00f6net p\u00e5 de som ing\u00e5r i kickers-g\u00e4ng skulle ocks\u00e5 kunna betraktas som normbrytande. Mannens psyke, testosteronhalt och sv\u00e5righet att kontrollera ilska flyter som en understr\u00f6m i <em>Du \u00e4r min nu<\/em> (urpremi\u00e4r 2013), vars upprinnelse var uppm\u00e4rksammade sexbrottsanklagelsen riktad mot fransk IMF-chef och reaktionerna som f\u00f6ljde. Den lika eviga som ol\u00f6sliga konflikten kring kollektiv skuld blir lyckligtvis inte alltings fokus, \u00e4ven om diskussionen \u00e4r central. Vem gagnas av syns\u00e4ttet?  Underligt nog fanns tydligen inga pj\u00e4ser skrivna tidigare p\u00e5 samma tema, det vill s\u00e4ga v\u00e5ld i n\u00e4ra relationer d\u00e4r m\u00e4nnen \u00e4r f\u00f6r\u00f6vare.<\/p>\n\n\n\n<figure class=\"wp-block-image size-full is-style-default\"><img loading=\"lazy\" decoding=\"async\" width=\"650\" height=\"433\" src=\"https:\/\/kulturbloggen.com\/wp-content\/uploads\/2023\/03\/03-du-ar-min-nu-pressbild-foto-ola-kjelbye-2022-2023.jpg\" alt=\"\" class=\"wp-image-165004\" srcset=\"https:\/\/kulturbloggen.com\/wp-content\/uploads\/2023\/03\/03-du-ar-min-nu-pressbild-foto-ola-kjelbye-2022-2023.jpg 650w, https:\/\/kulturbloggen.com\/wp-content\/uploads\/2023\/03\/03-du-ar-min-nu-pressbild-foto-ola-kjelbye-2022-2023-300x200.jpg 300w\" sizes=\"auto, (max-width: 650px) 100vw, 650px\" \/><figcaption class=\"wp-element-caption\">foto Ola Kjelbye                                               <\/figcaption><\/figure>\n\n\n\n<p>Fransk-engelske dramatikern G\u00e9rard Watkins \u00e4r en m\u00e5ngsysslare av rang..  Medverkat med kritikerrosade roller i ett antal filmer och teaterproduktioner, \u00e4r sedan -94 konstn\u00e4rlig ledare f\u00f6r ett ansett teaterkompani, regiss\u00f6r och l\u00e5tskrivare.  Hans <em>Du \u00e4r min nu <\/em>har framg\u00e5ngsrikt spelats ocks\u00e5 i Polen och Italien. P\u00e5 Stadsteatern b\u00e5de regisserar 57-\u00e5ringen och g\u00f6r kostymerna.  <\/p>\n\n\n\n<p>Enaktarens l\u00e4ngd uppg\u00e5r till tv\u00e5 timmar utan paus, vilket inte \u00e4r okomplicerat. Inser att man inte vill bryta st\u00e4mningen,. Men ofr\u00e5nkomligt skruvar jag p\u00e5 mig sista kvarten, trots att nya rollfigurer introduceras och  det avl\u00e4ggs bek\u00e4nnelser och vittnesm\u00e5l i mikrofon. S\u00e5ledes h\u00e4ndelserikt med nya infallsvinklar. Att jag skruvar p\u00e5 mig beror att det blir fysiskt anstr\u00e4ngande att sitta still s\u00e5 h\u00e4r l\u00e4nge i kvav luft.  Borde definitivt ha skurits i \u00f6verfl\u00f6det av f\u00f6rbluffande detaljer till f\u00f6rm\u00e5n f\u00f6r ett mer hanterbart format.<\/p>\n\n\n\n<p> H\u00e4vdar \u00e4nd\u00e5 att pj\u00e4sen har avsev\u00e4rda f\u00f6rtj\u00e4nster, g\u00f6r ett gott helhetsintryck genom s\u00e4ttet den tacklar livsfarlig maktut\u00f6vning. Dramats bitvis drastiska humor ger relief,  g\u00f6r skildringarna av tv\u00e5 pars f\u00f6rh\u00e5llanden uth\u00e4rdlig att besk\u00e5da. Fast paradoxalt nog blir det p\u00e5 samma g\u00e5ng minst lika ot\u00e4ckt. Belysandet av f\u00f6r\u00f6varnas offermentalitet och blixtsnabba hum\u00f6rsv\u00e4ngningar tillh\u00f6r pj\u00e4sens definitiva styrkor. <\/p>\n\n\n\n<figure class=\"wp-block-image size-full is-style-default\"><img loading=\"lazy\" decoding=\"async\" width=\"650\" height=\"433\" src=\"https:\/\/kulturbloggen.com\/wp-content\/uploads\/2023\/03\/02-du-ar-min-nu-pressbild-foto-ola-kjelbye-2022-2023.jpg\" alt=\"\" class=\"wp-image-165007\" srcset=\"https:\/\/kulturbloggen.com\/wp-content\/uploads\/2023\/03\/02-du-ar-min-nu-pressbild-foto-ola-kjelbye-2022-2023.jpg 650w, https:\/\/kulturbloggen.com\/wp-content\/uploads\/2023\/03\/02-du-ar-min-nu-pressbild-foto-ola-kjelbye-2022-2023-300x200.jpg 300w\" sizes=\"auto, (max-width: 650px) 100vw, 650px\" \/><figcaption class=\"wp-element-caption\">foto Ola Kjelbye                                          <\/figcaption><\/figure>\n\n\n\n<p>Vi m\u00f6ter v\u00e4lbest\u00e4llde fotografen och vegetarianen Pascal (Johan Gry), hur han tillsammans med kvinnlig fr\u00e4mling (Caroline S\u00f6derstr\u00f6m) reagerar p\u00e5 potentiell fara, vilket svetsar dem samman. Tycke uppst\u00e5r och gemensam planering p\u00e5b\u00f6rjas. T\u00e4mligen omg\u00e5ende antyder han dock missn\u00f6je med kvinnan han flyttar samman med och en accelererande spiral av destruktivt beteende tar vid med oregelbundna intervaller. Handlingen korsklipps med incidenter  fr\u00e5n det andra paret d\u00e4r han \u00e4r mekaniker fr\u00e5n Algeriet (Johan Hafezi) och hon  viljestark muslin som inte b\u00e4r sl\u00f6ja (Hannah Alem Davidsson). I en av flera m\u00e4rkligt komiska scener befinner sig b\u00e5da paren samtidigt p\u00e5 visning av exklusiv l\u00e4genhet. <\/p>\n\n\n\n<p>Scenografin \u00e4r som synes futuristiskt gr\u00e5, stiliserat elegant p\u00e5 ett k\u00e4nslokallt s\u00e4tt. Samma dekor f\u00f6r\u00e4ndras med n\u00e5gra enkla grepp av sk\u00e5despelarna, fr\u00e5n uppr\u00e4tt exteri\u00f6r p\u00e5minnande om skulturpark till \u00e4ndam\u00e5lsenlig interi\u00f6r. Attiraljer manus relaterar till f\u00e5r publiken f\u00f6rest\u00e4lla sig. Vad ansvarig f\u00f6r mask utr\u00e4ttat f\u00f6r arbete g\u00e5r inte att avg\u00f6ra. Bortsett fr\u00e5n enstaka armr\u00f6relse visas n\u00e4mligen inte effekterna av m\u00e4nnens fysiska misshandel. Att vi f\u00e5r f\u00f6rest\u00e4lla oss kroppens skador \u00f6verraskar. Huruvida greppet g\u00f6r destruktiva spiralen mer uth\u00e4rdlig eller lika skr\u00e4mmande, skiljer nog fr\u00e5n person till person. Kan bero p\u00e5 vilka ur publiken som har egna erfarenheter som utsatt eller anh\u00f6rig.<\/p>\n\n\n\n<figure class=\"wp-block-image size-full is-style-default\"><img loading=\"lazy\" decoding=\"async\" width=\"433\" height=\"650\" src=\"https:\/\/kulturbloggen.com\/wp-content\/uploads\/2023\/03\/06-du-ar-min-nu-pressbild-foto-ola-kjelbye-2022-2023.jpg\" alt=\"\" class=\"wp-image-165013\" srcset=\"https:\/\/kulturbloggen.com\/wp-content\/uploads\/2023\/03\/06-du-ar-min-nu-pressbild-foto-ola-kjelbye-2022-2023.jpg 433w, https:\/\/kulturbloggen.com\/wp-content\/uploads\/2023\/03\/06-du-ar-min-nu-pressbild-foto-ola-kjelbye-2022-2023-200x300.jpg 200w\" sizes=\"auto, (max-width: 433px) 100vw, 433px\" \/><\/figure>\n\n\n\n<p>                         foto Ola Kjelbye             <\/p>\n\n\n\n<p>  <\/p>\n\n\n\n<p>Ett ytterligare inslag vars inf\u00f6rlivande f\u00e5r anses vara udda \u00e4r musiken, en annan naturlig yttring f\u00f6r Watkins som har eget band. .Den kommenterar skeendet, parens trasiga samliv. Antingen genom uttrycksfullt formulerad tenorsaxofon eller electronica framst\u00e4lld via laptop. Dessa ledsagande moment sk\u00f6ts av Karin De Frumerie som setts i m\u00e5nga st\u00f6rre roller senaste decenniet. H\u00e4r tar hon ocks\u00e5 hand om ett par viktiga biroller. Det markeras ocks\u00e5 att hon \u00e4r h\u00f6ggravid, vilket blir till en av flera utplacerade lustigheter. Ett av flera tecken p\u00e5 att skr\u00e4mmande \u00f6vergrepp kan \u00e4ga rum mitt i  vardagens gl\u00e4dje\u00e4mnen och bestyr. Ska understrykas att pj\u00e4sf\u00f6rfattaren l\u00e4mnar utrymme f\u00f6r hopp om  f\u00f6r\u00e4ndring i ett \u00f6ppet slut d\u00e4r s\u00e5v\u00e4l brottsutredare som psykolog introduceras. Vi f\u00e5r uppleva att de kontrollerande, dysfunktionella och k\u00e4rlekst\u00f6rstande m\u00e4nnen kommer till viss insikt. Pj\u00e4sen bygger p\u00e5 material fr\u00e5n workshops och omfattande research.    <\/p>\n\n\n\n<p>Ensemblen \u00e4r otroligt skicklig. M\u00e4nnens s\u00e5rbarhet och farliga omnipotens  gestaltas trov\u00e4rdigt. Att paren m\u00e5nar om varandras v\u00e4lbefinnande fram tills de maskulina \u00e4garbeg\u00e4ret f\u00f6rg\u00f6r respektive f\u00f6rh\u00e5llande, redog\u00f6rs f\u00f6r med psykologisk sk\u00e4rpa. Kvinnorna k\u00e4mpar, kr\u00e4ver respekt  innan situationen \u00e4r bortom r\u00e4ddning.<\/p>\n\n\n\n<p> Hannah Alem Davidssons spelar med verbal intensitet frustrerat viljestark. Johan Gry framst\u00e4ller utstuderat manipulativa drag, hans ber\u00e4knande \u00f6verklassiga figur f\u00e5r andra att n\u00e5 d\u00e5ligt n\u00e4r han blottar sitt inre trassel. Han \u00e4r kusligt duktig p\u00e5 att portr\u00e4ttera denna typ av individ. Johan Hafezis gestaltning av en r\u00e4dd och pl\u00e5gad sj\u00e4l ber\u00f6r, Han spricker n\u00e4stan i tu ansatt av destruktivitetens demoner. Har sparat den styvaste prestationen till sist, hon som nog har de mest omfattande monologerna och vars minspel raffinerat genomg\u00e5r ideliga skiftningar. Pj\u00e4sens enskilt st\u00f6rsta beh\u00e5llning \u00e4r Caroline S\u00f6derstr\u00f6ms hudl\u00f6sa agerande. Prestationen \u00e4r \u00e4n mer anm\u00e4rkningsv\u00e4rd med tanke p\u00e5 att n\u00e4stan alla repliker utslungas som tveksamheter, tillr\u00e4ttal\u00e4gganden eller \u00e4ndringsf\u00f6rslag. Genom enast\u00e5ende sk\u00e5despeleri skildras hur  rollfiguren  gradvis ber\u00f6vas sin  frihet och sitt m\u00e4nniskov\u00e4rde i f\u00f6rh\u00e5llandet samt strider f\u00f6r att \u00e5terer\u00f6vra vad hon f\u00f6rnekats.. \u00c5ngestladdad frustration  v\u00e4ller fram \u00e4nda till bakersta raden. <\/p>\n\n\n\n<p><\/p>\n","protected":false},"excerpt":{"rendered":"<p>Av G\u00e9rard Watkins (\u00f6vers\u00e4ttning Lisa Lindberg) Regi: G\u00e9rard Watkins Scenografi: Henrik Ekberg Ljusdesign: Anne Vaglio Kostymdesign: G\u00e9rard Watkins Ljuddesign: Kristoffer Svedberg Maskdesign: Yevgeniia Pakhomiva Komposit\u00f6r\/ \/musik: Karin de Frumerie Medverkande: Johan Gry, Caroline S\u00f6derstr\u00f6m, Hannah Alem Davidsson, Johan Hafezi och Karin De Frumerie Premi\u00e4r 17\/3 2023 p\u00e5 Studion Spelas till och med 27\/4 (varav nio [&hellip;]<\/p>\n","protected":false},"author":34,"featured_media":0,"comment_status":"closed","ping_status":"closed","sticky":false,"template":"","format":"standard","meta":{"_genesis_hide_title":false,"_genesis_hide_breadcrumbs":false,"_genesis_hide_singular_image":false,"_genesis_hide_footer_widgets":false,"_genesis_custom_body_class":"","_genesis_custom_post_class":"","_genesis_layout":"","footnotes":""},"categories":[20,31],"tags":[],"class_list":{"0":"post-164984","1":"post","2":"type-post","3":"status-publish","4":"format-standard","6":"category-film","7":"category-teaterrecension","8":"entry"},"_links":{"self":[{"href":"https:\/\/kulturbloggen.com\/index.php?rest_route=\/wp\/v2\/posts\/164984","targetHints":{"allow":["GET"]}}],"collection":[{"href":"https:\/\/kulturbloggen.com\/index.php?rest_route=\/wp\/v2\/posts"}],"about":[{"href":"https:\/\/kulturbloggen.com\/index.php?rest_route=\/wp\/v2\/types\/post"}],"author":[{"embeddable":true,"href":"https:\/\/kulturbloggen.com\/index.php?rest_route=\/wp\/v2\/users\/34"}],"replies":[{"embeddable":true,"href":"https:\/\/kulturbloggen.com\/index.php?rest_route=%2Fwp%2Fv2%2Fcomments&post=164984"}],"version-history":[{"count":16,"href":"https:\/\/kulturbloggen.com\/index.php?rest_route=\/wp\/v2\/posts\/164984\/revisions"}],"predecessor-version":[{"id":165017,"href":"https:\/\/kulturbloggen.com\/index.php?rest_route=\/wp\/v2\/posts\/164984\/revisions\/165017"}],"wp:attachment":[{"href":"https:\/\/kulturbloggen.com\/index.php?rest_route=%2Fwp%2Fv2%2Fmedia&parent=164984"}],"wp:term":[{"taxonomy":"category","embeddable":true,"href":"https:\/\/kulturbloggen.com\/index.php?rest_route=%2Fwp%2Fv2%2Fcategories&post=164984"},{"taxonomy":"post_tag","embeddable":true,"href":"https:\/\/kulturbloggen.com\/index.php?rest_route=%2Fwp%2Fv2%2Ftags&post=164984"}],"curies":[{"name":"wp","href":"https:\/\/api.w.org\/{rel}","templated":true}]}}