{"id":16406,"date":"2010-01-06T18:10:50","date_gmt":"2010-01-06T17:10:50","guid":{"rendered":"http:\/\/kulturbloggen.com\/?p=16406"},"modified":"2010-01-06T18:10:50","modified_gmt":"2010-01-06T17:10:50","slug":"burma-och-iran-banditstater-utan-manskliga-rattigheter","status":"publish","type":"post","link":"https:\/\/kulturbloggen.com\/?p=16406","title":{"rendered":"Burma och Iran &#8211; banditstater utan m\u00e4nskliga r\u00e4ttigheter"},"content":{"rendered":"<p><a href=\"http:\/\/kulturbloggen.com\/wp-content\/uploads\/2010\/01\/large_flag_of_burma.gif\"><img loading=\"lazy\" decoding=\"async\" src=\"http:\/\/kulturbloggen.com\/wp-content\/uploads\/2010\/01\/large_flag_of_burma-300x157.gif\" alt=\"large_flag_of_burma\" title=\"large_flag_of_burma\" width=\"300\" height=\"157\" class=\"aligncenter size-medium wp-image-16407\" \/><\/a><br \/>\nBurma och Iran \u00e4r verkligen tv\u00e5 banditstater utan m\u00e4nskliga r\u00e4ttigheter.<br \/>\nYttrandefrihet och demokrati \u00e4r inte direkt p\u00e5 frammarsch \u00f6ver v\u00e4rlden. P\u00e5 olika s\u00e4tt stryps yttrandefriheten och n\u00e5gra av de v\u00e4rsta staterna i sammanhanget \u00e4r f\u00f6rst\u00e5s dessa tv\u00e5.<br \/>\nMen det \u00e4r ocks\u00e5 illa att EU-politikerna n\u00e4stan tiger i fr\u00e5gan.<\/p>\n<p><a href=\"http:\/\/www.dn.se\/nyheter\/varlden\/massgripanden-i-iran-1.1022877\">Dagens Nyheter rapporterar om massingripanden i Iran<\/a>:<\/p>\n<blockquote><p>En v\u00e5g av gripanden har svept \u00f6ver Iran de senaste dagarna. Fler \u00e4n 180 personer har gripits, m\u00e5nga av dem journalister, m\u00e4nniskor\u00e4ttsaktivister och studenter.<\/p><\/blockquote>\n<p><a href=\"http:\/\/www.svd.se\/nyheter\/utrikes\/burmajournalist-fangslad-i-20-ar_4044047.svd\"><br \/>\nOch Svenska Dagbladet rapporterar<\/a>:<\/p>\n<blockquote><p>Burmajournalist f\u00e4ngslad i 20 \u00e5r<br \/>\nEn domstol i Burma har d\u00f6mt en videojournalist som samarbetat med exilmedier till 20 \u00e5rs f\u00e4ngelse, uppger m\u00e4nniskor\u00e4ttsgrupper.<\/p><\/blockquote>\n<p>Du kan l\u00e4sa mer om situationen i Burma p\u00e5 <a href=\"http:\/\/www.dvb.no\/\">sajten Democratic Voice of Burma<\/a>. <a href=\"http:\/\/english.dvb.no\/news.php?id=3199\">H\u00e4r ber\u00e4ttar Burmasajten om den f\u00e4ngslade och d\u00f6mda journalisten<\/a>.<\/p>\n<p><a href=\"http:\/\/komigenuva.wordpress.com\/2010\/01\/06\/dagens-rekommenderade-lank-nils-schwartz\">Nemokrati har ocks\u00e5 bloggat om detta.<\/a><\/p>\n<p>Relaterade artiklar:<br \/>\n<a href=\"http:\/\/www.svd.se\/nyheter\/utrikes\/massgripanden-rapporteras-fran-iran_4045309.svd\">Svenska Dagbladet<\/a><\/p>\n<p>L\u00e4s \u00e4ven andra bloggares \u00e5sikter om <a href=\"http:\/\/bloggar.se\/om\/Burma\" rel=\"tag\">Burma<\/a>, <a href=\"http:\/\/bloggar.se\/om\/Iran\" rel=\"tag\">Iran<\/a>, <a href=\"http:\/\/bloggar.se\/om\/m%E4nskliga+r%E4ttigheter\" rel=\"tag\">m\u00e4nskliga r\u00e4ttigheter<\/a>, <a href=\"http:\/\/bloggar.se\/om\/diktatur\" rel=\"tag\">diktatur<\/a>, <a href=\"http:\/\/bloggar.se\/om\/censur\" rel=\"tag\">censur<\/a><\/p>\n","protected":false},"excerpt":{"rendered":"<p>Burma och Iran \u00e4r verkligen tv\u00e5 banditstater utan m\u00e4nskliga r\u00e4ttigheter. Yttrandefrihet och demokrati \u00e4r inte direkt p\u00e5 frammarsch \u00f6ver v\u00e4rlden. P\u00e5 olika s\u00e4tt stryps yttrandefriheten och n\u00e5gra av de v\u00e4rsta staterna i sammanhanget \u00e4r f\u00f6rst\u00e5s dessa tv\u00e5. Men det \u00e4r ocks\u00e5 illa att EU-politikerna n\u00e4stan tiger i fr\u00e5gan. Dagens Nyheter rapporterar om massingripanden i Iran: [&hellip;]<\/p>\n","protected":false},"author":2,"featured_media":0,"comment_status":"open","ping_status":"open","sticky":false,"template":"","format":"standard","meta":{"_genesis_hide_title":false,"_genesis_hide_breadcrumbs":false,"_genesis_hide_singular_image":false,"_genesis_hide_footer_widgets":false,"_genesis_custom_body_class":"","_genesis_custom_post_class":"","_genesis_layout":"","footnotes":""},"categories":[20],"tags":[894,960,1275,2554,3897],"class_list":{"0":"post-16406","1":"post","2":"type-post","3":"status-publish","4":"format-standard","6":"category-film","7":"tag-burma","8":"tag-censur","9":"tag-diktatur","10":"tag-iran","11":"tag-manskliga-rattigheter","12":"entry"},"_links":{"self":[{"href":"https:\/\/kulturbloggen.com\/index.php?rest_route=\/wp\/v2\/posts\/16406","targetHints":{"allow":["GET"]}}],"collection":[{"href":"https:\/\/kulturbloggen.com\/index.php?rest_route=\/wp\/v2\/posts"}],"about":[{"href":"https:\/\/kulturbloggen.com\/index.php?rest_route=\/wp\/v2\/types\/post"}],"author":[{"embeddable":true,"href":"https:\/\/kulturbloggen.com\/index.php?rest_route=\/wp\/v2\/users\/2"}],"replies":[{"embeddable":true,"href":"https:\/\/kulturbloggen.com\/index.php?rest_route=%2Fwp%2Fv2%2Fcomments&post=16406"}],"version-history":[{"count":0,"href":"https:\/\/kulturbloggen.com\/index.php?rest_route=\/wp\/v2\/posts\/16406\/revisions"}],"wp:attachment":[{"href":"https:\/\/kulturbloggen.com\/index.php?rest_route=%2Fwp%2Fv2%2Fmedia&parent=16406"}],"wp:term":[{"taxonomy":"category","embeddable":true,"href":"https:\/\/kulturbloggen.com\/index.php?rest_route=%2Fwp%2Fv2%2Fcategories&post=16406"},{"taxonomy":"post_tag","embeddable":true,"href":"https:\/\/kulturbloggen.com\/index.php?rest_route=%2Fwp%2Fv2%2Ftags&post=16406"}],"curies":[{"name":"wp","href":"https:\/\/api.w.org\/{rel}","templated":true}]}}