{"id":163793,"date":"2023-02-23T10:12:31","date_gmt":"2023-02-23T09:12:31","guid":{"rendered":"https:\/\/kulturbloggen.com\/?p=163793"},"modified":"2023-02-23T10:12:31","modified_gmt":"2023-02-23T09:12:31","slug":"oppet-brev-till-landets-nya-kommunala-kulturnamnder-fran-musikerforbundet-en-kulturskola-for-alla","status":"publish","type":"post","link":"https:\/\/kulturbloggen.com\/?p=163793","title":{"rendered":"\u00d6ppet brev till landets nya kommunala kulturn\u00e4mnder fr\u00e5n Musikerf\u00f6rbundet: En kulturskola f\u00f6r alla"},"content":{"rendered":"<p><img loading=\"lazy\" decoding=\"async\" class=\"aligncenter size-full wp-image-163814\" src=\"https:\/\/kulturbloggen.com\/wp-content\/uploads\/2023\/02\/unnamed-2.png\" alt=\"\" width=\"305\" height=\"59\" srcset=\"https:\/\/kulturbloggen.com\/wp-content\/uploads\/2023\/02\/unnamed-2.png 305w, https:\/\/kulturbloggen.com\/wp-content\/uploads\/2023\/02\/unnamed-2-300x58.png 300w\" sizes=\"auto, (max-width: 305px) 100vw, 305px\" \/><\/p>\n<p>En kulturskola f\u00f6r alla och en offensiv offentlig satsning p\u00e5 den kulturella sektorn \u00e4r det viktigaste n\u00e4r det g\u00e4ller kommunal kulturpolitik. Detta skriver Musikerf\u00f6rbundet ordf\u00f6rande och avdelningsordf\u00f6randen i ett \u00f6ppet brev till kommunala kulturn\u00e4mnden. Nedan kan du l\u00e4sa brevet i sin helhet:<\/p>\n<p>Hej!<\/p>\n<p>Vi p\u00e5 Musikerf\u00f6rbundet vill gratulera alla er som f\u00e5tt f\u00f6rtroendet att sitta i en av kommunens viktigaste n\u00e4mnder \u2013 den som ansvarar f\u00f6r kulturen och d\u00e4rmed musiken!<\/p>\n<p>Musikerf\u00f6rbundet, som samlar landets professionella musiker och artister fr\u00e5n alla t\u00e4nkbara musikstilar, arbetar f\u00f6rst\u00e5s politiskt p\u00e5 alla niv\u00e5er \u2013 nationellt, regionalt och kommunalt. Nu vill vi g\u00e4rna dela med oss till er av vad vi ser som viktigast n\u00e4r det g\u00e4ller kommunal kulturpolitik.<\/p>\n<p>H\u00e4r nedan kan ni ta del av v\u00e5ra prioriteringar. H\u00e5ller ni med oss? Tycker ni annorlunda? Eller dyker det upp f\u00f6ljdfr\u00e5gor n\u00e4r ni l\u00e4ser? Vi vill g\u00e4rna inleda och forts\u00e4tta samtalet med er, hj\u00e4lpa till att formulera motioner etc.<\/p>\n<p>Bland underskrivarna kan du enkelt v\u00e4lja den du vill kontakta \u2013 eller s\u00e5 hinner vi f\u00f6re!<\/p>\n<p>L\u00e5t oss b\u00f6rja fr\u00e5n b\u00f6rjan med barnen, dvs. framtidens musiker, konsertarrang\u00f6rer och framf\u00f6r allt \u2013 publik:<\/p>\n<p><strong>En kulturskola f\u00f6r alla<\/strong><br \/>\nVi ser att en resursstark kulturskola \u00e4r en grundl\u00e4ggande del i den svenska v\u00e4lf\u00e4rden. Att till exempel l\u00e4ra sig att spela ett instrument medf\u00f6r mycket positivt f\u00f6r en ung persons utveckling. Forskning visar att det utvecklar allt fr\u00e5n f\u00f6rm\u00e5gan att samarbeta till inl\u00e4rning av andra \u00e4mnen, s\u00e5som matematik. Musik och kultur har ocks\u00e5 en stor positiv p\u00e5verkan p\u00e5 v\u00e5r psykiska h\u00e4lsa.<br \/>\nEn kulturskola beh\u00f6ver kunna bedrivas p\u00e5 skoltid och Musikerf\u00f6rbundet \u00e4r mycket glada f\u00f6r att detta nu \u00e4r m\u00f6jligt igen. Det g\u00f6r f\u00f6ruts\u00e4ttningarna mer likv\u00e4rdiga f\u00f6r alla de barn som vill sjunga och spela instrument. Undervisningen riskerar annars att inte n\u00e5 de som bor l\u00e5ngt ifr\u00e5n skolan och de som har f\u00f6r\u00e4ldrar som inte kan skjutsa.<br \/>\nEn kulturskola ska vara avgiftsfri \u2013 eller \u00e5tminstone ha en avgift som inte st\u00e4nger ute familjer med s\u00e4mre ekonomi.<br \/>\nEn stark och sj\u00e4lvs\u00e4ker kulturskola l\u00e5ter ocks\u00e5 l\u00e4rarna fokusera mest p\u00e5 sj\u00e4lva undervisningen och ser det positiva med att l\u00e4rarna kan kombinera sitt pedagogiska arbete med ett aktivt musikerskap.<\/p>\n<p><strong>En offensiv offentlig satsning p\u00e5 den kulturella sektorn l\u00f6nar sig<\/strong><br \/>\nAtt satsa offentliga medel p\u00e5 levande konst och kultur p\u00e5 orten l\u00f6nar sig p\u00e5 flera s\u00e4tt: Den skapar mening, sammanhang, innovationskraft och engagemang f\u00f6r oss m\u00e4nniskor. Och grunden till ett levande kulturliv \u00e4r de som skapar inneh\u00e5llet.<br \/>\nVi vill d\u00e4rf\u00f6r se fler musiker och musikskapare anst\u00e4llda eller anlitade p\u00e5 Sveriges scener i b\u00e5de kommunal, regional, statlig och privat regi. Det kan bli verklighet med h\u00f6jning av anslagsramar, men \u00e4ven med omprioritering av nuvarande anslag.<\/p>\n<p>Det beh\u00f6vs ocks\u00e5 fler kompetenta, kontinuerliga och stabila konsertarrang\u00f6rer i hela Sverige. H\u00e4r vill vi se ett st\u00e4rkt f\u00f6reningsliv, d\u00e4r ocks\u00e5 studief\u00f6rbunden skulle kunna ta ett st\u00f6rre ansvar, liksom kreativa och kulturella f\u00f6retagare i hela landet.<br \/>\nF\u00f6r att hela Kultursverige ska leva, ser vi ocks\u00e5 att f\u00f6retagsst\u00f6d beh\u00f6vs, riktade till kreativa och kulturella branscher i glesbygd. Det skulle motverka storstadskoncentrationen och ge fler m\u00f6jlighet att skapa arbetstillf\u00e4llen f\u00f6r musiker \u00f6ver hela Sverige.<\/p>\n","protected":false},"excerpt":{"rendered":"<p>En kulturskola f\u00f6r alla och en offensiv offentlig satsning p\u00e5 den kulturella sektorn \u00e4r det viktigaste n\u00e4r det g\u00e4ller kommunal kulturpolitik. Detta skriver Musikerf\u00f6rbundet ordf\u00f6rande och avdelningsordf\u00f6randen i ett \u00f6ppet brev till kommunala kulturn\u00e4mnden. Nedan kan du l\u00e4sa brevet i sin helhet: Hej! Vi p\u00e5 Musikerf\u00f6rbundet vill gratulera alla er som f\u00e5tt f\u00f6rtroendet att sitta [&hellip;]<\/p>\n","protected":false},"author":13,"featured_media":0,"comment_status":"closed","ping_status":"closed","sticky":false,"template":"","format":"standard","meta":{"_genesis_hide_title":false,"_genesis_hide_breadcrumbs":false,"_genesis_hide_singular_image":false,"_genesis_hide_footer_widgets":false,"_genesis_custom_body_class":"","_genesis_custom_post_class":"","_genesis_layout":"","footnotes":""},"categories":[62,13624],"tags":[],"class_list":{"0":"post-163793","1":"post","2":"type-post","3":"status-publish","4":"format-standard","6":"category-medie-och-kulturpolitik","7":"category-toppnytt","8":"entry"},"_links":{"self":[{"href":"https:\/\/kulturbloggen.com\/index.php?rest_route=\/wp\/v2\/posts\/163793","targetHints":{"allow":["GET"]}}],"collection":[{"href":"https:\/\/kulturbloggen.com\/index.php?rest_route=\/wp\/v2\/posts"}],"about":[{"href":"https:\/\/kulturbloggen.com\/index.php?rest_route=\/wp\/v2\/types\/post"}],"author":[{"embeddable":true,"href":"https:\/\/kulturbloggen.com\/index.php?rest_route=\/wp\/v2\/users\/13"}],"replies":[{"embeddable":true,"href":"https:\/\/kulturbloggen.com\/index.php?rest_route=%2Fwp%2Fv2%2Fcomments&post=163793"}],"version-history":[{"count":10,"href":"https:\/\/kulturbloggen.com\/index.php?rest_route=\/wp\/v2\/posts\/163793\/revisions"}],"predecessor-version":[{"id":163815,"href":"https:\/\/kulturbloggen.com\/index.php?rest_route=\/wp\/v2\/posts\/163793\/revisions\/163815"}],"wp:attachment":[{"href":"https:\/\/kulturbloggen.com\/index.php?rest_route=%2Fwp%2Fv2%2Fmedia&parent=163793"}],"wp:term":[{"taxonomy":"category","embeddable":true,"href":"https:\/\/kulturbloggen.com\/index.php?rest_route=%2Fwp%2Fv2%2Fcategories&post=163793"},{"taxonomy":"post_tag","embeddable":true,"href":"https:\/\/kulturbloggen.com\/index.php?rest_route=%2Fwp%2Fv2%2Ftags&post=163793"}],"curies":[{"name":"wp","href":"https:\/\/api.w.org\/{rel}","templated":true}]}}