{"id":16331,"date":"2010-01-04T11:25:39","date_gmt":"2010-01-04T10:25:39","guid":{"rendered":"http:\/\/kulturbloggen.com\/?p=16331"},"modified":"2010-01-04T11:25:39","modified_gmt":"2010-01-04T10:25:39","slug":"eva-lena-jansson-en-av-fa-politiker-som-anvander-twitter-for-att-lyssna-och-inte-bara-som-megafon","status":"publish","type":"post","link":"https:\/\/kulturbloggen.com\/?p=16331","title":{"rendered":"Eva-Lena Jansson, en av f\u00e5 politiker som anv\u00e4nder Twitter f\u00f6r att lyssna och inte bara som megafon"},"content":{"rendered":"<p><img loading=\"lazy\" decoding=\"async\" src=\"http:\/\/kulturbloggen.com\/wp-content\/uploads\/2010\/01\/evalenajansson.JPG\" alt=\"evalenajansson\" title=\"evalenajansson\" width=\"220\" height=\"147\" class=\"aligncenter size-full wp-image-16332\" \/><\/p>\n<p>M\u00e5nga pratar om sociala medier och nu inf\u00f6r val\u00e5ret har alla politiska partier h\u00e4vdat att de t\u00e4nker anv\u00e4nda Internet och sociala medier mycket.<\/p>\n<p>Hmm? Fr\u00e5gan \u00e4r hur m\u00e5nga som kommer att anv\u00e4nda det p\u00e5 vettigt s\u00e4tt och inte bara som ytterligare en kanal f\u00f6r megafon-budskap?<\/p>\n<p><a href=\" http:\/\/www.svd.se\/naringsliv\/it\/sociala-medier-ny-pr-kanal_4030785.svd\">Svenska Dagbladet har kikat lite p\u00e5 hur politiker anv\u00e4nder Twitter:<\/a><\/p>\n<blockquote><p>SvD har inf\u00f6r \u00e5rets valr\u00f6relse kartlagt de svenska riksdagsledam\u00f6ternas aktiviteter p\u00e5 mikrobloggen Twitter, det just nu kanske mest omtalade sociala mediet. Flitigast av alla, r\u00e4knat i antalet \u201dtweets\u201d, allts\u00e5 uppdateringar, \u00e4r Eva-Lena Jansson (S).<\/p><\/blockquote>\n<p>Eva-Lena Jansson \u00e4r ocks\u00e5 flitig och duktig bloggare &#8211; och hon \u00e4r en av de som verkligen f\u00f6rst\u00e5tt meningen med sociala medier:<\/p>\n<blockquote><p>Eva-Lena Jansson (S) konstaterar att den som inte f\u00f6r en dialog snabbt tappar f\u00f6ljare.<\/p>\n<p>\u2013Som politiker \u00e4r man kanske van att anv\u00e4nda medier som megafon. Det funkar inte p\u00e5 Twitter, man m\u00e5ste kommunicera och svara, annars \u00e4r man k\u00f6rd.<\/p><\/blockquote>\n<p><a href=\"http:\/\/www.jmw.se\/2010\/01\/04\/politik-och-sociala-medier-valrorelsen-2010-startar\/\">Brit Stakston bloggar ocks\u00e5 om den h\u00e4r unders\u00f6kningen p\u00e5 SVD:<\/a><\/p>\n<blockquote><p>Idag \u00e4r det fortfarande s\u00e5 att politikers pressekreterare hellre tackar nej till bloggdebatter p\u00e5 Aftonbladet (med h\u00e4nvisning till att \u201cvi ska ha en chatt p\u00e5 v\u00e5r sajt n\u00e4sta vecka om n\u00e5got annat vi vill diskutera\u201d) och jobbar ihj\u00e4l sig f\u00f6r en minut i Rapport eller f\u00f6r en DN-debatt artikel. Eller kommunikationskonsulter som pga sin egen mediekonsumtion avf\u00e4rdar Twitter som tramsigt. Det finns ocks\u00e5 journalister som fortfarande \u00e4r livr\u00e4dda f\u00f6r att f\u00f6rlora sin gatekeeper-roll och d\u00e4rf\u00f6r g\u00e4rna avf\u00e4rdar sociala medier som trivialt.  Moment 22. F\u00f6r den sistn\u00e4mnda p\u00e5verkar den f\u00f6rstn\u00e4mnda och s\u00e5 g\u00e5r allt i en cirkel i gamla invanda m\u00f6nster. Men d\u00e5 har ingen av dem t\u00e4nkt p\u00e5 m\u00e5lgruppen. Allm\u00e4nheten, medborgarna, v\u00e4ljarna de st\u00e4ller fr\u00e5gor, diskuterar och l\u00e4ser om politik p\u00e5 en m\u00e4ngd nya arenor. T\u00e4nk p\u00e5 alla de flitiga diskussioner som skedde under Almedalen via Twitter d\u00e4r alldeles f\u00f6r f\u00e5 politiker deltog i de diskussionerna.<\/p><\/blockquote>\n<p><a href=\"http:\/\/twitter.com\/evalenajansson\/\">H\u00e4r hittar du Eva-Lena Jansson p\u00e5 Twitter:  http:\/\/twitter.com\/evalenajansson\/<\/a><br \/>\n<a href=\"http:\/\/evalenajansson.blogspot.com\/\">H\u00e4r hittar du hennes blogg.<\/a><\/p>\n<p><a href=\"http:\/\/blogg.svd.se\/redaktionschefsbloggen?id=17510\"><br \/>\nMartin J\u00f6nsson f\u00f6ljer upp Svenskans artikel i ett blogginl\u00e4gg<\/a>:<\/p>\n<blockquote><p>N\u00e4r svenska politiker f\u00f6rs\u00f6kt g\u00f6ra n\u00e5got liknande har det, med n\u00e5gra f\u00e5 undantag, mest handlat om att skapa en kanal att n\u00e5 ut i med ett ofiltrerat budskap. Inte om dialog, inte om interaktion, inte om mobilisering och samverkan. Vilket f\u00f6rst\u00e5s g\u00e5tt s\u00e5d\u00e4r. Mer \u00e4n en politiker har landat i den slutsats som Mona Sahlin kom fram till i somras, d\u00e5 hon &#8211; \u00e5tergivet i en <a href=\"http:\/\/www.aftonbladet.se\/debatt\/kronikorer\/sofiamirjamsdotter\/article6006897.ab\" target=\"_blank\">kr\u00f6nika av Sofia Mirjamsdotter<\/a> &#8211; sade att hon &#8221;inte tyckte att hon fick fram sitt budskap ordentligt p\u00e5 140 tecken&#8221;&#8230;<br \/>\nNej, det f\u00e5r man f\u00f6rst\u00e5s inte. Man kan inte heller r\u00e4kna med att kunna s\u00e4tta agendan och ha kontroll. Men r\u00e4tt anv\u00e4nt kan smarta politiker sj\u00e4lvklart \u00e5stadkomma mycket p\u00e5 Twitter: inte bara g\u00f6ra reklam f\u00f6r aktiviteter och egna eller partifr\u00e4nders inl\u00e4gg utan ocks\u00e5 f\u00e5nga upp samtals\u00e4mnen och &#8211; faktiskt &#8211; kommunicera direkt med folk.<\/p><\/blockquote>\n<p>Om och om igen m\u00e5ste det nog upprepas: sociala medier \u00e4r inte en kanal f\u00f6r megafoneri.<br \/>\nPolitiker, och f\u00f6r den delen journalister ocks\u00e5, m\u00e5ste v\u00e5ga t\u00e4nka att andra kan ha n\u00e5got att s\u00e4ga. De m\u00e5ste v\u00e5ga lyssna och \u00f6ppna f\u00f6r samtal.<br \/>\nF\u00f6rst d\u00e5 kommer de att bli framg\u00e5ngsrika med sociala medier.<\/p>\n<p>L\u00e4s \u00e4ven andra bloggares \u00e5sikter om <a href=\"http:\/\/bloggar.se\/om\/sociala+medier\" rel=\"tag\">sociala medier<\/a>, <a href=\"http:\/\/bloggar.se\/om\/politiker\" rel=\"tag\">politiker<\/a>, <a href=\"http:\/\/bloggar.se\/om\/twitter\" rel=\"tag\">twitter<\/a>, <a href=\"http:\/\/bloggar.se\/om\/Eva-Lena+Jansson\" rel=\"tag\">Eva-Lena Jansson<\/a><\/p>\n","protected":false},"excerpt":{"rendered":"<p>M\u00e5nga pratar om sociala medier och nu inf\u00f6r val\u00e5ret har alla politiska partier h\u00e4vdat att de t\u00e4nker anv\u00e4nda Internet och sociala medier mycket. Hmm? Fr\u00e5gan \u00e4r hur m\u00e5nga som kommer att anv\u00e4nda det p\u00e5 vettigt s\u00e4tt och inte bara som ytterligare en kanal f\u00f6r megafon-budskap? Svenska Dagbladet har kikat lite p\u00e5 hur politiker anv\u00e4nder Twitter: [&hellip;]<\/p>\n","protected":false},"author":13,"featured_media":0,"comment_status":"open","ping_status":"open","sticky":false,"template":"","format":"standard","meta":{"_genesis_hide_title":false,"_genesis_hide_breadcrumbs":false,"_genesis_hide_singular_image":false,"_genesis_hide_footer_widgets":false,"_genesis_custom_body_class":"","_genesis_custom_post_class":"","_genesis_layout":"","footnotes":""},"categories":[62],"tags":[4422,5225,6045],"class_list":{"0":"post-16331","1":"post","2":"type-post","3":"status-publish","4":"format-standard","6":"category-medie-och-kulturpolitik","7":"tag-politiker","8":"tag-sociala-medier","9":"tag-twitter","10":"entry"},"_links":{"self":[{"href":"https:\/\/kulturbloggen.com\/index.php?rest_route=\/wp\/v2\/posts\/16331","targetHints":{"allow":["GET"]}}],"collection":[{"href":"https:\/\/kulturbloggen.com\/index.php?rest_route=\/wp\/v2\/posts"}],"about":[{"href":"https:\/\/kulturbloggen.com\/index.php?rest_route=\/wp\/v2\/types\/post"}],"author":[{"embeddable":true,"href":"https:\/\/kulturbloggen.com\/index.php?rest_route=\/wp\/v2\/users\/13"}],"replies":[{"embeddable":true,"href":"https:\/\/kulturbloggen.com\/index.php?rest_route=%2Fwp%2Fv2%2Fcomments&post=16331"}],"version-history":[{"count":0,"href":"https:\/\/kulturbloggen.com\/index.php?rest_route=\/wp\/v2\/posts\/16331\/revisions"}],"wp:attachment":[{"href":"https:\/\/kulturbloggen.com\/index.php?rest_route=%2Fwp%2Fv2%2Fmedia&parent=16331"}],"wp:term":[{"taxonomy":"category","embeddable":true,"href":"https:\/\/kulturbloggen.com\/index.php?rest_route=%2Fwp%2Fv2%2Fcategories&post=16331"},{"taxonomy":"post_tag","embeddable":true,"href":"https:\/\/kulturbloggen.com\/index.php?rest_route=%2Fwp%2Fv2%2Ftags&post=16331"}],"curies":[{"name":"wp","href":"https:\/\/api.w.org\/{rel}","templated":true}]}}