{"id":163244,"date":"2023-02-08T15:44:26","date_gmt":"2023-02-08T14:44:26","guid":{"rendered":"https:\/\/kulturbloggen.com\/?p=163244"},"modified":"2023-02-08T15:44:26","modified_gmt":"2023-02-08T14:44:26","slug":"varfor-tycker-zara-larsson-att-tystnad-ar-sa-hemsk","status":"publish","type":"post","link":"https:\/\/kulturbloggen.com\/?p=163244","title":{"rendered":"Varf\u00f6r tycker Zara Larsson att tystnad \u00e4r s\u00e5 hemsk?"},"content":{"rendered":"<p><img loading=\"lazy\" decoding=\"async\" class=\"aligncenter size-full wp-image-163258\" src=\"https:\/\/kulturbloggen.com\/wp-content\/uploads\/2023\/02\/film-1668918_1920.jpg\" alt=\"\" width=\"650\" height=\"289\" srcset=\"https:\/\/kulturbloggen.com\/wp-content\/uploads\/2023\/02\/film-1668918_1920.jpg 650w, https:\/\/kulturbloggen.com\/wp-content\/uploads\/2023\/02\/film-1668918_1920-300x133.jpg 300w\" sizes=\"auto, (max-width: 650px) 100vw, 650px\" \/><\/p>\n<p>Zara Larsson, artist som g\u00e4rna sticker ut hakan, har i en video p\u00e5 Tiktok f\u00f6rklarat att bio \u00e4r till f\u00f6r de som vill prata h\u00f6gt och reagera, g\u00e4rna analysera h\u00f6gt och ljudligt. Den som vill se en film och kunna ta till sig sm\u00e5 detaljer uppmanas av henna att se filmen hemma hos sig sj\u00e4lv. Detta deklamerar Zara Larsson med en r\u00f6st som str\u00e5lar av ego.<\/p>\n<p>M\u00e5nga filmer har ljud eller olika detaljer som f\u00f6rmedlas med l\u00e5g volym eller som tittaren m\u00e5ste sitta i lugn och ro f\u00f6r att observera. Det kan tillh\u00f6ra sj\u00e4lva filmens atmosf\u00e4r att allt inte skriks ut med h\u00f6gsta volym. S\u00e5dana filmer l\u00e4r vara om\u00f6jliga att se p\u00e5 bio om man skulle r\u00e5ka vara d\u00e4r samtidigt som Zara Larsson eller hennes fans. Jag undrar: varf\u00f6r \u00e4r det s\u00e5 hemskt att se och uppleva n\u00e5got under tystnad? \u00c4r det s\u00e5 f\u00f6rf\u00e4rligt att vara tyst i knappt tv\u00e5 timmar?<\/p>\n<p>F\u00f6r alla kanske inte Zara Larsson \u00e4r j\u00e4ttek\u00e4nd \u00e4ven om hennes musik har m\u00e5nga lyssnare. S\u00e5 f\u00f6r deras k\u00e4nnedom: Hon \u00e4r f\u00f6dd 1997, bosatt utanf\u00f6r Stockholm och en svensk artist som slog igenom i TV 4:s Talang 2008.<\/p>\n<p>Nu \u00e4r Tiktok som Tiktok. D\u00e4r postas extremt korta videoklipp. I dessa korta videoklipp g\u00e5r det inte att f\u00f6ra n\u00e5got vettigt resonemang. Den som skriker h\u00f6gst vinner och tar sig igenom bruset. Den som \u00e4r mest utmanande n\u00e5r ut. \u00c4r det ett s\u00e5dant samtals- och debattklimat vi vill ha?<\/p>\n<p>Zara Larsson l\u00e4gger upp ett klipp p\u00e5 Tiktok d\u00e4r hon kategoriskt f\u00f6rklarar att den som vill se en film utan att \u00f6vriga publiken h\u00f6gt och tydligt pratar om hur de analyserar filmen &#8211; den b\u00f6r se filmen hemma hos sig sj\u00e4lv ist\u00e4llet. Jag tycker att det \u00e4r tv\u00e4rtom. Zara Larsson kan se film hemma hos sig sj\u00e4lv d\u00e4r hon kan prata hur h\u00f6gt hon vill och skrika hur mycket hon vill.<\/p>\n<p>Skr\u00e4mmande \u00e4r att Sveriges Television i Kulturnyheterna visar hennes filmklipp och tar upp det utan att l\u00e5ta det bli n\u00e5gon seri\u00f6s diskusson kring fr\u00e5gan. Ocks\u00e5 <a href=\"https:\/\/www.dn.se\/kultur\/helena-lindblad-ni-som-debatterar-zara-larssons-hysteriska-utspel-gar-ni-ens-pa-bio\/\">Dagens Nyheter<\/a> ger Zara Larsson utrymme. Jag menar, \u00e4r det ens v\u00e4rt det? Majoriteten av biopubliken \u00e4r s\u00e4kert tillr\u00e4ckligt smart f\u00f6r att f\u00f6rst\u00e5 att den som sitter och babblar h\u00f6gt kommer att missa detaljer i filmen som tillh\u00f6r helheten och f\u00f6rst\u00f6ra f\u00f6r omgivningen samtidigt.<\/p>\n<p>Fr\u00e5gan \u00e4r varf\u00f6r denna Tiktokvideo alls diskuteras? Att m\u00e4nniskor skrattar och appl\u00e5derar under film finns det knappast n\u00e5gon som ifr\u00e5gas\u00e4tter. D\u00e4remot att h\u00f6gt analysera filmen \u00e4r extremt okunnigt och ointelligent eftersom en film m\u00e5ste ses i sin helhet innan den ska analyseras.<\/p>\n<p>Men vad s\u00e4ger Zara Larssons utbrott egentligen? Det \u00e4r ett f\u00f6rf\u00e4rligt vittnesm\u00e5l om en utveckling i v\u00e5r tid d\u00e4r en liten grupp vill ta \u00f6ver och h\u00f6ras mest. Det \u00e4r ocks\u00e5 ett talande exempel p\u00e5 den okunnighet som breder ut sig d\u00e4r m\u00e4nniskor inte ens kan lyssna p\u00e5 n\u00e5got i lugn och ro. En tidsperiod d\u00e4r m\u00e5nga tydligen \u00e4r livr\u00e4dda f\u00f6r eftertanke.<\/p>\n<p>Jag utmanar Zara Larsson att f\u00f6lja med p\u00e5 en meditationsstund hos en zenbuddhistisk f\u00f6rening jag \u00e4r med i. Sitt ner i en timme och l\u00e5t tystnaden tala.<\/p>\n","protected":false},"excerpt":{"rendered":"<p>Zara Larsson, artist som g\u00e4rna sticker ut hakan, har i en video p\u00e5 Tiktok f\u00f6rklarat att bio \u00e4r till f\u00f6r de som vill prata h\u00f6gt och reagera, g\u00e4rna analysera h\u00f6gt och ljudligt. Den som vill se en film och kunna ta till sig sm\u00e5 detaljer uppmanas av henna att se filmen hemma hos sig sj\u00e4lv. [&hellip;]<\/p>\n","protected":false},"author":2,"featured_media":0,"comment_status":"closed","ping_status":"closed","sticky":false,"template":"","format":"standard","meta":{"_genesis_hide_title":false,"_genesis_hide_breadcrumbs":false,"_genesis_hide_singular_image":false,"_genesis_hide_footer_widgets":false,"_genesis_custom_body_class":"","_genesis_custom_post_class":"","_genesis_layout":"","footnotes":""},"categories":[50,44,13624],"tags":[659,14523,11336],"class_list":{"0":"post-163244","1":"post","2":"type-post","3":"status-publish","4":"format-standard","6":"category-filmfilm","7":"category-chadie","8":"category-toppnytt","9":"tag-bio","10":"tag-biosalong","11":"tag-zara-larsson","12":"entry"},"_links":{"self":[{"href":"https:\/\/kulturbloggen.com\/index.php?rest_route=\/wp\/v2\/posts\/163244","targetHints":{"allow":["GET"]}}],"collection":[{"href":"https:\/\/kulturbloggen.com\/index.php?rest_route=\/wp\/v2\/posts"}],"about":[{"href":"https:\/\/kulturbloggen.com\/index.php?rest_route=\/wp\/v2\/types\/post"}],"author":[{"embeddable":true,"href":"https:\/\/kulturbloggen.com\/index.php?rest_route=\/wp\/v2\/users\/2"}],"replies":[{"embeddable":true,"href":"https:\/\/kulturbloggen.com\/index.php?rest_route=%2Fwp%2Fv2%2Fcomments&post=163244"}],"version-history":[{"count":21,"href":"https:\/\/kulturbloggen.com\/index.php?rest_route=\/wp\/v2\/posts\/163244\/revisions"}],"predecessor-version":[{"id":163266,"href":"https:\/\/kulturbloggen.com\/index.php?rest_route=\/wp\/v2\/posts\/163244\/revisions\/163266"}],"wp:attachment":[{"href":"https:\/\/kulturbloggen.com\/index.php?rest_route=%2Fwp%2Fv2%2Fmedia&parent=163244"}],"wp:term":[{"taxonomy":"category","embeddable":true,"href":"https:\/\/kulturbloggen.com\/index.php?rest_route=%2Fwp%2Fv2%2Fcategories&post=163244"},{"taxonomy":"post_tag","embeddable":true,"href":"https:\/\/kulturbloggen.com\/index.php?rest_route=%2Fwp%2Fv2%2Ftags&post=163244"}],"curies":[{"name":"wp","href":"https:\/\/api.w.org\/{rel}","templated":true}]}}