{"id":16308,"date":"2010-01-04T03:08:06","date_gmt":"2010-01-04T02:08:06","guid":{"rendered":"http:\/\/kulturbloggen.com\/?p=16308"},"modified":"2010-01-04T03:08:06","modified_gmt":"2010-01-04T02:08:06","slug":"bonniers-ide-om-framtidens-digitala-tidskrift-video","status":"publish","type":"post","link":"https:\/\/kulturbloggen.com\/?p=16308","title":{"rendered":"Bonniers id\u00e9 om framtidens digitala tidskrift [Video]"},"content":{"rendered":"<p><a href=\"http:\/\/kulturbloggen.com\/wp-content\/uploads\/2010\/01\/bonniers.jpg\"><img loading=\"lazy\" decoding=\"async\" class=\"aligncenter size-medium wp-image-16318\" title=\"bonniers\" src=\"http:\/\/kulturbloggen.com\/wp-content\/uploads\/2010\/01\/bonniers-300x180.jpg\" alt=\"bonniers\" width=\"300\" height=\"180\" \/><\/a><br \/>\nMAG+ \u00e4r en id\u00e9 om hur den <a title=\"Bonnier R&amp;D\" href=\"http:\/\/www.bonnier.com\/en\/content\/digital-magazines-bonnier-mag-prototype\">digitala tidskriften<\/a> kan komma att se ut. Enligt Bonniers R&amp;D-blogg \u00e4r videon en presentation av konceptet och en \u00f6nskan om att f\u00e5 reaktioner och en diskussion. Det vi ser \u00e4r allts\u00e5 inte en f\u00e4rdig produkt.<\/p>\n<p>Blogginl\u00e4gget understryker att det inte \u00e4r h\u00e5rdvaran som \u00e4r intressant. M\u00e5let \u00e4r att kunna leverera tidskrifter till alla e-l\u00e4sare p\u00e5 marknaden.<\/p>\n<p>2010 l\u00e4r bli det \u00e5r vi f\u00e5r se nya e-boksl\u00e4sare och PC-plattor med peksk\u00e4rm. Det \u00e4r nog v\u00e4rt att h\u00e5lla \u00f6gonen p\u00e5 vad f\u00f6rlagen har f\u00f6r id\u00e9er och ta tillf\u00e4llet att s\u00e4ga vad vi tycker.<\/p>\n<p><a title=\"Bonnier R&amp;D p\u00e5 Flickr\" href=\"http:\/\/www.flickr.com\/photos\/bonnier_rd\/sets\/72157622918954909\/\">Mer MAG+ bilder p\u00e5 Flickr<\/a><\/p>\n<p><strong>Videon som presenterar MAG+ konceptet<\/strong><\/p>\n<p><object classid=\"clsid:d27cdb6e-ae6d-11cf-96b8-444553540000\" width=\"400\" height=\"225\" codebase=\"http:\/\/download.macromedia.com\/pub\/shockwave\/cabs\/flash\/swflash.cab#version=6,0,40,0\"><param name=\"allowfullscreen\" value=\"true\" \/><param name=\"allowscriptaccess\" value=\"always\" \/><param name=\"src\" value=\"http:\/\/vimeo.com\/moogaloop.swf?clip_id=8217311&amp;server=vimeo.com&amp;show_title=1&amp;show_byline=1&amp;show_portrait=0&amp;color=ffffff&amp;fullscreen=1\" \/><embed type=\"application\/x-shockwave-flash\" width=\"400\" height=\"225\" src=\"http:\/\/vimeo.com\/moogaloop.swf?clip_id=8217311&amp;server=vimeo.com&amp;show_title=1&amp;show_byline=1&amp;show_portrait=0&amp;color=ffffff&amp;fullscreen=1\" allowscriptaccess=\"always\" allowfullscreen=\"true\"><\/embed><\/object><\/p>\n<p><a href=\"http:\/\/vimeo.com\/8217311\">Mag+<\/a> from <a href=\"http:\/\/vimeo.com\/bonnier\">Bonnier<\/a> on <a href=\"http:\/\/vimeo.com\">Vimeo<\/a>.<\/p>\n<p><a title=\"Intressant?\" href=\"http:\/\/intressant.se\/intressant\">Intressant?<\/a> L\u00e4s \u00e4ven andra bloggares \u00e5sikter om <a rel=\"tag\" href=\"http:\/\/bloggar.se\/om\/Bonnier\">Bonnier<\/a>, <a rel=\"tag\" href=\"http:\/\/bloggar.se\/om\/MAG+\">MAG+<\/a>, <a rel=\"tag\" href=\"http:\/\/bloggar.se\/om\/e-l%E4sare\">e-l\u00e4sare<\/a>, <a rel=\"tag\" href=\"http:\/\/bloggar.se\/om\/video\">video<\/a>, <a rel=\"tag\" href=\"http:\/\/bloggar.se\/om\/tidskrift\">tidskrift<\/a>, <a rel=\"tag\" href=\"http:\/\/bloggar.se\/om\/digital+publicering\">digital publicering<\/a><\/p>\n","protected":false},"excerpt":{"rendered":"<p>MAG+ \u00e4r en id\u00e9 om hur den digitala tidskriften kan komma att se ut. Enligt Bonniers R&amp;D-blogg \u00e4r videon en presentation av konceptet och en \u00f6nskan om att f\u00e5 reaktioner och en diskussion. Det vi ser \u00e4r allts\u00e5 inte en f\u00e4rdig produkt. Blogginl\u00e4gget understryker att det inte \u00e4r h\u00e5rdvaran som \u00e4r intressant. M\u00e5let \u00e4r att [&hellip;]<\/p>\n","protected":false},"author":13,"featured_media":0,"comment_status":"open","ping_status":"open","sticky":false,"template":"","format":"standard","meta":{"_genesis_hide_title":false,"_genesis_hide_breadcrumbs":false,"_genesis_hide_singular_image":false,"_genesis_hide_footer_widgets":false,"_genesis_custom_body_class":"","_genesis_custom_post_class":"","_genesis_layout":"","footnotes":""},"categories":[20],"tags":[801,1431,3438,6230],"class_list":{"0":"post-16308","1":"post","2":"type-post","3":"status-publish","4":"format-standard","6":"category-film","7":"tag-bonnier","8":"tag-e-lasare","9":"tag-mag","10":"tag-video","11":"entry"},"_links":{"self":[{"href":"https:\/\/kulturbloggen.com\/index.php?rest_route=\/wp\/v2\/posts\/16308","targetHints":{"allow":["GET"]}}],"collection":[{"href":"https:\/\/kulturbloggen.com\/index.php?rest_route=\/wp\/v2\/posts"}],"about":[{"href":"https:\/\/kulturbloggen.com\/index.php?rest_route=\/wp\/v2\/types\/post"}],"author":[{"embeddable":true,"href":"https:\/\/kulturbloggen.com\/index.php?rest_route=\/wp\/v2\/users\/13"}],"replies":[{"embeddable":true,"href":"https:\/\/kulturbloggen.com\/index.php?rest_route=%2Fwp%2Fv2%2Fcomments&post=16308"}],"version-history":[{"count":0,"href":"https:\/\/kulturbloggen.com\/index.php?rest_route=\/wp\/v2\/posts\/16308\/revisions"}],"wp:attachment":[{"href":"https:\/\/kulturbloggen.com\/index.php?rest_route=%2Fwp%2Fv2%2Fmedia&parent=16308"}],"wp:term":[{"taxonomy":"category","embeddable":true,"href":"https:\/\/kulturbloggen.com\/index.php?rest_route=%2Fwp%2Fv2%2Fcategories&post=16308"},{"taxonomy":"post_tag","embeddable":true,"href":"https:\/\/kulturbloggen.com\/index.php?rest_route=%2Fwp%2Fv2%2Ftags&post=16308"}],"curies":[{"name":"wp","href":"https:\/\/api.w.org\/{rel}","templated":true}]}}