{"id":162877,"date":"2023-02-02T17:52:52","date_gmt":"2023-02-02T16:52:52","guid":{"rendered":"https:\/\/kulturbloggen.com\/?p=162877"},"modified":"2023-02-02T17:52:52","modified_gmt":"2023-02-02T16:52:52","slug":"filmrecension-just-animals-skarpt-men-ocksa-omsint","status":"publish","type":"post","link":"https:\/\/kulturbloggen.com\/?p=162877","title":{"rendered":"Filmrecension: Just Animals &#8211; skarpt men ocks\u00e5 \u00f6msint"},"content":{"rendered":"<p><img loading=\"lazy\" decoding=\"async\" class=\"aligncenter size-full wp-image-163049\" src=\"https:\/\/kulturbloggen.com\/wp-content\/uploads\/2023\/02\/JustAnimals.jpg\" alt=\"\" width=\"455\" height=\"650\" srcset=\"https:\/\/kulturbloggen.com\/wp-content\/uploads\/2023\/02\/JustAnimals.jpg 455w, https:\/\/kulturbloggen.com\/wp-content\/uploads\/2023\/02\/JustAnimals-210x300.jpg 210w\" sizes=\"auto, (max-width: 455px) 100vw, 455px\" \/><\/p>\n<p>Just Animals<br \/>\nBetyg 4<br \/>\nSvensk biopremi\u00e4r 3 februari 2023<br \/>\nSaila Kivel\u00e4 och Vesa Kuosmanen<\/p>\n<p>Hur p\u00e5verkas en m\u00e4nniska av att m\u00f6ta s\u00e5 mycket lidande som en djurr\u00e4ttsaktivist g\u00f6r? Det \u00e4r en av fr\u00e5gorna som denna gripande dokument\u00e4r st\u00e4ller och funderar kring. Djurr\u00e4ttsaktivisten Saila Kivel\u00e4 g\u00f6r en \u00e4rlig dokument\u00e4r om sitt liv som aktivist.<\/p>\n<p>Jag erk\u00e4nner att jag var nerv\u00f6s inf\u00f6r att se denna dokument\u00e4r d\u00e5 jag misst\u00e4nkte att den inneh\u00e5ller scener d\u00e4r vi f\u00e5r se hur fruktansv\u00e4rt illa behandlade djur \u00e4r inom mat- och p\u00e4lsindustrin. Det finns s\u00e5dana scener men de \u00e4r inte fler \u00e4n att jag klarade av att se det mesta utan att blunda. Fokus \u00e4r p\u00e5 sj\u00e4lva kampen f\u00f6r djurens r\u00e4tt och vi f\u00e5r f\u00f6lja hur aktivisterna t\u00e4nker och k\u00e4nner, vad som motiverar dem till att forts\u00e4tta k\u00e4mpa.<\/p>\n<p>Saila och hennes syster Mai \u00e4r b\u00e5da djupt engagerade f\u00f6r djurens r\u00e4tt till v\u00e4rdiga liv. Men de har valt olika s\u00e4tt att jobba f\u00f6r en v\u00e4rld d\u00e4r djuren inte uts\u00e4tts f\u00f6r detta vidriga lidande. Saila och Mai Kivel\u00e4 \u00e4r tv\u00e5 finska systrar, f\u00f6dda p\u00e5 1980talet. De \u00e4r b\u00e5da aktivister f\u00f6r djurens r\u00e4tt men efter ett tag v\u00e4ljer Mai, den \u00e4ldre systern, att arbeta inom systemet, f\u00f6rst som anst\u00e4lld p\u00e5 Greenpeace och sedan som politiker.<\/p>\n<p>Saila, som f\u00f6r \u00f6vrigt st\u00e5r kameran och medverkat b\u00e5de f\u00f6r manus och regi, v\u00e4ljer att forts\u00e4tta som aktivist. Tillsammans med Kristo Muurimaa tar hon sig in till djur p\u00e5 n\u00e4tterna och filmar deras vederv\u00e4rdiga villkor. Djur som knappt kan r\u00f6ra sig f\u00f6r att de st\u00e5r s\u00e5 tr\u00e5ngt. Grismammor som har det s\u00e5 tr\u00e5ngt med sina kultingar att hon l\u00e4gger sig p\u00e5 dem s\u00e5 de d\u00f6r. H\u00f6ns och kycklingar som har det s\u00e5 tr\u00e5ngt och smutsigt att de hackar bort sina fj\u00e4drar. Kor som lider under l\u00e5ngsam avlivning. Det \u00e4r helt sjukt, helt vansinnigt hur djuren behandlas.<\/p>\n<p>Saila st\u00e4lls inf\u00f6r r\u00e4tta tillsammans med Kristo f\u00f6r att de brutit sig in p\u00e5 b\u00f6ndernas och uppf\u00f6darnas omr\u00e5den. R\u00e4tteg\u00e5ngen uppm\u00e4rksammas stort. M\u00e5nga uppr\u00f6rs av de bilder och filmer p\u00e5 djurens lidande som Kristo och Saila filmat och det g\u00f6r att fr\u00e5gan uppm\u00e4rksammas. Men de enda som f\u00e5r skulden f\u00f6r djurens lidanden \u00e4r b\u00f6nderna, inte matindustrin eller politikerna som ansvarar f\u00f6r de lagar som finns kring djurens behandling.<\/p>\n<p>Mai f\u00e5r uppleva vissa framsteg i lagstiftningen kring hur djuren behandlas. Men det \u00e4r sm\u00e5 steg och varje framsteg kr\u00e4ver motprestationer \u00e5t producenterna och de som \u00e4ger matindustrin.<\/p>\n<p>Saila \u00e4r v\u00e4ldigt ber\u00f6rd, vilket hon ocks\u00e5 visar med m\u00e5nga t\u00e5rfyllda n\u00e4rbilder. P\u00e5 ett s\u00e4tt k\u00e4nns det \u00f6vertydligt men det \u00e4r samtidigt \u00e4rligt &#8211; och om en aktivist inte p\u00e5verkades av de hemska f\u00f6rh\u00e5llanden han eller hon m\u00f6ter skulle de vara ok\u00e4nsliga. Fr\u00e5gan \u00e4r om n\u00e5gon kan se den h\u00e4r filmen och forts\u00e4tta \u00e4ta k\u00f6tt. Det \u00e4r en skarp film men ber\u00e4ttad p\u00e5 ett \u00f6msint s\u00e4tt.<\/p>\n<p><iframe loading=\"lazy\" title=\"YouTube video player\" src=\"https:\/\/www.youtube.com\/embed\/t-FOT_1bnC0\" width=\"560\" height=\"315\" frameborder=\"0\" allowfullscreen=\"allowfullscreen\"><\/iframe><\/p>\n","protected":false},"excerpt":{"rendered":"<p>Just Animals Betyg 4 Svensk biopremi\u00e4r 3 februari 2023 Saila Kivel\u00e4 och Vesa Kuosmanen Hur p\u00e5verkas en m\u00e4nniska av att m\u00f6ta s\u00e5 mycket lidande som en djurr\u00e4ttsaktivist g\u00f6r? Det \u00e4r en av fr\u00e5gorna som denna gripande dokument\u00e4r st\u00e4ller och funderar kring. Djurr\u00e4ttsaktivisten Saila Kivel\u00e4 g\u00f6r en \u00e4rlig dokument\u00e4r om sitt liv som aktivist. Jag erk\u00e4nner [&hellip;]<\/p>\n","protected":false},"author":2,"featured_media":0,"comment_status":"closed","ping_status":"closed","sticky":false,"template":"","format":"standard","meta":{"_genesis_hide_title":false,"_genesis_hide_breadcrumbs":false,"_genesis_hide_singular_image":false,"_genesis_hide_footer_widgets":false,"_genesis_custom_body_class":"","_genesis_custom_post_class":"","_genesis_layout":"","footnotes":""},"categories":[50,51,16,20,13624],"tags":[14516,13726,1329],"class_list":{"0":"post-162877","1":"post","2":"type-post","3":"status-publish","4":"format-standard","6":"category-filmfilm","7":"category-filmer","8":"category-recension","9":"category-film","10":"category-toppnytt","11":"tag-djurens-ratt","12":"tag-djurratt","13":"tag-dokumentar","14":"entry"},"_links":{"self":[{"href":"https:\/\/kulturbloggen.com\/index.php?rest_route=\/wp\/v2\/posts\/162877","targetHints":{"allow":["GET"]}}],"collection":[{"href":"https:\/\/kulturbloggen.com\/index.php?rest_route=\/wp\/v2\/posts"}],"about":[{"href":"https:\/\/kulturbloggen.com\/index.php?rest_route=\/wp\/v2\/types\/post"}],"author":[{"embeddable":true,"href":"https:\/\/kulturbloggen.com\/index.php?rest_route=\/wp\/v2\/users\/2"}],"replies":[{"embeddable":true,"href":"https:\/\/kulturbloggen.com\/index.php?rest_route=%2Fwp%2Fv2%2Fcomments&post=162877"}],"version-history":[{"count":25,"href":"https:\/\/kulturbloggen.com\/index.php?rest_route=\/wp\/v2\/posts\/162877\/revisions"}],"predecessor-version":[{"id":163072,"href":"https:\/\/kulturbloggen.com\/index.php?rest_route=\/wp\/v2\/posts\/162877\/revisions\/163072"}],"wp:attachment":[{"href":"https:\/\/kulturbloggen.com\/index.php?rest_route=%2Fwp%2Fv2%2Fmedia&parent=162877"}],"wp:term":[{"taxonomy":"category","embeddable":true,"href":"https:\/\/kulturbloggen.com\/index.php?rest_route=%2Fwp%2Fv2%2Fcategories&post=162877"},{"taxonomy":"post_tag","embeddable":true,"href":"https:\/\/kulturbloggen.com\/index.php?rest_route=%2Fwp%2Fv2%2Ftags&post=162877"}],"curies":[{"name":"wp","href":"https:\/\/api.w.org\/{rel}","templated":true}]}}