{"id":1628,"date":"2008-09-15T05:32:22","date_gmt":"2008-09-15T05:32:22","guid":{"rendered":"http:\/\/kulturbloggen.com\/?p=1628"},"modified":"2008-09-15T05:32:22","modified_gmt":"2008-09-15T05:32:22","slug":"se-kortfilmen-som-kan-ge-fem-ars-fangelse-i-italien","status":"publish","type":"post","link":"https:\/\/kulturbloggen.com\/?p=1628","title":{"rendered":"Se kortfilmen som kan ge fem \u00e5rs f\u00e4ngelse i Italien"},"content":{"rendered":"<blockquote><p>Komiker \u00e5talad f\u00f6r p\u00e5vesk\u00e4mt<br \/>\nEn italiensk komiker riskerar att d\u00f6mas till ett l\u00e5ngt f\u00e4ngelsestraff f\u00f6r att hon har sagt att p\u00e5ven kommer att straffas i helvetet av homosexuella demoner. Enligt en lag fr\u00e5n fascistledaren Benito Mussolinis tid kan f\u00f6rol\u00e4mpning av p\u00e5ven leda till samma straff som f\u00f6rol\u00e4mpning av Italiens president, n\u00e4mligen fem \u00e5rs f\u00e4ngelse.  <a href=\"http:\/\/www.dn.se\/DNet\/jsp\/polopoly.jsp?d=2205&amp;a=827334\">K\u00e4lla DN.<\/a><\/p><\/blockquote>\n<p><a href=\"http:\/\/sodergren.com\/kulturbloggen\/wp-content\/uploads\/2008\/09\/popeinhell.jpg\"><img loading=\"lazy\" decoding=\"async\" class=\"alignright size-full wp-image-1627\" title=\"popeinhell\" src=\"http:\/\/sodergren.com\/kulturbloggen\/wp-content\/uploads\/2008\/09\/popeinhell.jpg\" alt=\"\" width=\"260\" height=\"150\" \/><\/a>L\u00e4ngre \u00e4n s\u00e5 har civilisationen inte kommit, mer f\u00f6rl\u00e5tande \u00e4r inte p\u00e5ven, \u00e4r att de inte t\u00e5l att sk\u00e4mtas om.<br \/>\nDet \u00e4r konstigt att ju m\u00e4ktigare n\u00e5gon \u00e4r, desto mindre t\u00e5l de.<\/p>\n<p>H\u00e4r en filmsnutt till st\u00f6d f\u00f6r Sabina Guzzanti som riskerar f\u00e4ngelse f\u00f6r att hon v\u00e5gade sk\u00e4mta.<\/p>\n<p><object classid=\"clsid:d27cdb6e-ae6d-11cf-96b8-444553540000\" width=\"425\" height=\"344\" codebase=\"http:\/\/download.macromedia.com\/pub\/shockwave\/cabs\/flash\/swflash.cab#version=6,0,40,0\"><param name=\"allowFullScreen\" value=\"true\" \/><param name=\"src\" value=\"http:\/\/www.youtube.com\/v\/ftlr3vmWSAg&amp;hl=en&amp;fs=1\" \/><embed type=\"application\/x-shockwave-flash\" width=\"425\" height=\"344\" src=\"http:\/\/www.youtube.com\/v\/ftlr3vmWSAg&amp;hl=en&amp;fs=1\" allowfullscreen=\"true\"><\/embed><\/object><\/p>\n<p>Fler som bloggat om p\u00e5vesk\u00e4mtet:<br \/>\n<a href=\"http:\/\/minluktaroxofisk.blogspot.com\/2008\/09\/hey-berlusconi-et-consortes.html\" target=\"_blank\">Hey, Berlusconi et consortes!<\/a><br \/>\n<a href=\"http:\/\/minluktaroxofisk.blogspot.com\/\" target=\"_blank\">Min luktar oxo fisk!<\/a><br \/>\n<a href=\"http:\/\/regum.blogspot.com\/2008\/09\/mrklig-italiensk-uppgrelse.html\" target=\"_blank\">M\u00e4rklig italiensk uppg\u00f6relse<\/a><br \/>\nUltima ratio regum<\/a><br \/>\n<a href=\"http:\/\/stentorp.wordpress.com\/2008\/09\/12\/packasna-katolikmoral-och-risperdal\" target=\"_blank\">Pack\u00e5sna, katolikmoral och Risperdal<\/a><\/p>\n<p>Andra bloggar om: <a rel=\"tag\" href=\"http:\/\/bloggar.se\/om\/religion\">religion<\/a>, <a rel=\"tag\" href=\"http:\/\/bloggar.se\/om\/komiker\">komiker<\/a>, <a rel=\"tag\" href=\"http:\/\/bloggar.se\/om\/komedi\">komedi<\/a>, <a rel=\"tag\" href=\"http:\/\/bloggar.se\/om\/p%E5ven\">p\u00e5ven<\/a>, <a rel=\"tag\" href=\"http:\/\/bloggar.se\/om\/Italien\">Italien<\/a>, <a rel=\"tag\" href=\"http:\/\/bloggar.se\/om\/b%F6g\">b\u00f6g<\/a>, <a rel=\"tag\" href=\"http:\/\/bloggar.se\/om\/helvete\">helvete<\/a>, <a rel=\"tag\" href=\"http:\/\/bloggar.se\/om\/homo\">homo<\/a>, <a rel=\"tag\" href=\"http:\/\/bloggar.se\/om\/sk%E4mt\">sk\u00e4mt<\/a>, <a rel=\"tag\" href=\"http:\/\/bloggar.se\/om\/p%E5ve\">p\u00e5ve<\/a>, <a rel=\"tag\" href=\"http:\/\/bloggar.se\/om\/katolik\">katolik<\/a><\/p>\n<p><a href='http:\/\/sodergren.com\/kulturbloggen\/wp-content\/uploads\/2008\/09\/popeinhell125.jpg'><img loading=\"lazy\" decoding=\"async\" src=\"http:\/\/sodergren.com\/kulturbloggen\/wp-content\/uploads\/2008\/09\/popeinhell125.jpg\" alt=\"\" title=\"popeinhell125\" width=\"125\" height=\"250\" class=\"alignnone size-medium wp-image-1629\" \/><\/a><\/p>\n","protected":false},"excerpt":{"rendered":"<p>Komiker \u00e5talad f\u00f6r p\u00e5vesk\u00e4mt En italiensk komiker riskerar att d\u00f6mas till ett l\u00e5ngt f\u00e4ngelsestraff f\u00f6r att hon har sagt att p\u00e5ven kommer att straffas i helvetet av homosexuella demoner. Enligt en lag fr\u00e5n fascistledaren Benito Mussolinis tid kan f\u00f6rol\u00e4mpning av p\u00e5ven leda till samma straff som f\u00f6rol\u00e4mpning av Italiens president, n\u00e4mligen fem \u00e5rs f\u00e4ngelse. K\u00e4lla [&hellip;]<\/p>\n","protected":false},"author":2,"featured_media":0,"comment_status":"open","ping_status":"open","sticky":false,"template":"","format":"standard","meta":{"_genesis_hide_title":false,"_genesis_hide_breadcrumbs":false,"_genesis_hide_singular_image":false,"_genesis_hide_footer_widgets":false,"_genesis_custom_body_class":"","_genesis_custom_post_class":"","_genesis_layout":"","footnotes":""},"categories":[20],"tags":[4710,6230],"class_list":{"0":"post-1628","1":"post","2":"type-post","3":"status-publish","4":"format-standard","6":"category-film","7":"tag-religion","8":"tag-video","9":"entry"},"_links":{"self":[{"href":"https:\/\/kulturbloggen.com\/index.php?rest_route=\/wp\/v2\/posts\/1628","targetHints":{"allow":["GET"]}}],"collection":[{"href":"https:\/\/kulturbloggen.com\/index.php?rest_route=\/wp\/v2\/posts"}],"about":[{"href":"https:\/\/kulturbloggen.com\/index.php?rest_route=\/wp\/v2\/types\/post"}],"author":[{"embeddable":true,"href":"https:\/\/kulturbloggen.com\/index.php?rest_route=\/wp\/v2\/users\/2"}],"replies":[{"embeddable":true,"href":"https:\/\/kulturbloggen.com\/index.php?rest_route=%2Fwp%2Fv2%2Fcomments&post=1628"}],"version-history":[{"count":0,"href":"https:\/\/kulturbloggen.com\/index.php?rest_route=\/wp\/v2\/posts\/1628\/revisions"}],"wp:attachment":[{"href":"https:\/\/kulturbloggen.com\/index.php?rest_route=%2Fwp%2Fv2%2Fmedia&parent=1628"}],"wp:term":[{"taxonomy":"category","embeddable":true,"href":"https:\/\/kulturbloggen.com\/index.php?rest_route=%2Fwp%2Fv2%2Fcategories&post=1628"},{"taxonomy":"post_tag","embeddable":true,"href":"https:\/\/kulturbloggen.com\/index.php?rest_route=%2Fwp%2Fv2%2Ftags&post=1628"}],"curies":[{"name":"wp","href":"https:\/\/api.w.org\/{rel}","templated":true}]}}