{"id":16216,"date":"2009-12-30T14:52:55","date_gmt":"2009-12-30T13:52:55","guid":{"rendered":"http:\/\/kulturbloggen.com\/?p=16216"},"modified":"2009-12-30T14:52:55","modified_gmt":"2009-12-30T13:52:55","slug":"herlitz-arets-lagvattenmarke","status":"publish","type":"post","link":"https:\/\/kulturbloggen.com\/?p=16216","title":{"rendered":"Herlitz \u00e5rets l\u00e5gvattenm\u00e4rke"},"content":{"rendered":"<p><a href=\"http:\/\/kulturbloggen.com\/wp-content\/uploads\/2009\/12\/dagensnyheter.jpg\"><img loading=\"lazy\" decoding=\"async\" src=\"http:\/\/kulturbloggen.com\/wp-content\/uploads\/2009\/12\/dagensnyheter-300x196.jpg\" alt=\"dagensnyheter\" title=\"dagensnyheter\" width=\"300\" height=\"196\" class=\"aligncenter size-medium wp-image-16221\" \/><\/a><br \/>\n<a href=\" http:\/\/www.second-opinion.se\/so\/view\/938\">Herlitz \u00e5rets l\u00e5gvattenm\u00e4rke, det var rubriken p\u00e5 den \u00e5rskr\u00f6nika \u00f6ver medier som jag skrev f\u00f6r Second Opinion<\/a>. De senaste dagarnas h\u00e4ndelser har liksom bara f\u00f6rst\u00e4rkt de farh\u00e5gor jag har om att DN f\u00e5tt en chef vid rodret som kommer att styra bort den stora morgontidningen fr\u00e5n dess dominerande plats i den svenska debatt- och mediev\u00e4rlden.<\/p>\n<p>\u2013 Gunilla Herlitz \u00e4r uppenbarligen dum i huvet, <a href=\"http:\/\/twitter.com\/IsobelsVerkstad\">skriver Isobel Hadley-Kamptz p\u00e5 Twitter<\/a>.<\/p>\n<p>Hon syftar framf\u00f6r allt p\u00e5 h\u00e4ndelsen d\u00e4r en frilansare skrev raljande \u00f6ver kl\u00e4nningar p\u00e5 Nobelfesten i en artikel i DN. Frilansjournalisten blev efter den artikel f\u00f6rklarad icke-\u00f6nskv\u00e4rd p\u00e5 Dagens Nyheter.<\/p>\n<p>Det \u00e4r verkligen skumt. En chef f\u00f6r en tidning, som ju Gunlla Herlitz \u00e4r, ansvarar \u00f6ver allt i tidningen. Har det slunkit igenom en artikel som inte \u00e4r bra: d\u00e5 \u00e4r det chefen som missat n\u00e4r han\/hon ska granska tidningen. Chefen ska inte skylla p\u00e5 sina medarbetare, det \u00e4r b\u00e5de fegt och oanst\u00e4ndigt. Chefen ska l\u00e4sa allt, eller sj\u00e4lv ta sm\u00e4llen. Det \u00e4r den ansvarige utgivarens uppgift och det har han\/hon j\u00e4vligt bra betalt f\u00f6r.<\/p>\n<p>Relaterade artiklar: <a href=\"http:\/\/www.resume.se\/nyheter\/2009\/12\/22\/expressens-ledarskribent-h\/\">Resum\u00e9 1<\/a> och <a href=\"http:\/\/www.resume.se\/nyheter\/2009\/12\/22\/sparkad-fran-dn\/index.xml\">Resum\u00e9 2<\/a>.<br \/>\nRelaterade bloggar: <a href=\"http:\/\/betaalfa.polymono.net\/2009\/12\/30\/noterat-2009-12-30\/\">BetaAlfa<\/a>, <a href=\"http:\/\/lotta.svenskdam.se\/2009\/12\/kungligt-nobelmode-ett-kansligt-amne\/\">Svenska Dam<\/a>, <a href=\"http:\/\/lilaclisa.blogspot.com\/2009\/12\/lagt-dn.html\">Lisa B<\/a>, <a href=\"http:\/\/emanuelalvarez.se\/?p=118\">Emanuel Alvarez<\/a> och <a href=\"http:\/\/carjamming.blogspot.com\/2009\/12\/kritik-av-det-smutsiga-fornuftet.html\">SAPE<\/a>.<\/p>\n<p>L\u00e4s \u00e4ven andra bloggares \u00e5sikter om <a href=\"http:\/\/bloggar.se\/om\/Dagens+Nyheter\" rel=\"tag\">Dagens Nyheter<\/a>, <a href=\"http:\/\/bloggar.se\/om\/journalistik\" rel=\"tag\">journalistik<\/a>, <a href=\"http:\/\/bloggar.se\/om\/medier\" rel=\"tag\">medier<\/a>, <a href=\"http:\/\/bloggar.se\/om\/Herlitz\" rel=\"tag\">Herlitz<\/a>, <a href=\"http:\/\/bloggar.se\/om\/kl%E4nningar\" rel=\"tag\">kl\u00e4nningar<\/a>, <a href=\"http:\/\/bloggar.se\/om\/Nobelmiddag\" rel=\"tag\">Nobelmiddag<\/a>, <a href=\"http:\/\/bloggar.se\/om\/frilansare\" rel=\"tag\">frilansare<\/a><\/p>\n","protected":false},"excerpt":{"rendered":"<p>Herlitz \u00e5rets l\u00e5gvattenm\u00e4rke, det var rubriken p\u00e5 den \u00e5rskr\u00f6nika \u00f6ver medier som jag skrev f\u00f6r Second Opinion. De senaste dagarnas h\u00e4ndelser har liksom bara f\u00f6rst\u00e4rkt de farh\u00e5gor jag har om att DN f\u00e5tt en chef vid rodret som kommer att styra bort den stora morgontidningen fr\u00e5n dess dominerande plats i den svenska debatt- och mediev\u00e4rlden. [&hellip;]<\/p>\n","protected":false},"author":2,"featured_media":0,"comment_status":"open","ping_status":"open","sticky":false,"template":"","format":"standard","meta":{"_genesis_hide_title":false,"_genesis_hide_breadcrumbs":false,"_genesis_hide_singular_image":false,"_genesis_hide_footer_widgets":false,"_genesis_custom_body_class":"","_genesis_custom_post_class":"","_genesis_layout":"","footnotes":""},"categories":[62],"tags":[1096,2765,3582],"class_list":{"0":"post-16216","1":"post","2":"type-post","3":"status-publish","4":"format-standard","6":"category-medie-och-kulturpolitik","7":"tag-dagens-nyheter","8":"tag-journalistik","9":"tag-medier","10":"entry"},"_links":{"self":[{"href":"https:\/\/kulturbloggen.com\/index.php?rest_route=\/wp\/v2\/posts\/16216","targetHints":{"allow":["GET"]}}],"collection":[{"href":"https:\/\/kulturbloggen.com\/index.php?rest_route=\/wp\/v2\/posts"}],"about":[{"href":"https:\/\/kulturbloggen.com\/index.php?rest_route=\/wp\/v2\/types\/post"}],"author":[{"embeddable":true,"href":"https:\/\/kulturbloggen.com\/index.php?rest_route=\/wp\/v2\/users\/2"}],"replies":[{"embeddable":true,"href":"https:\/\/kulturbloggen.com\/index.php?rest_route=%2Fwp%2Fv2%2Fcomments&post=16216"}],"version-history":[{"count":0,"href":"https:\/\/kulturbloggen.com\/index.php?rest_route=\/wp\/v2\/posts\/16216\/revisions"}],"wp:attachment":[{"href":"https:\/\/kulturbloggen.com\/index.php?rest_route=%2Fwp%2Fv2%2Fmedia&parent=16216"}],"wp:term":[{"taxonomy":"category","embeddable":true,"href":"https:\/\/kulturbloggen.com\/index.php?rest_route=%2Fwp%2Fv2%2Fcategories&post=16216"},{"taxonomy":"post_tag","embeddable":true,"href":"https:\/\/kulturbloggen.com\/index.php?rest_route=%2Fwp%2Fv2%2Ftags&post=16216"}],"curies":[{"name":"wp","href":"https:\/\/api.w.org\/{rel}","templated":true}]}}