{"id":1621,"date":"2008-09-14T19:43:58","date_gmt":"2008-09-14T19:43:58","guid":{"rendered":"http:\/\/kulturbloggen.com\/?p=1621"},"modified":"2008-09-14T19:43:58","modified_gmt":"2008-09-14T19:43:58","slug":"det-racker-nu-att-hogerregeringen-accepterar-samarbete-med-diktaturer-ar-oforlatligt","status":"publish","type":"post","link":"https:\/\/kulturbloggen.com\/?p=1621","title":{"rendered":"Det r\u00e4cker nu: Att h\u00f6gerregeringen accepterar samarbete med diktaturer \u00e4r of\u00f6rl\u00e5tligt"},"content":{"rendered":"<p><a href='http:\/\/sodergren.com\/kulturbloggen\/wp-content\/uploads\/2008\/09\/carlbildt125.jpg'><img loading=\"lazy\" decoding=\"async\" src=\"http:\/\/sodergren.com\/kulturbloggen\/wp-content\/uploads\/2008\/09\/carlbildt125.jpg\" alt=\"\" title=\"carlbildt125\" width=\"125\" height=\"250\" class=\"alignright size-full wp-image-1622\" \/><\/a>Sveriges underr\u00e4ttelsetj\u00e4nster \u2013 med FRA i spetsen \u2013 samarbetar med diktaturer. Det har den svenske utrikesministern i h\u00f6gerregeringen bekr\u00e4ftat i tv i dag.<\/p>\n<p>Ja, det \u00e4r skandal. Det \u00e4r of\u00f6rl\u00e5tligt. Det \u00e4r n\u00e5got vi m\u00e5ste sk\u00e4mmas \u00f6ver. Det \u00e4r ett \u00f6vergrepp. Det \u00e4r vidrigt.<\/p>\n<p>Och att Carl Bild och Fredrik Reinfeldt inte ens verkar sk\u00e4mmas \u00f6ver det.<\/p>\n<p>Manifestationen och samlingen den 16 september mot FRA-lagen blir viktigare \u00e4n n\u00e5gonsin. Det r\u00e4cker nu.<\/p>\n<p>Svenska folket och hela v\u00e4rlden avlyssnas, utan att ha beg\u00e5tt n\u00e5got brott. Och dessa uppgifter kan bytas med diktaturer.<\/p>\n<p>Det \u00e4r v\u00e4rre \u00e4n en mardr\u00f6m.<\/p>\n<p><a href=\"http:\/\/www.aftonbladet.se\/nyheter\/fralagen\/article3316671.ab\">Aftonbladet<\/a>:<\/p>\n<blockquote><p>Utrikesminister Carl Bildt tycks dock ha en annan bild av l\u00e4get:<\/p>\n<p>\u2013 Det ska vara till nytta f\u00f6r Sverige, svarar han \u2013 och utesluter inte samarbeten med diktaturer.<br \/>\nFRA:s information sprids<\/p>\n<p>\u2013 Det f\u00f6rekommer s\u00e4kert. Det kan s\u00e4kert intr\u00e4ffa att vi har anledning att utbyta information med n\u00e5gon, men detta sker mycket strikt i s\u00e5dana fall, s\u00e4ger Carl Bildt till Rapport. <\/p><\/blockquote>\n<p><a href=\"http:\/\/www.svd.se\/nyheter\/inrikes\/artikel_1721477.svd\">Svenska Dagbladet<\/a>:<\/p>\n<blockquote><p>FRA f\u00e5r byta insamlad information inte bara med EU-l\u00e4nder utan \u00e4ven med diktaturer. Det s\u00e4ger utrikesminister Carl Bildt i en dokument\u00e4r som Sveriges television s\u00e4nder p\u00e5 s\u00f6ndagskv\u00e4llen.<\/p><\/blockquote>\n<p><a href=\"http:\/\/sydsvenskan.se\/sverige\/article368003\/Oklart-om-FRAs-utlandska-samarbete.html\">Sydsvenskan:<\/a><\/p>\n<blockquote><p> F\u00f6rsvarets radioanstalts (FRA) informationsbyte \u00e4r med demokratiska l\u00e4nder s\u00e4ger FRA-chefen Ingvar \u00c5kesson. Men p\u00e5 fr\u00e5gan om det sker med diktaturer svarar utrikesminister Carl Bildt att det \u201df\u00f6rekommer s\u00e4kert\u201d.<\/p><\/blockquote>\n<p><a href=\"http:\/\/blogg.svansbo.se\/2008\/09\/14\/fra-diktaturer-sant\/\">Poph\u00f6ger har ocks\u00e5 bloggat om det<\/a>, <a href=\"http:\/\/wadstrom.blogspot.com\/2008\/09\/fra-numer-ss-sljer-info-till-diktaturer.html\">liksom Bj\u00f6rn Wadstr\u00f6m.<\/a><\/p>\n<p><a href=\"http:\/\/carlbildt.wordpress.com\/\">\u00c4nnu s\u00e5 l\u00e4nge har Carl Bildt inte kommenterat sitt uttalande i sin blogg<\/a>, men f\u00f6rhoppningsvis kommer det n\u00e5got under morgondagen, eller i kv\u00e4ll. Det \u00e4r bra att han inte m\u00f6rkade, utan faktiskt kunde medge hur det \u00e4r. Men m\u00f6rker r\u00e5der i Sverige att utrikesministern inte inser hur illa det \u00e4r att en civil myndighet kan t\u00e4nkas samarbeta med diktaturer med s\u00e5 k\u00e4nsliga saker som insamlad hemlig information. Skamligt \u00e4r det.<\/p>\n<p>Relaterat: <a href=\"http:\/\/www.dn.se\/DNet\/jsp\/polopoly.jsp?d=1042&#038;a=828220\">Dagens Nyheter 1<\/a><br \/>\n<a href=\"http:\/\/www.dn.se\/DNet\/jsp\/polopoly.jsp?d=1042&#038;a=828253\">Dagens Nyheter 2<\/a><\/p>\n<p><object width=\"416\" height=\"258\"><param name=\"movie\" value=\"http:\/\/svt.se\/embededflash\/91198\/1246424\/play.swf\"><\/param><param name=\"wmode\" value=\"transparent\"><\/param><param name=\"allowfullscreen\" value=\"true\"><\/param><param name=\"allowScriptAccess\" value=\"always\"><\/param><embed src=\"http:\/\/svt.se\/embededflash\/91198\/1246424\/play.swf\" type=\"application\/x-shockwave-flash\" wmode=\"transparent\" allowfullscreen=\"true\" allowScriptAccess=\"always\" width=\"416\" height=\"258\"><\/embed><\/object><\/p>\n<p>Andra bloggar om: <a href=\"http:\/\/bloggar.se\/om\/FRA\" rel=\"tag\">FRA<\/a>, <a href=\"http:\/\/bloggar.se\/om\/l+avlyssning\" rel=\"tag\">l avlyssning<\/a>, <a href=\"http:\/\/bloggar.se\/om\/h%F6gerregeringen\" rel=\"tag\">h\u00f6gerregeringen<\/a>, <a href=\"http:\/\/bloggar.se\/om\/Bildt\" rel=\"tag\">Bildt<\/a>, <a href=\"http:\/\/bloggar.se\/om\/Reinfeldt\" rel=\"tag\">Reinfeldt<\/a>, <a href=\"http:\/\/bloggar.se\/om\/%F6vervakning\" rel=\"tag\">\u00f6vervakning<\/a>, <a href=\"http:\/\/bloggar.se\/om\/FRA-lagen\" rel=\"tag\">FRA-lagen<\/a>, <a href=\"http:\/\/bloggar.se\/om\/storebror\" rel=\"tag\">storebror<\/a>, <a href=\"http:\/\/bloggar.se\/om\/diktatur\" rel=\"tag\">diktatur<\/a><\/p>\n","protected":false},"excerpt":{"rendered":"<p>Sveriges underr\u00e4ttelsetj\u00e4nster \u2013 med FRA i spetsen \u2013 samarbetar med diktaturer. Det har den svenske utrikesministern i h\u00f6gerregeringen bekr\u00e4ftat i tv i dag. Ja, det \u00e4r skandal. Det \u00e4r of\u00f6rl\u00e5tligt. Det \u00e4r n\u00e5got vi m\u00e5ste sk\u00e4mmas \u00f6ver. Det \u00e4r ett \u00f6vergrepp. Det \u00e4r vidrigt. Och att Carl Bild och Fredrik Reinfeldt inte ens verkar sk\u00e4mmas [&hellip;]<\/p>\n","protected":false},"author":2,"featured_media":0,"comment_status":"open","ping_status":"open","sticky":false,"template":"","format":"standard","meta":{"_genesis_hide_title":false,"_genesis_hide_breadcrumbs":false,"_genesis_hide_singular_image":false,"_genesis_hide_footer_widgets":false,"_genesis_custom_body_class":"","_genesis_custom_post_class":"","_genesis_layout":"","footnotes":""},"categories":[20],"tags":[1852,2385],"class_list":{"0":"post-1621","1":"post","2":"type-post","3":"status-publish","4":"format-standard","6":"category-film","7":"tag-fra-avlyssning","8":"tag-hogerregeringen","9":"entry"},"_links":{"self":[{"href":"https:\/\/kulturbloggen.com\/index.php?rest_route=\/wp\/v2\/posts\/1621","targetHints":{"allow":["GET"]}}],"collection":[{"href":"https:\/\/kulturbloggen.com\/index.php?rest_route=\/wp\/v2\/posts"}],"about":[{"href":"https:\/\/kulturbloggen.com\/index.php?rest_route=\/wp\/v2\/types\/post"}],"author":[{"embeddable":true,"href":"https:\/\/kulturbloggen.com\/index.php?rest_route=\/wp\/v2\/users\/2"}],"replies":[{"embeddable":true,"href":"https:\/\/kulturbloggen.com\/index.php?rest_route=%2Fwp%2Fv2%2Fcomments&post=1621"}],"version-history":[{"count":0,"href":"https:\/\/kulturbloggen.com\/index.php?rest_route=\/wp\/v2\/posts\/1621\/revisions"}],"wp:attachment":[{"href":"https:\/\/kulturbloggen.com\/index.php?rest_route=%2Fwp%2Fv2%2Fmedia&parent=1621"}],"wp:term":[{"taxonomy":"category","embeddable":true,"href":"https:\/\/kulturbloggen.com\/index.php?rest_route=%2Fwp%2Fv2%2Fcategories&post=1621"},{"taxonomy":"post_tag","embeddable":true,"href":"https:\/\/kulturbloggen.com\/index.php?rest_route=%2Fwp%2Fv2%2Ftags&post=1621"}],"curies":[{"name":"wp","href":"https:\/\/api.w.org\/{rel}","templated":true}]}}