{"id":161958,"date":"2023-01-11T10:16:04","date_gmt":"2023-01-11T09:16:04","guid":{"rendered":"https:\/\/kulturbloggen.com\/?p=161958"},"modified":"2023-01-11T10:16:05","modified_gmt":"2023-01-11T09:16:05","slug":"film-och-panelsamtal-om-hur-ser-djurskyddet-ut-i-sverige","status":"publish","type":"post","link":"https:\/\/kulturbloggen.com\/?p=161958","title":{"rendered":"Film och panelsamtal om: Hur ser djurskyddet ut i Sverige?"},"content":{"rendered":"<p><img loading=\"lazy\" decoding=\"async\" class=\"aligncenter size-full wp-image-161960\" src=\"https:\/\/kulturbloggen.com\/wp-content\/uploads\/2023\/01\/JUST-ANIMALS-UPDATE.jpg\" alt=\"\" width=\"640\" height=\"401\" srcset=\"https:\/\/kulturbloggen.com\/wp-content\/uploads\/2023\/01\/JUST-ANIMALS-UPDATE.jpg 640w, https:\/\/kulturbloggen.com\/wp-content\/uploads\/2023\/01\/JUST-ANIMALS-UPDATE-300x188.jpg 300w\" sizes=\"auto, (max-width: 640px) 100vw, 640px\" \/><\/p>\n<p>Hur ser djurskyddet ut i Sverige och hur behandlas djuren egentligen? Filmen Just Animals tar upp fr\u00e5gor kring detta.  Tisdagen den 24 januari arrangeras en f\u00f6rhandsvisning av dokument\u00e4ren JUST ANIMALS f\u00f6ljt av ett panelsamtal om Sveriges djurskydd med Camilla Bergvall (riksordf\u00f6rande Djurens R\u00e4tt), Rebecka Le Moine (MP) och Lina Gustafsson (f\u00f6rfattare och veterin\u00e4r) modererat av Andrea Reuter.<\/p>\n<p>Evenemanget \u00e4ger rum p\u00e5 Folkets Hus Hallunda, d\u00f6rrarna \u00f6ppnar 17.30 och det bjuds p\u00e5 sm\u00f6rg\u00e5s och kaffe\/te f\u00f6re filmen<\/p>\n<p>N\u00e4r: Tisdag 24 januari 2023, kl.18.00 (d\u00f6rrarna \u00f6ppnas 17.30)<br \/>\nVar: Folkets Hus Hallunda, Borgv\u00e4gen 1, 145 69 Norsborg<br \/>\nR\u00f6da linjen mot Norsborg &#8211; Station: Hallunda<br \/>\nPris: 100kr<\/p>\n","protected":false},"excerpt":{"rendered":"<p>Hur ser djurskyddet ut i Sverige och hur behandlas djuren egentligen? Filmen Just Animals tar upp fr\u00e5gor kring detta. Tisdagen den 24 januari arrangeras en f\u00f6rhandsvisning av dokument\u00e4ren JUST ANIMALS f\u00f6ljt av ett panelsamtal om Sveriges djurskydd med Camilla Bergvall (riksordf\u00f6rande Djurens R\u00e4tt), Rebecka Le Moine (MP) och Lina Gustafsson (f\u00f6rfattare och veterin\u00e4r) modererat av [&hellip;]<\/p>\n","protected":false},"author":13,"featured_media":0,"comment_status":"closed","ping_status":"closed","sticky":false,"template":"","format":"standard","meta":{"_genesis_hide_title":false,"_genesis_hide_breadcrumbs":false,"_genesis_hide_singular_image":false,"_genesis_hide_footer_widgets":false,"_genesis_custom_body_class":"","_genesis_custom_post_class":"","_genesis_layout":"","footnotes":""},"categories":[62,13624],"tags":[14499,1927,4244],"class_list":{"0":"post-161958","1":"post","2":"type-post","3":"status-publish","4":"format-standard","6":"category-medie-och-kulturpolitik","7":"category-toppnytt","8":"tag-djurskydd","9":"tag-forhandsvisning","10":"tag-paneldebatt","11":"entry"},"_links":{"self":[{"href":"https:\/\/kulturbloggen.com\/index.php?rest_route=\/wp\/v2\/posts\/161958","targetHints":{"allow":["GET"]}}],"collection":[{"href":"https:\/\/kulturbloggen.com\/index.php?rest_route=\/wp\/v2\/posts"}],"about":[{"href":"https:\/\/kulturbloggen.com\/index.php?rest_route=\/wp\/v2\/types\/post"}],"author":[{"embeddable":true,"href":"https:\/\/kulturbloggen.com\/index.php?rest_route=\/wp\/v2\/users\/13"}],"replies":[{"embeddable":true,"href":"https:\/\/kulturbloggen.com\/index.php?rest_route=%2Fwp%2Fv2%2Fcomments&post=161958"}],"version-history":[{"count":3,"href":"https:\/\/kulturbloggen.com\/index.php?rest_route=\/wp\/v2\/posts\/161958\/revisions"}],"predecessor-version":[{"id":161963,"href":"https:\/\/kulturbloggen.com\/index.php?rest_route=\/wp\/v2\/posts\/161958\/revisions\/161963"}],"wp:attachment":[{"href":"https:\/\/kulturbloggen.com\/index.php?rest_route=%2Fwp%2Fv2%2Fmedia&parent=161958"}],"wp:term":[{"taxonomy":"category","embeddable":true,"href":"https:\/\/kulturbloggen.com\/index.php?rest_route=%2Fwp%2Fv2%2Fcategories&post=161958"},{"taxonomy":"post_tag","embeddable":true,"href":"https:\/\/kulturbloggen.com\/index.php?rest_route=%2Fwp%2Fv2%2Ftags&post=161958"}],"curies":[{"name":"wp","href":"https:\/\/api.w.org\/{rel}","templated":true}]}}