{"id":16192,"date":"2009-12-28T11:52:07","date_gmt":"2009-12-28T10:52:07","guid":{"rendered":"http:\/\/kulturbloggen.com\/?p=16192"},"modified":"2009-12-28T11:52:07","modified_gmt":"2009-12-28T10:52:07","slug":"min-arskronika-sminkblogg-i-dn-kanns-verkligen-fel","status":"publish","type":"post","link":"https:\/\/kulturbloggen.com\/?p=16192","title":{"rendered":"Min \u00e5rskr\u00f6nika: Sminkblogg i DN k\u00e4nns verkligen fel"},"content":{"rendered":"<p><a href=\"http:\/\/kulturbloggen.com\/wp-content\/uploads\/2009\/12\/secondopinion.jpg\"><img loading=\"lazy\" decoding=\"async\" src=\"http:\/\/kulturbloggen.com\/wp-content\/uploads\/2009\/12\/secondopinion.jpg\" alt=\"secondopinion\" title=\"secondopinion\" width=\"300\" height=\"224\" class=\"aligncenter size-full wp-image-16193\" \/><\/a><br \/>\nEn \u00e5rskr\u00f6nika, eller en slags kortare fundering, kring och om medier, sociala och traditionella, p\u00e5 den svenska marknaden, som jag skrivit: finns nu att l\u00e4sa p\u00e5 Second Opinion.<\/p>\n<p>Den har f\u00e5tt rubriken: Herlitz \u00e5rets l\u00e5gvattenm\u00e4rke<br \/>\noch underrubriken:<br \/>\n&#8221;Sminkblogg i DN k\u00e4nns verkligen fel&#8221;.<\/p>\n<p>Rubriken har tagit fr\u00e5n f\u00f6ljade passus i min \u00e5rskr\u00f6nika:<\/p>\n<blockquote><p>\u00c5rets l\u00e5gvattenm\u00e4rke inom medier 2009 \u00e4r den nytilltr\u00e4dde DN-chefen Gunilla Herlitz. Hon startade direkt med att sk\u00e4ra ned p\u00e5 webben och att \u00f6ppet och tydligt deklarera att skiljelinjen mellan papperstidningen och webben ska bli \u00e4nnu st\u00f6rre. Papperstidningen och webben ska samarbeta \u00e4nnu mindre.<\/p><\/blockquote>\n<p><a href=\"http:\/\/www.second-opinion.se\/so\/view\/938\">Du kan l\u00e4sa den i sin helhet h\u00e4r.<\/a><\/p>\n<p>L\u00e4s \u00e4ven andra bloggares \u00e5sikter om <a href=\"http:\/\/bloggar.se\/om\/%E5rskr%F6nika\" rel=\"tag\">\u00e5rskr\u00f6nika<\/a>, <a href=\"http:\/\/bloggar.se\/om\/medier\" rel=\"tag\">medier<\/a>, <a href=\"http:\/\/bloggar.se\/om\/journalistik\" rel=\"tag\">journalistik<\/a>, <a href=\"http:\/\/bloggar.se\/om\/sminkblogg\" rel=\"tag\">sminkblogg<\/a>, <a href=\"http:\/\/bloggar.se\/om\/Dagens+Nyheter\" rel=\"tag\">Dagens Nyheter<\/a><\/p>\n","protected":false},"excerpt":{"rendered":"<p>En \u00e5rskr\u00f6nika, eller en slags kortare fundering, kring och om medier, sociala och traditionella, p\u00e5 den svenska marknaden, som jag skrivit: finns nu att l\u00e4sa p\u00e5 Second Opinion. Den har f\u00e5tt rubriken: Herlitz \u00e5rets l\u00e5gvattenm\u00e4rke och underrubriken: &#8221;Sminkblogg i DN k\u00e4nns verkligen fel&#8221;. Rubriken har tagit fr\u00e5n f\u00f6ljade passus i min \u00e5rskr\u00f6nika: \u00c5rets l\u00e5gvattenm\u00e4rke inom [&hellip;]<\/p>\n","protected":false},"author":2,"featured_media":0,"comment_status":"open","ping_status":"open","sticky":false,"template":"","format":"standard","meta":{"_genesis_hide_title":false,"_genesis_hide_breadcrumbs":false,"_genesis_hide_singular_image":false,"_genesis_hide_footer_widgets":false,"_genesis_custom_body_class":"","_genesis_custom_post_class":"","_genesis_layout":"","footnotes":""},"categories":[62],"tags":[6515,2765,3582],"class_list":{"0":"post-16192","1":"post","2":"type-post","3":"status-publish","4":"format-standard","6":"category-medie-och-kulturpolitik","7":"tag-arskronika","8":"tag-journalistik","9":"tag-medier","10":"entry"},"_links":{"self":[{"href":"https:\/\/kulturbloggen.com\/index.php?rest_route=\/wp\/v2\/posts\/16192","targetHints":{"allow":["GET"]}}],"collection":[{"href":"https:\/\/kulturbloggen.com\/index.php?rest_route=\/wp\/v2\/posts"}],"about":[{"href":"https:\/\/kulturbloggen.com\/index.php?rest_route=\/wp\/v2\/types\/post"}],"author":[{"embeddable":true,"href":"https:\/\/kulturbloggen.com\/index.php?rest_route=\/wp\/v2\/users\/2"}],"replies":[{"embeddable":true,"href":"https:\/\/kulturbloggen.com\/index.php?rest_route=%2Fwp%2Fv2%2Fcomments&post=16192"}],"version-history":[{"count":0,"href":"https:\/\/kulturbloggen.com\/index.php?rest_route=\/wp\/v2\/posts\/16192\/revisions"}],"wp:attachment":[{"href":"https:\/\/kulturbloggen.com\/index.php?rest_route=%2Fwp%2Fv2%2Fmedia&parent=16192"}],"wp:term":[{"taxonomy":"category","embeddable":true,"href":"https:\/\/kulturbloggen.com\/index.php?rest_route=%2Fwp%2Fv2%2Fcategories&post=16192"},{"taxonomy":"post_tag","embeddable":true,"href":"https:\/\/kulturbloggen.com\/index.php?rest_route=%2Fwp%2Fv2%2Ftags&post=16192"}],"curies":[{"name":"wp","href":"https:\/\/api.w.org\/{rel}","templated":true}]}}