{"id":160878,"date":"2022-12-16T10:37:40","date_gmt":"2022-12-16T09:37:40","guid":{"rendered":"https:\/\/kulturbloggen.com\/?p=160878"},"modified":"2022-12-16T10:37:40","modified_gmt":"2022-12-16T09:37:40","slug":"recension-av-tv-serie-julstormen-den-perfekta-serien-infor-jul","status":"publish","type":"post","link":"https:\/\/kulturbloggen.com\/?p=160878","title":{"rendered":"Recension av tv-serie: Julstormen &#8211; den perfekta serien inf\u00f6r jul"},"content":{"rendered":"<p><img loading=\"lazy\" decoding=\"async\" class=\"aligncenter size-full wp-image-161158\" src=\"https:\/\/kulturbloggen.com\/wp-content\/uploads\/2022\/12\/Julstormen.jpg\" alt=\"\" width=\"650\" height=\"365\" srcset=\"https:\/\/kulturbloggen.com\/wp-content\/uploads\/2022\/12\/Julstormen.jpg 650w, https:\/\/kulturbloggen.com\/wp-content\/uploads\/2022\/12\/Julstormen-300x168.jpg 300w\" sizes=\"auto, (max-width: 650px) 100vw, 650px\" \/><\/p>\n<p>Julstormen<br \/>\nBetyg 4<br \/>\nPremi\u00e4r p\u00e5 Netflix 16 december 2022<br \/>\nRegi Per-Olav S\u00f8rensen<br \/>\nManusPer-Olav S\u00f8rensen, Lars Saabye Christensen, Jan Trygve R\u00f8yneland<br \/>\nMedverkande Alexandra Rapaport, Hanna Ard\u00e9hn, Valter Skarsg\u00e5rd, Ibrahim Faal, Dennis Storh\u00f8i, Ida Elise Broch, Jan Gunnar R\u00f8ise, Thea Loch N\u00e6ss, Jon \u00d8igarden, Evelyn Rasmussen Osazuwa, Maibritt Saerens, Sus Wilkins, Ariadna Cabrol, Ravdeep Singh, Carmen Gloria P\u00e9rez, Gard \u00d8yen, Ina<br \/>\nSvenningsdal, Line Verndal, Oscar Jean, Talia Angelica Lorentzen, Mattis Herman Nyquist, Catharina Vu, Iker Pedraza Proskauer, Tiril Wishman Eeg-Henriksen, Edward Schultheiss och Ghita N\u00f8rby mer flera.<\/p>\n<p>En underbar julsaga om m\u00e4nniskor som pl\u00f6tsligt f\u00e5r n\u00e5gra timmar \u00f6ver f\u00f6r att fundera p\u00e5 sig sj\u00e4lva och livet. \u00c5rets kanske b\u00e4sta serie att ta till sig som en ber\u00e4ttelse om julens budskap.<\/p>\n<p>Alla har v\u00e4l n\u00e5gon g\u00e5ng i sitt liv varit med om n\u00e4r n\u00e5got st\u00e5tt still, ett t\u00e5g eller ett flyg eller n\u00e5got som gjort att man blir fast p\u00e5 en plats en dag eller m\u00e5nga timmar. Pl\u00f6tsligt kan det h\u00e4nda att man b\u00f6rjar prata med n\u00e5gon ok\u00e4nd och till och med knyter ett v\u00e4nskapsband. Julstormen handlar om precis det.<\/p>\n<p>Handlingen utspelas i december 2022 p\u00e5 och kring Oslos flygplats, dagen f\u00f6re julafton. En kraftig sn\u00f6storm har satt full fart och inga plan kan lyfta. Alla blir strandsatta. En del \u00e4r p\u00e5 v\u00e4g hem f\u00f6r att fira jul, andra jobbar p\u00e5 flygplatsen, n\u00e5gra \u00e4r p\u00e5 v\u00e4g till aff\u00e4rsm\u00f6ten. Allt blir pausat i avvaktan p\u00e5 att stormen ska bedarra.<\/p>\n<p>En pr\u00e4st springer runt och f\u00f6rs\u00f6ker hitta n\u00e5got s\u00e4tt att vara till nytta. En flicka rymmer d\u00e5 hennes f\u00f6r\u00e4ldrar bara tjafsar och gr\u00e4lar. Jultomten smiter ut och smygr\u00f6ker och tar en snaps. En extrainsatt pilot tvingas sitta och v\u00e4nta i VIP-rummet. En ber\u00f6md pianist p\u00e5 v\u00e4g utf\u00f6r kommer inte in i VIP-rummet. En vovve l\u00e4mnas i en bur f\u00f6r att transporteras till London men ingen verkar fr\u00e5ga efter hunden.<\/p>\n<p>M\u00e5nga m\u00f6ten mellan m\u00e4nniskor, m\u00e5nga \u00f6den som st\u00e4lls p\u00e5 sin spets. Det \u00e4r en varm och m\u00e4nsklig ber\u00e4ttelse om m\u00e4nniskors slumpartade m\u00f6ten. En serie jag tror vi alla kan l\u00e4ra oss n\u00e5got av och som visar p\u00e5 vikten av att n\u00e5gon g\u00e5ng s\u00e4tta sig i lugn och ro och se \u00f6ver sina prioriteringar.<\/p>\n<p>Serien av skapad norska film- och tv-skapare och har en l\u00e5ng rad duktiga norska sk\u00e5despelare men ocks\u00e5 n\u00e5gra bland v\u00e5ra duktiga svenska som Alexandra Rapaport, Hanna Ard\u00e9hn, Valter Skarsg\u00e5rd och Ibrahim Faal.<\/p>\n<p>Vill du komma i julst\u00e4mning? Satsa p\u00e5 Julstormen.<\/p>\n<p><iframe loading=\"lazy\" title=\"YouTube video player\" src=\"https:\/\/www.youtube.com\/embed\/WLVyp55DRA8\" width=\"560\" height=\"315\" frameborder=\"0\" allowfullscreen=\"allowfullscreen\"><\/iframe><\/p>\n","protected":false},"excerpt":{"rendered":"<p>Julstormen Betyg 4 Premi\u00e4r p\u00e5 Netflix 16 december 2022 Regi Per-Olav S\u00f8rensen ManusPer-Olav S\u00f8rensen, Lars Saabye Christensen, Jan Trygve R\u00f8yneland Medverkande Alexandra Rapaport, Hanna Ard\u00e9hn, Valter Skarsg\u00e5rd, Ibrahim Faal, Dennis Storh\u00f8i, Ida Elise Broch, Jan Gunnar R\u00f8ise, Thea Loch N\u00e6ss, Jon \u00d8igarden, Evelyn Rasmussen Osazuwa, Maibritt Saerens, Sus Wilkins, Ariadna Cabrol, Ravdeep Singh, Carmen Gloria [&hellip;]<\/p>\n","protected":false},"author":2,"featured_media":0,"comment_status":"closed","ping_status":"closed","sticky":false,"template":"","format":"standard","meta":{"_genesis_hide_title":false,"_genesis_hide_breadcrumbs":false,"_genesis_hide_singular_image":false,"_genesis_hide_footer_widgets":false,"_genesis_custom_body_class":"","_genesis_custom_post_class":"","_genesis_layout":"","footnotes":""},"categories":[16,13227,20,13624,13597],"tags":[14477,11170],"class_list":{"0":"post-160878","1":"post","2":"type-post","3":"status-publish","4":"format-standard","6":"category-recension","7":"category-tv-serier","8":"category-film","9":"category-toppnytt","10":"category-tv","11":"tag-julstormen","12":"tag-netflix","13":"entry"},"_links":{"self":[{"href":"https:\/\/kulturbloggen.com\/index.php?rest_route=\/wp\/v2\/posts\/160878","targetHints":{"allow":["GET"]}}],"collection":[{"href":"https:\/\/kulturbloggen.com\/index.php?rest_route=\/wp\/v2\/posts"}],"about":[{"href":"https:\/\/kulturbloggen.com\/index.php?rest_route=\/wp\/v2\/types\/post"}],"author":[{"embeddable":true,"href":"https:\/\/kulturbloggen.com\/index.php?rest_route=\/wp\/v2\/users\/2"}],"replies":[{"embeddable":true,"href":"https:\/\/kulturbloggen.com\/index.php?rest_route=%2Fwp%2Fv2%2Fcomments&post=160878"}],"version-history":[{"count":19,"href":"https:\/\/kulturbloggen.com\/index.php?rest_route=\/wp\/v2\/posts\/160878\/revisions"}],"predecessor-version":[{"id":161166,"href":"https:\/\/kulturbloggen.com\/index.php?rest_route=\/wp\/v2\/posts\/160878\/revisions\/161166"}],"wp:attachment":[{"href":"https:\/\/kulturbloggen.com\/index.php?rest_route=%2Fwp%2Fv2%2Fmedia&parent=160878"}],"wp:term":[{"taxonomy":"category","embeddable":true,"href":"https:\/\/kulturbloggen.com\/index.php?rest_route=%2Fwp%2Fv2%2Fcategories&post=160878"},{"taxonomy":"post_tag","embeddable":true,"href":"https:\/\/kulturbloggen.com\/index.php?rest_route=%2Fwp%2Fv2%2Ftags&post=160878"}],"curies":[{"name":"wp","href":"https:\/\/api.w.org\/{rel}","templated":true}]}}