{"id":160555,"date":"2022-11-25T08:47:57","date_gmt":"2022-11-25T06:47:57","guid":{"rendered":"https:\/\/kulturbloggen.com\/?p=160555"},"modified":"2022-11-25T08:47:58","modified_gmt":"2022-11-25T06:47:58","slug":"ruben-ostlund-ny-hedersordforande-pa-goteborg-film-festival","status":"publish","type":"post","link":"https:\/\/kulturbloggen.com\/?p=160555","title":{"rendered":"Ruben \u00d6stlund ny hedersordf\u00f6rande p\u00e5 G\u00f6teborg Film Festival"},"content":{"rendered":"<p><img loading=\"lazy\" decoding=\"async\" class=\"aligncenter size-full wp-image-160561\" src=\"https:\/\/kulturbloggen.com\/wp-content\/uploads\/2022\/11\/unnamed-13.jpg\" alt=\"\" width=\"650\" height=\"433\" srcset=\"https:\/\/kulturbloggen.com\/wp-content\/uploads\/2022\/11\/unnamed-13.jpg 650w, https:\/\/kulturbloggen.com\/wp-content\/uploads\/2022\/11\/unnamed-13-300x200.jpg 300w\" sizes=\"auto, (max-width: 650px) 100vw, 650px\" \/><\/p>\n<p>Ruben \u00d6stlund blir ny hedersordf\u00f6rande f\u00f6r G\u00f6teborg Film Festival. I rollen kommer \u00d6stlund fungera r\u00e5dgivande \u00e5t festivalens ledning och p\u00e5 olika s\u00e4tt g\u00f6ra konstn\u00e4rligt avtryck i festivalprogrammet \u2013 med start p\u00e5 kommande G\u00f6teborg Film Festival 2023, ber\u00e4ttar ett pressmeddelande:<\/p>\n<p>Redan n\u00e4r Ruben \u00d6stlunds kortdokument\u00e4r L\u00e5t dom andra sk\u00f6ta k\u00e4rleken fick v\u00e4rldspremi\u00e4r p\u00e5 G\u00f6teborg Film Festival 2001 gick det att sk\u00f6nja ett annorlunda, provokativt och sp\u00e4nnande konstn\u00e4rskap. Sedan dess har \u00d6stlund uppn\u00e5tt framg\u00e5ngar och tilldelats utm\u00e4rkelser som ingen svensk filmskapare \u2013 undantaget Ingmar Bergman \u2013 kan j\u00e4mf\u00f6ra sig med. I januari, drygt 20 \u00e5r efter sitt f\u00f6rsta bes\u00f6k, kommer \u00d6stlund att invigningstala p\u00e5 G\u00f6teborg Film Festival i egenskap av festivalens hedersordf\u00f6rande.<\/p>\n<p>\u2013 Med tv\u00e5 guldpalmer och m\u00e4ngder av of\u00f6rgl\u00f6mliga filmbilder i bagaget har g\u00f6teborgaren och den trogne festivalbes\u00f6karen Ruben \u00d6stlund den konstn\u00e4rliga integriteten, intellektuella lekfullheten och internationella lyskraften som g\u00f6r honom till en perfekt hedersordf\u00f6rande f\u00f6r G\u00f6teborg Film Festival. Han \u00e4r en bildkritisk sociolog, en passionerad bildskapare och en charmerande retsticka. Det kommer bli b\u00e5de lustfyllt och utmanande f\u00f6r oss att s\u00f6ka efter framtidens filmfestival tillsammans med honom, s\u00e4ger Jonas Holmberg, konstn\u00e4rlig ledare, G\u00f6teborg Film Festival.<\/p>\n<p>\u2013 Efter ett m\u00f6te med festivalen k\u00e4ndes det l\u00e4tt och lustfyllt att tacka ja till den blytunga posten. Vi delar visionen f\u00f6r en vitalare biografkultur utan nostalgiska bak\u00e5tblickar. Det \u00e4r ett arbete p\u00e5 m\u00e5nga plan men jag kan avsl\u00f6ja att de f\u00f6rsta som skall f\u00e5 sig en uppstr\u00e4ckning \u00e4r biopubliken. De m\u00e5ste l\u00e4ra sig skillnaden mellan dopaminscrollandet p\u00e5 individuella sk\u00e4rmar och att delta i en f\u00f6rest\u00e4llning, s\u00e4ger Ruben \u00d6stlund.<\/p>\n<p>I hedersordf\u00f6randens uppdrag ligger att fungera r\u00e5dgivande \u00e5t festivalens ledning och styrelse samt att \u00e5rligen g\u00f6ra eget konstn\u00e4rligt avtryck i programmet. Hedersordf\u00f6randen utses av G\u00f6teborg Film Festivals styrelse. Uppdraget omfattar en period av fem \u00e5r, varp\u00e5 det f\u00f6rnyas eller avslutas.<\/p>\n<p><strong>Tidigare hedersordf\u00f6randen p\u00e5 G\u00f6teborg Film Festival:<\/strong><br \/>\nIngmar Bergman (1994-2007)<br \/>\nRoy Andersson (2009-2018)<\/p>\n","protected":false},"excerpt":{"rendered":"<p>Ruben \u00d6stlund blir ny hedersordf\u00f6rande f\u00f6r G\u00f6teborg Film Festival. I rollen kommer \u00d6stlund fungera r\u00e5dgivande \u00e5t festivalens ledning och p\u00e5 olika s\u00e4tt g\u00f6ra konstn\u00e4rligt avtryck i festivalprogrammet \u2013 med start p\u00e5 kommande G\u00f6teborg Film Festival 2023, ber\u00e4ttar ett pressmeddelande: Redan n\u00e4r Ruben \u00d6stlunds kortdokument\u00e4r L\u00e5t dom andra sk\u00f6ta k\u00e4rleken fick v\u00e4rldspremi\u00e4r p\u00e5 G\u00f6teborg Film Festival [&hellip;]<\/p>\n","protected":false},"author":13,"featured_media":0,"comment_status":"closed","ping_status":"closed","sticky":false,"template":"","format":"standard","meta":{"_genesis_hide_title":false,"_genesis_hide_breadcrumbs":false,"_genesis_hide_singular_image":false,"_genesis_hide_footer_widgets":false,"_genesis_custom_body_class":"","_genesis_custom_post_class":"","_genesis_layout":"","footnotes":""},"categories":[50,20,13624],"tags":[7054,14397],"class_list":{"0":"post-160555","1":"post","2":"type-post","3":"status-publish","4":"format-standard","6":"category-filmfilm","7":"category-film","8":"category-toppnytt","9":"tag-goteborgs-filmfestival","10":"tag-ruben-ostlund-2","11":"entry"},"_links":{"self":[{"href":"https:\/\/kulturbloggen.com\/index.php?rest_route=\/wp\/v2\/posts\/160555","targetHints":{"allow":["GET"]}}],"collection":[{"href":"https:\/\/kulturbloggen.com\/index.php?rest_route=\/wp\/v2\/posts"}],"about":[{"href":"https:\/\/kulturbloggen.com\/index.php?rest_route=\/wp\/v2\/types\/post"}],"author":[{"embeddable":true,"href":"https:\/\/kulturbloggen.com\/index.php?rest_route=\/wp\/v2\/users\/13"}],"replies":[{"embeddable":true,"href":"https:\/\/kulturbloggen.com\/index.php?rest_route=%2Fwp%2Fv2%2Fcomments&post=160555"}],"version-history":[{"count":5,"href":"https:\/\/kulturbloggen.com\/index.php?rest_route=\/wp\/v2\/posts\/160555\/revisions"}],"predecessor-version":[{"id":160562,"href":"https:\/\/kulturbloggen.com\/index.php?rest_route=\/wp\/v2\/posts\/160555\/revisions\/160562"}],"wp:attachment":[{"href":"https:\/\/kulturbloggen.com\/index.php?rest_route=%2Fwp%2Fv2%2Fmedia&parent=160555"}],"wp:term":[{"taxonomy":"category","embeddable":true,"href":"https:\/\/kulturbloggen.com\/index.php?rest_route=%2Fwp%2Fv2%2Fcategories&post=160555"},{"taxonomy":"post_tag","embeddable":true,"href":"https:\/\/kulturbloggen.com\/index.php?rest_route=%2Fwp%2Fv2%2Ftags&post=160555"}],"curies":[{"name":"wp","href":"https:\/\/api.w.org\/{rel}","templated":true}]}}